{"id":69057,"date":"2023-11-02T03:24:50","date_gmt":"2023-11-02T03:24:50","guid":{"rendered":"https:\/\/www.ole.com.ar\/ecuador\/liga-pro\/luis-zubeldia-liga-quito-universidad-catolica-ligapro_0_MUOsFJhk18.html"},"modified":"2023-11-02T03:24:50","modified_gmt":"2023-11-02T03:24:50","slug":"luis-zubeldia-hoy-era-un-dia-festivo-pero-de-mucha-responsabilidad","status":"publish","type":"post","link":"http:\/\/hoycordobaweb.com\/index.php\/2023\/11\/02\/luis-zubeldia-hoy-era-un-dia-festivo-pero-de-mucha-responsabilidad\/","title":{"rendered":"Luis Zubeld\u00eda: \u00abHoy era un dia festivo, pero de mucha responsabilidad\u00bb"},"content":{"rendered":"<p><img src=\"http:\/\/hoycordobaweb.com\/wp-content\/uploads\/2023\/11\/luis-zubeldia-hoy-era-un-dia-festivo-pero-de-mucha-responsabilidad.jpg\"><\/p>\n<p><time class=\"createDate\" datetime=\"2023-11-02T00:24:50-03:00\">02\/11\/2023 00:24hs.<\/time><time class=\"modificatedDate\" datetime=\"2023-11-02T00:24:50-03:00\"><\/time><\/p>\n<div id=\"storyBody\">\n<div class=\"custom-text \" readability=\"38\">\n<p><strong>Luis Zubeld\u00eda, entrenador de Liga de Quito, destac\u00f3 la labor de su equipo en el triunfo 1-0 ante Universidad Cat\u00f3lica<\/strong>. El argentino resalt\u00f3 la energ\u00eda de los futbolistas que puso en cancha, especialmente de los que no ven\u00edan jugando (ocho en total) y afirm\u00f3 que esa fue la base para el triunfo.<\/p>\n<\/div>\n<div class=\"custom-text \" readability=\"37\">\n<p>\u00abM\u00e1s all\u00e1 de los nombres hoy encaramos con toda la energ\u00eda el partido de LigaPro. <strong>La experiencia me ha ense\u00f1ado que hay que encarar los partidos con mucha energ\u00eda porque estamos ante un f\u00fatbol muy parejo donde todos los equipos buscan sacar provecho de ciertas situaciones<\/strong>. Hoy era un dia festivo, pero de mucha responsabilidad porque vinieron 30 mil personas y hab\u00eda que darles el triunfo m\u00e1s all\u00e1 de la alegria del otro d\u00eda\u00bb, asegur\u00f3 Zubeld\u00eda. <\/p>\n<\/div>\n<div class=\"custom-text \" readability=\"44\">\n<p>\u00ab<strong>Si no se ten\u00eda energ\u00eda y est\u00e1bamos l\u00facidos no \u00edbamos a sacar el partido porque Cat\u00f3lica juega bien<\/strong>, se arm\u00f3 para clasificar a la Libertadores, tiene buenos jugadores, tiene jugadores de selecci\u00f3n, es un rival muy duro, entre la paridad que hubo lo ganamos bien. Los que no ven\u00edan jugando lo hicieron bien, y los que no jugaban practicamente nunca, como (Jefferson) Valverde, tambi\u00e9n lo hizo bien\u00bb, complement\u00f3. <\/p>\n<\/div>\n<div class=\"custom-text \" readability=\"34\">\n<p><strong>El DT albo explic\u00f3 que en la segunda parte el encuentro se \u00abrompi\u00f3\u00bb y se volvi\u00f3 de ida y vuelta por los cambios que se hicieron<\/strong>. Destac\u00f3 la labor de los dos porteros y revel\u00f3 cu\u00e1l fue la clave para salir ellos como los vencedores. <\/p>\n<\/div>\n<div class=\"custom-text \" readability=\"36\">\n<p>\u00ab<strong>Con los dos nueves yo tuve la sensaci\u00f3n que si dejaban un espacio pod\u00edamos ser m\u00e1s contundentes dentro del \u00e1rea<\/strong>. Dentro de un partido parejo, por l\u00f3gica y lo que hizo el equipo nosotros merec\u00edamos un poco m\u00e1s\u00bb, se\u00f1al\u00f3. <\/p>\n<\/div>\n<div class=\"sc-a7166897-0 exHLBh\" readability=\"6\">\n<section readability=\"2\"><picture><img alt=\"Posiciones de la LigaPro: Barcelona puntero de la Fase 2 y se le acerc\u00f3 Liga\" src=\"http:\/\/hoycordobaweb.com\/wp-content\/uploads\/2023\/11\/luis-zubeldia-hoy-era-un-dia-festivo-pero-de-mucha-responsabilidad-2.jpg\" width=\"290\" height=\"290\" decoding=\"async\" data-nimg=\"future\" loading=\"lazy\"><\/picture>\n<p><span>Mir\u00e1 tambi\u00e9n<\/span><\/p>\n<hr>\n<h3>Posiciones de la LigaPro: Barcelona puntero de la Fase 2 y se le acerc\u00f3 Liga<\/h3>\n<\/p>\n<\/section>\n<\/div>\n<div class=\"sc-a7166897-0 exHLBh\" readability=\"6\">\n<section readability=\"2\"><picture><img alt=\"Liga de Quito gan\u00f3 y presiona a Barcelona\" src=\"http:\/\/hoycordobaweb.com\/wp-content\/uploads\/2023\/11\/luis-zubeldia-hoy-era-un-dia-festivo-pero-de-mucha-responsabilidad-3.jpg\" width=\"290\" height=\"290\" decoding=\"async\" data-nimg=\"future\" loading=\"lazy\"><\/picture>\n<p><span>Mir\u00e1 tambi\u00e9n<\/span><\/p>\n<hr>\n<h3>Liga de Quito gan\u00f3 y presiona a Barcelona<\/h3>\n<\/p>\n<\/section>\n<\/div>\n<div class=\"sc-a7166897-0 exHLBh\" readability=\"6\">\n<section readability=\"2\"><picture><img alt=\"Fiesta total: las mejores im\u00e1genes de la celebraci\u00f3n de Liga en el Paz Delgado\" src=\"http:\/\/hoycordobaweb.com\/wp-content\/uploads\/2023\/11\/luis-zubeldia-hoy-era-un-dia-festivo-pero-de-mucha-responsabilidad-4.jpg\" width=\"290\" height=\"290\" decoding=\"async\" data-nimg=\"future\" loading=\"lazy\"><\/picture>\n<p><span>Mir\u00e1 tambi\u00e9n<\/span><\/p>\n<hr>\n<h3>Fiesta total: las mejores im\u00e1genes de la celebraci\u00f3n de Liga en el Paz Delgado<\/h3>\n<\/p>\n<\/section>\n<\/div>\n<div class=\"sc-a7166897-0 exHLBh\" readability=\"6\">\n<section readability=\"2\"><picture><img alt=\"El primero de cuatro: el ajustado calendario de Liga en el inicio de noviembre\" src=\"http:\/\/hoycordobaweb.com\/wp-content\/uploads\/2023\/11\/luis-zubeldia-hoy-era-un-dia-festivo-pero-de-mucha-responsabilidad-5.jpg\" width=\"290\" height=\"290\" decoding=\"async\" data-nimg=\"future\" loading=\"lazy\"><\/picture>\n<p><span>Mir\u00e1 tambi\u00e9n<\/span><\/p>\n<hr>\n<h3>El primero de cuatro: el ajustado calendario de Liga en el inicio de noviembre<\/h3>\n<\/p>\n<\/section>\n<\/div>\n<div class=\"sc-a7166897-0 exHLBh\" readability=\"6.5\">\n<section readability=\"3\"><picture><img alt=\"Enner Valencia convirti\u00f3, pero Inter sum\u00f3 segundo partido sin ganar\" src=\"http:\/\/hoycordobaweb.com\/wp-content\/uploads\/2023\/11\/luis-zubeldia-hoy-era-un-dia-festivo-pero-de-mucha-responsabilidad-6.jpg\" width=\"290\" height=\"290\" decoding=\"async\" data-nimg=\"future\" loading=\"lazy\"><\/picture>\n<p><span>Mir\u00e1 tambi\u00e9n<\/span><\/p>\n<hr>\n<h3>Enner Valencia convirti\u00f3, pero Inter sum\u00f3 segundo partido sin ganar<\/h3>\n<\/p>\n<\/section>\n<\/div>\n<div class=\"sc-a7166897-0 exHLBh\" readability=\"6\">\n<section readability=\"2\"><picture><img alt=\"Jos\u00e9 Cifuentes ingres\u00f3 desde la banca en goleada de Rangers\" src=\"http:\/\/hoycordobaweb.com\/wp-content\/uploads\/2023\/11\/luis-zubeldia-hoy-era-un-dia-festivo-pero-de-mucha-responsabilidad-7.jpg\" width=\"290\" height=\"290\" decoding=\"async\" data-nimg=\"future\" loading=\"lazy\"><\/picture>\n<p><span>Mir\u00e1 tambi\u00e9n<\/span><\/p>\n<hr>\n<h3>Jos\u00e9 Cifuentes ingres\u00f3 desde la banca en goleada de Rangers<\/h3>\n<\/p>\n<\/section>\n<\/div>\n<\/div>\n","protected":false},"excerpt":{"rendered":"<p>02\/11\/2023 00:24hs. Luis Zubeld\u00eda, entrenador de Liga de Quito, destac\u00f3 la labor de su equipo en el triunfo 1-0 ante Universidad Cat\u00f3lica. El argentino resalt\u00f3 la energ\u00eda de los futbolistas que puso en cancha, especialmente de los que no ven\u00edan jugando (ocho en total) y afirm\u00f3 que esa fue la base para el triunfo. \u00abM\u00e1s [&hellip;]<\/p>\n","protected":false},"author":1,"featured_media":69058,"comment_status":"open","ping_status":"closed","sticky":false,"template":"","format":"standard","meta":[],"categories":[16],"tags":[],"_links":{"self":[{"href":"http:\/\/hoycordobaweb.com\/index.php\/wp-json\/wp\/v2\/posts\/69057"}],"collection":[{"href":"http:\/\/hoycordobaweb.com\/index.php\/wp-json\/wp\/v2\/posts"}],"about":[{"href":"http:\/\/hoycordobaweb.com\/index.php\/wp-json\/wp\/v2\/types\/post"}],"author":[{"embeddable":true,"href":"http:\/\/hoycordobaweb.com\/index.php\/wp-json\/wp\/v2\/users\/1"}],"replies":[{"embeddable":true,"href":"http:\/\/hoycordobaweb.com\/index.php\/wp-json\/wp\/v2\/comments?post=69057"}],"version-history":[{"count":0,"href":"http:\/\/hoycordobaweb.com\/index.php\/wp-json\/wp\/v2\/posts\/69057\/revisions"}],"wp:featuredmedia":[{"embeddable":true,"href":"http:\/\/hoycordobaweb.com\/index.php\/wp-json\/wp\/v2\/media\/69058"}],"wp:attachment":[{"href":"http:\/\/hoycordobaweb.com\/index.php\/wp-json\/wp\/v2\/media?parent=69057"}],"wp:term":[{"taxonomy":"category","embeddable":true,"href":"http:\/\/hoycordobaweb.com\/index.php\/wp-json\/wp\/v2\/categories?post=69057"},{"taxonomy":"post_tag","embeddable":true,"href":"http:\/\/hoycordobaweb.com\/index.php\/wp-json\/wp\/v2\/tags?post=69057"}],"curies":[{"name":"wp","href":"https:\/\/api.w.org\/{rel}","templated":true}]}}