{"id":69044,"date":"2023-10-30T09:39:00","date_gmt":"2023-10-30T09:39:00","guid":{"rendered":"https:\/\/fm-comunicar.com.ar\/contenido\/20859\/jesus-maria-mas-de-350-personas-de-toda-la-provincia-participaron-de-la-maraton-"},"modified":"2023-10-30T09:39:00","modified_gmt":"2023-10-30T09:39:00","slug":"jesus-maria-mas-de-350-personas-de-toda-la-provincia-participaron-de-la-maraton-luchamos-con-vos","status":"publish","type":"post","link":"http:\/\/hoycordobaweb.com\/index.php\/2023\/10\/30\/jesus-maria-mas-de-350-personas-de-toda-la-provincia-participaron-de-la-maraton-luchamos-con-vos\/","title":{"rendered":"Jes\u00fas Mar\u00eda: m\u00e1s de 350 personas de toda la provincia participaron de la Marat\u00f3n \u00abLuchamos con vos\u00bb"},"content":{"rendered":"<p>Grandes y chicos se sumaron al desaf\u00edo de correr, caminar y trotar por la ciudad para concientizar sobre el c\u00e1ncer de mama. Conoce a los flamantes ganadores.<img src=\"http:\/\/hoycordobaweb.com\/wp-content\/uploads\/2023\/11\/jesus-maria-mas-de-350-personas-de-toda-la-provincia-participaron-de-la-maraton-luchamos-con-vos.jpg\"><\/p>\n","protected":false},"excerpt":{"rendered":"<p>Grandes y chicos se sumaron al desaf\u00edo de correr, caminar y trotar por la ciudad para concientizar sobre el c\u00e1ncer de mama. Conoce a los flamantes ganadores.<\/p>\n","protected":false},"author":1,"featured_media":69045,"comment_status":"closed","ping_status":"closed","sticky":false,"template":"","format":"standard","meta":[],"categories":[18],"tags":[],"_links":{"self":[{"href":"http:\/\/hoycordobaweb.com\/index.php\/wp-json\/wp\/v2\/posts\/69044"}],"collection":[{"href":"http:\/\/hoycordobaweb.com\/index.php\/wp-json\/wp\/v2\/posts"}],"about":[{"href":"http:\/\/hoycordobaweb.com\/index.php\/wp-json\/wp\/v2\/types\/post"}],"author":[{"embeddable":true,"href":"http:\/\/hoycordobaweb.com\/index.php\/wp-json\/wp\/v2\/users\/1"}],"replies":[{"embeddable":true,"href":"http:\/\/hoycordobaweb.com\/index.php\/wp-json\/wp\/v2\/comments?post=69044"}],"version-history":[{"count":0,"href":"http:\/\/hoycordobaweb.com\/index.php\/wp-json\/wp\/v2\/posts\/69044\/revisions"}],"wp:featuredmedia":[{"embeddable":true,"href":"http:\/\/hoycordobaweb.com\/index.php\/wp-json\/wp\/v2\/media\/69045"}],"wp:attachment":[{"href":"http:\/\/hoycordobaweb.com\/index.php\/wp-json\/wp\/v2\/media?parent=69044"}],"wp:term":[{"taxonomy":"category","embeddable":true,"href":"http:\/\/hoycordobaweb.com\/index.php\/wp-json\/wp\/v2\/categories?post=69044"},{"taxonomy":"post_tag","embeddable":true,"href":"http:\/\/hoycordobaweb.com\/index.php\/wp-json\/wp\/v2\/tags?post=69044"}],"curies":[{"name":"wp","href":"https:\/\/api.w.org\/{rel}","templated":true}]}}