{"id":69000,"date":"2023-10-31T19:33:58","date_gmt":"2023-10-31T19:33:58","guid":{"rendered":"https:\/\/ladecimaweb.com\/?p=21541"},"modified":"2023-10-31T19:33:58","modified_gmt":"2023-10-31T19:33:58","slug":"el-voto-en-las-carceles-7-de-10-presos-voto-por-massa","status":"publish","type":"post","link":"http:\/\/hoycordobaweb.com\/index.php\/2023\/10\/31\/el-voto-en-las-carceles-7-de-10-presos-voto-por-massa\/","title":{"rendered":"El voto en las c\u00e1rceles: 7 de 10 presos vot\u00f3 por Massa"},"content":{"rendered":"<div class=\"boldgrid-section\">\n<div class=\"container\">\n<div class=\"row\">\n<div class=\"col-md-12 col-xs-12 col-sm-12\">\n<p class=\"\"><strong>(NA) Sergio Massa fue el candidato ganador en las c\u00e1rceles en las<span>&nbsp;<\/span><a href=\"https:\/\/noticiasargentinas.com\/politica\/massa-o-milei-mucho-mas-que-un-balotaje-presidencial\" target=\"_blank\" rel=\"noopener noreferrer\">Elecciones 2023<span>&nbsp;<\/span><\/a>con el 71,87 por ciento de los votos<\/strong>. El segundo fue<span>&nbsp;<\/span><strong>Javier Milei<\/strong><span>&nbsp;<\/span>con el&nbsp;15,49 por ciento, mientras que<span>&nbsp;<\/span><strong>Patricia Bullrich<\/strong><span>&nbsp;<\/span>obtuvo solo el&nbsp;5,23 por ciento.<\/p>\n<p class=\"\">Este resultado fue informado por la C\u00e1mara Nacional Electoral tras el&nbsp;<strong>escrutinio final y definitivo<\/strong>. En esta ocasi\u00f3n votaron<span>&nbsp;<\/span><strong>25.526 detenidos<\/strong>, es decir el<span>&nbsp;<\/span><strong>36,71 por ciento del padr\u00f3n.&nbsp;<\/strong><\/p>\n<p>El resultado obtenido fue similar al de las PASO 2023, con la \u00fanica diferencia que en aquella oportunidad votaron<span>&nbsp;<\/span><strong>22.613 presos.<\/strong><\/p>\n<p class=\"\">En este sentido, la CNE indic\u00f3 que<span>&nbsp;<\/span><strong>Uni\u00f3n por la Patria obtuvo&nbsp;17.268 votos<\/strong>,<span>&nbsp;<\/span><strong>La Libertad Avanza 3.722 y Juntos por el Cambio 1.257<\/strong>. El cuarto lugar lo ocup\u00f3 Juan Schiaretti, mientras que el voto en blanco tuvo&nbsp;965 sufragios.<\/p>\n<p>En las \u00fanicas dos provincias donde no gan\u00f3 fue en<span>&nbsp;<\/span><strong>C\u00f3rdoba<\/strong><span>&nbsp;<\/span>y en<span>&nbsp;<\/span><strong>San<\/strong><span>&nbsp;<\/span><strong>Luis<\/strong>. En la primera jurisdicci\u00f3n triunf\u00f3 Schiaretti y en la segunda Milei.<\/p>\n<p>Los presos tiene permitido votar desde<span>&nbsp;<\/span><strong>2007<\/strong><span>&nbsp;<\/span>ya que la CNE&nbsp;y el C\u00f3digo Penal permitieron que los recluidos se incluyan en las elecciones. Lo curioso que tienen, a diferencia del sufragio general, es que&nbsp;en las<strong><span>&nbsp;<\/span>c\u00e1rceles y en institutos de menores se vota con boleta \u00fanica de papel<\/strong>.&nbsp;<\/p>\n<p>Adem\u00e1s, solo acceden a la urna aquellos presos que<span>&nbsp;<\/span><strong>no tengan condena firme<\/strong>, pauta que es revisada por la C\u00e1mara Electoral a trav\u00e9s del&nbsp;\u201c<strong>Registro de Electores Privados de Libertad\u201d.&nbsp;<\/strong><\/p>\n<p class=\"\">Para el 19 de noviembre, cuando se lleve a cabo el balotaje entre Milei y Massa, los presos tendr\u00e1n una nueva oportunidad de sufragar. En esa ocasi\u00f3n, al haber solo dos candidatos, los recluidos no ser\u00e1n diferenciados por distrito \u201cen virtud de que<span>&nbsp;<\/span><strong>el escrutinio de dichos votos se realizar\u00e1 de modo centralizado por el Tribunal<\/strong><span>&nbsp;<\/span>y ser\u00e1 comunicado directamente a la Asamblea Legislativa a los efectos previstos por los art\u00edculos 122 y 151 del C\u00f3digo Electoral Nacional\u201d.<\/p>\n<p class=\"\">&nbsp;<\/p>\n<div class=\"ubm_banner\"><a href=\"http:\/\/www.cba.gov.ar\/prevencion-incendios\" target=\"_blank\" rel=\"dofollow noopener noreferrer\"><img src=\"http:\/\/hoycordobaweb.com\/wp-content\/uploads\/2023\/11\/el-voto-en-las-carceles-7-de-10-presos-voto-por-massa.gif\" alt=\"\"><\/a><\/div>\n<\/div>\n<\/div>\n<\/div>\n<\/div>\n<p>La entrada <a rel=\"nofollow\" href=\"https:\/\/ladecimaweb.com\/el-voto-en-las-carceles-7-de-10-presos-voto-por-massa\/\">El voto en las c\u00e1rceles: 7 de 10 presos vot\u00f3 por Massa<\/a> se public\u00f3 primero en <a rel=\"nofollow\" href=\"https:\/\/ladecimaweb.com\">LaDecima<\/a>.<\/p>\n","protected":false},"excerpt":{"rendered":"<p>(NA) Sergio Massa fue el candidato ganador en las c\u00e1rceles en las&nbsp;Elecciones 2023&nbsp;con el 71,87 por ciento de los votos. El segundo fue&nbsp;Javier Milei&nbsp;con el&nbsp;15,49 por ciento, mientras que&nbsp;Patricia Bullrich&nbsp;obtuvo solo el&nbsp;5,23 por ciento. Este resultado fue informado por la C\u00e1mara Nacional Electoral tras el&nbsp;escrutinio final y definitivo. En esta ocasi\u00f3n votaron&nbsp;25.526 detenidos, es decir [&hellip;]<\/p>\n","protected":false},"author":1,"featured_media":69001,"comment_status":"closed","ping_status":"closed","sticky":false,"template":"","format":"standard","meta":[],"categories":[19],"tags":[],"_links":{"self":[{"href":"http:\/\/hoycordobaweb.com\/index.php\/wp-json\/wp\/v2\/posts\/69000"}],"collection":[{"href":"http:\/\/hoycordobaweb.com\/index.php\/wp-json\/wp\/v2\/posts"}],"about":[{"href":"http:\/\/hoycordobaweb.com\/index.php\/wp-json\/wp\/v2\/types\/post"}],"author":[{"embeddable":true,"href":"http:\/\/hoycordobaweb.com\/index.php\/wp-json\/wp\/v2\/users\/1"}],"replies":[{"embeddable":true,"href":"http:\/\/hoycordobaweb.com\/index.php\/wp-json\/wp\/v2\/comments?post=69000"}],"version-history":[{"count":0,"href":"http:\/\/hoycordobaweb.com\/index.php\/wp-json\/wp\/v2\/posts\/69000\/revisions"}],"wp:featuredmedia":[{"embeddable":true,"href":"http:\/\/hoycordobaweb.com\/index.php\/wp-json\/wp\/v2\/media\/69001"}],"wp:attachment":[{"href":"http:\/\/hoycordobaweb.com\/index.php\/wp-json\/wp\/v2\/media?parent=69000"}],"wp:term":[{"taxonomy":"category","embeddable":true,"href":"http:\/\/hoycordobaweb.com\/index.php\/wp-json\/wp\/v2\/categories?post=69000"},{"taxonomy":"post_tag","embeddable":true,"href":"http:\/\/hoycordobaweb.com\/index.php\/wp-json\/wp\/v2\/tags?post=69000"}],"curies":[{"name":"wp","href":"https:\/\/api.w.org\/{rel}","templated":true}]}}