{"id":68971,"date":"2023-10-30T13:06:08","date_gmt":"2023-10-30T13:06:08","guid":{"rendered":"https:\/\/www.mujerhoy.com\/moda\/no-te-pierdas\/telma-ortiz-botas-negras-militares-copia-reina-letizia-estilo-20231030125238-nt.html"},"modified":"2023-10-30T13:06:08","modified_gmt":"2023-10-30T13:06:08","slug":"telma-ortiz-tambien-tiene-las-botas-negras-de-estilo-militar-que-usa-la-reina-letizia","status":"publish","type":"post","link":"http:\/\/hoycordobaweb.com\/index.php\/2023\/10\/30\/telma-ortiz-tambien-tiene-las-botas-negras-de-estilo-militar-que-usa-la-reina-letizia\/","title":{"rendered":"Telma Ortiz tambi\u00e9n tiene las botas negras de estilo militar que usa la reina Letizia"},"content":{"rendered":"<p><!-- AUTHOR --> <\/p>\n<div class=\"voc-author-timesocial \"> <!-- AUTHOR --> <\/p>\n<div class=\"voc-author-timesocial__signature\"> <!-- IMAGE AUTHOR --> <picture class=\"voc-image-signature\"> <img class=\"voc-image-signature__img\" src=\"http:\/\/hoycordobaweb.com\/wp-content\/uploads\/2023\/10\/telma-ortiz-tambien-tiene-las-botas-negras-de-estilo-militar-que-usa-la-reina-letizia.jpg\" alt=\"Raquel Rodr\u00edguez\"> <\/picture> <!-- INFO AUTHOR --> <\/div><\/div>\n<p> <!-- COMPONENTS --> <\/p>\n<p class=\"voc-paragraph\"><a data-voc-vtm-id=\"in-text-traffic\" href=\"https:\/\/www.mujerhoy.com\/celebrities\/realeza\/telma-ortiz-cumple-50-anos-hermana-antipatica-reina-letizia-polemica-novios-prensa-20231024124421-nt.html\" title=\"www.mujerhoy.com\">Acaba de cumplir 50 a\u00f1os <\/a>y la hermana de <strong>la reina Letizia<\/strong> ha vuelto a ser noticia. Y es que, <strong>Telma Ortiz<\/strong> era fotografiada en el d\u00eda de su cumplea\u00f1os paseando por las calles de Madrid, momento en el que era abordada por algunos medios de comunicaci\u00f3n que intentaron sacarle unas palabras sobre <a data-voc-vtm-id=\"in-text-traffic\" href=\"https:\/\/www.mujerhoy.com\/celebrities\/realeza\/asi-sera-princesa-leonor-juramento-constitucion-congreso-letrado-cortes-20231030072935-nt.html\" title=\"www.mujerhoy.com\">la jura de la Constituci\u00f3n de la princesa Leonor<\/a>, su sobrina.\n<\/p>\n<p class=\"voc-paragraph\">Y aunque la hermana de la monarca quiso pasar desapercibida, su look tambi\u00f1en ha sido de lo m\u00e1s ecomentado en este encuentro con la prensa. Y es que, una vez m\u00e1s, demostr\u00f3 que <a data-voc-vtm-id=\"in-text-traffic\" href=\"https:\/\/www.mujerhoy.com\/moda\/no-te-pierdas\/telma-ortiz-hermana-reina-letizia-ropa-lujo-prestada-20230929124139-nt.html\" title=\"www.mujerhoy.com\">comparte armario con la reina Letizia<\/a> y tambi\u00e9n estilo al lucir una <strong>botas <\/strong>muy similares a las que tiene su hermana.\n<\/p>\n<p class=\"voc-paragraph\">Manteniendo silencio absoluto a las preguntas de la prensa, pero con una sonrirsa, Telma Ortiz consigui\u00f3 salir airosa de todas esas cuestiones inc\u00f3modas que le hicieron. No dijo nada sobre su cumplea\u00f1os, aunque s\u00ed aclar\u00f3 que la reina Letizia le hab\u00eda felicitado, y no se pronunci\u00f3 sobre c\u00f3mo va a ser el hecho hist\u00f3rico que Leonor vivir\u00e1 ma\u00f1ana.\n<\/p>\n<p class=\"voc-paragraph\">Eso s\u00ed, ante tanta insistencia por parte de la periodista, acab\u00f3 por asentir a la pregunta de <strong>si estaba orgullosa<\/strong> por lo que estaba consiguiendo su sobrina. Algo evidente. Se mostr\u00f3 respetuosa y aguant\u00f3 el tipo hasta llegar al p\u00e1rking donde ten\u00eda su coche.\n<\/p>\n<p class=\"voc-paragraph\">Y, \u00bfqu\u00e9 look luc\u00eda Telma? Pues una opci\u00f3n bastante <strong>casual e informal <\/strong>que poco tiene que ver con el estilo royal de su hermana. Llevaba una combinaci\u00f3n de b\u00e1sicos formada por unos pantalones pitillo, un chaleco acolchado y un abrigo de ante por encima.\n<\/p>\n<div class=\"voc-detail-photo-zoom\"> <picture data-toggle=\"modal\" data-target=\"#photoZoomModal-268\" target=\"modal\">\n<div class=\"voc-img-icon-link\"> <img loading=\"lazy\" data-original=\"\/\/static2.mujerhoy.com\/www\/multimedia\/202310\/30\/media\/cortadas\/telma-ortiz-botas-negras-k2HI--650x900@MujerHoy.jpg\" class=\"lazy adsviu_analyse\" alt=\"Telma Ortiz con botas negras. \/ GTRES\"> <noscript> <img src=\"http:\/\/hoycordobaweb.com\/wp-content\/uploads\/2023\/10\/telma-ortiz-tambien-tiene-las-botas-negras-de-estilo-militar-que-usa-la-reina-letizia.webp\" alt=\"Telma Ortiz con botas negras. \/ GTRES\"> <\/noscript> <i class=\"voc-icons zoom voc-multimedia-box voc-ico-l\"><\/i> <\/div><figcaption class=\"figure-caption\">Telma Ortiz con botas negras. \/ GTRES<\/figcaption><\/picture>\n<\/div>\n<div id=\"photoZoomModal-268\" class=\"voc-lightbox modal fade voc-lightbox--photo-zoom\" role=\"dialog\" data-voc-photozoom-lightbox>\n<div class=\"voc-lightbox__dialog\" role=\"document\">\n<div class=\"voc-lightbox__content\"> <!-- Modal header --> <!-- Modal content --> <\/p>\n<div class=\"voc-lightbox__photo-container\"> <picture class> <img loading=\"lazy\" data-original=\"\/\/static2.mujerhoy.com\/www\/multimedia\/202310\/30\/media\/cortadas\/telma-ortiz-botas-negras-k2HI--650x900@MujerHoy.jpg\" alt=\"Telma Ortiz con botas negras. \/ GTRES\" class=\"lazy\"> <noscript> <img src=\"http:\/\/hoycordobaweb.com\/wp-content\/uploads\/2023\/10\/telma-ortiz-tambien-tiene-las-botas-negras-de-estilo-militar-que-usa-la-reina-letizia.webp\" alt=\"Telma Ortiz con botas negras. \/ GTRES\"> <\/noscript> <\/picture> <\/div><\/div><\/div>\n<\/div>\n<p class=\"voc-paragraph\">Todo en tonos grises muy neutros que contrastaban con su larga melena rubia y que iban acompa\u00f1ados de un bolso negro grande de asa corta y de un<br \/>\n<strong>as botas de estilo militar<\/strong>. Este \u00faltimo era un modelo de cordones de lo m\u00e1s c\u00f3modo que tambi\u00e9n le hemos visto a la reina Letizia.\n<\/p>\n<p class=\"voc-paragraph\">Son pocas las veces que nuestra monarca opta po<br \/>\n<strong>r calzado de este tipo<\/strong>, ya que casi siempre recurre a taconazos. Y cuando se baja de los tacones imposibles, prefiere usar bailarinas o mocasines. Ahora bien, cuanto se quiere proteger del fr\u00edo tambi\u00e9n recurre a las botas.\n<\/p>\n<div class=\"voc-detail-photo-zoom\"> <picture data-toggle=\"modal\" data-target=\"#photoZoomModal-580\" target=\"modal\">\n<div class=\"voc-img-icon-link\"> <img loading=\"lazy\" data-original=\"\/\/static3.mujerhoy.com\/www\/multimedia\/202310\/30\/media\/cortadas\/letizia-botas-negras-k2HI--650x900@MujerHoy.jpg\" class=\"lazy adsviu_analyse\" alt=\"El look de la reina Letizia con botas militares. \/ LIMITED PICTURES\"> <noscript> <img src=\"http:\/\/hoycordobaweb.com\/wp-content\/uploads\/2023\/10\/telma-ortiz-tambien-tiene-las-botas-negras-de-estilo-militar-que-usa-la-reina-letizia-1.webp\" alt=\"El look de la reina Letizia con botas militares. \/ LIMITED PICTURES\"> <\/noscript> <i class=\"voc-icons zoom voc-multimedia-box voc-ico-l\"><\/i> <\/div><figcaption class=\"figure-caption\">El look de la reina Letizia con botas militares. \/ LIMITED PICTURES<\/figcaption><\/picture>\n<\/div>\n<div id=\"photoZoomModal-580\" class=\"voc-lightbox modal fade voc-lightbox--photo-zoom\" role=\"dialog\" data-voc-photozoom-lightbox>\n<div class=\"voc-lightbox__dialog\" role=\"document\">\n<div class=\"voc-lightbox__content\"> <!-- Modal header --> <!-- Modal content --> <\/p>\n<div class=\"voc-lightbox__photo-container\"> <picture class> <img loading=\"lazy\" data-original=\"\/\/static3.mujerhoy.com\/www\/multimedia\/202310\/30\/media\/cortadas\/letizia-botas-negras-k2HI--650x900@MujerHoy.jpg\" alt=\"El look de la reina Letizia con botas militares. \/ LIMITED PICTURES\" class=\"lazy\"> <noscript> <img src=\"http:\/\/hoycordobaweb.com\/wp-content\/uploads\/2023\/10\/telma-ortiz-tambien-tiene-las-botas-negras-de-estilo-militar-que-usa-la-reina-letizia-1.webp\" alt=\"El look de la reina Letizia con botas militares. \/ LIMITED PICTURES\"> <\/noscript> <\/picture> <\/div><\/div><\/div>\n<\/div>\n<p class=\"voc-paragraph\">Y aunque las <i>over the knee<\/i> son sus favoritas, tambi\u00e9n le hemos visto este <strong>estilo militar<\/strong> que ha lucido Telma. De hecho, do\u00f1a Letizia llevaba unas casi id\u00e9ntica en <a data-voc-vtm-id=\"in-text-traffic\" href=\"https:\/\/www.mujerhoy.com\/moda\/no-te-pierdas\/reina-letizia-look-jersey-vaqueros-comodo-entretiempo-pueblo-ejemplar-20231021113944-nt.html\" title=\"www.mujerhoy.com\">la visita al Pueblo Ejemplar <\/a>que hac\u00eda junto al resto de la familia real en la jornada posterior a los Premios Princesa de Asturias.\n<\/p>\n<div class=\"voc-detail__cmp\">\n<div class=\"voc-article-container\">\n<article class=\"voc-article voc-article--cmp-photo-text\">\n<div class=\"voc-img-container\"> <picture>\n<div class=\"voc-horizontal voc-img-icon-link\"> <img class=\"lazy adsviu_analyse\" loading=\"lazy\" data-original=\"\/\/static.mujerhoy.com\/www\/multimedia\/202310\/30\/media\/cortadas\/botas-pikolinos-k2HI--624x624@MujerHoy.jpg\" alt=\"Las botas de Pikolinos.\"> <\/div>\n<\/picture>\n<p class=\"figure-caption \"> Las botas de Pikolinos. <span class=\"voc-photo-author\"> <\/span> <\/p>\n<\/p><\/div>\n<\/article><\/div>\n<\/div>\n<p class=\"voc-paragraph\">\u00bfTe ha gustado la idea? Pues si buscas un modelo similiar que a\u00fane calidad, comodidad y diseo, te recomendamos que fiches este dise\u00f1o de <strong>Pikolinos<\/strong>. Son del estilo de las de Telma y de las de Letizia, est\u00e1n confeccionadas en piel de vacuno y cuestan 139,95 euros.\n<\/p>\n<p> <!-- TOPICS --> <\/p>\n","protected":false},"excerpt":{"rendered":"<p>Acaba de cumplir 50 a\u00f1os y la hermana de la reina Letizia ha vuelto a ser noticia. Y es que, Telma Ortiz era fotografiada en el d\u00eda de su cumplea\u00f1os paseando por las calles de Madrid, momento en el que era abordada por algunos medios de comunicaci\u00f3n que intentaron sacarle unas palabras sobre la jura [&hellip;]<\/p>\n","protected":false},"author":1,"featured_media":68972,"comment_status":"closed","ping_status":"closed","sticky":false,"template":"","format":"standard","meta":[],"categories":[1],"tags":[],"_links":{"self":[{"href":"http:\/\/hoycordobaweb.com\/index.php\/wp-json\/wp\/v2\/posts\/68971"}],"collection":[{"href":"http:\/\/hoycordobaweb.com\/index.php\/wp-json\/wp\/v2\/posts"}],"about":[{"href":"http:\/\/hoycordobaweb.com\/index.php\/wp-json\/wp\/v2\/types\/post"}],"author":[{"embeddable":true,"href":"http:\/\/hoycordobaweb.com\/index.php\/wp-json\/wp\/v2\/users\/1"}],"replies":[{"embeddable":true,"href":"http:\/\/hoycordobaweb.com\/index.php\/wp-json\/wp\/v2\/comments?post=68971"}],"version-history":[{"count":0,"href":"http:\/\/hoycordobaweb.com\/index.php\/wp-json\/wp\/v2\/posts\/68971\/revisions"}],"wp:featuredmedia":[{"embeddable":true,"href":"http:\/\/hoycordobaweb.com\/index.php\/wp-json\/wp\/v2\/media\/68972"}],"wp:attachment":[{"href":"http:\/\/hoycordobaweb.com\/index.php\/wp-json\/wp\/v2\/media?parent=68971"}],"wp:term":[{"taxonomy":"category","embeddable":true,"href":"http:\/\/hoycordobaweb.com\/index.php\/wp-json\/wp\/v2\/categories?post=68971"},{"taxonomy":"post_tag","embeddable":true,"href":"http:\/\/hoycordobaweb.com\/index.php\/wp-json\/wp\/v2\/tags?post=68971"}],"curies":[{"name":"wp","href":"https:\/\/api.w.org\/{rel}","templated":true}]}}