{"id":68969,"date":"2023-10-30T16:31:08","date_gmt":"2023-10-30T16:31:08","guid":{"rendered":"https:\/\/www.mujerhoy.com\/moda\/no-te-pierdas\/princesa-leonor-looks-iconicos-18-anos-vestidos-espectaculares-20231030172927-nt.html"},"modified":"2023-10-30T16:31:08","modified_gmt":"2023-10-30T16:31:08","slug":"los-looks-mas-iconicos-de-la-princesa-leonor-en-sus-18-anos-vestidos-de-cuento-y-looks-espectaculares","status":"publish","type":"post","link":"http:\/\/hoycordobaweb.com\/index.php\/2023\/10\/30\/los-looks-mas-iconicos-de-la-princesa-leonor-en-sus-18-anos-vestidos-de-cuento-y-looks-espectaculares\/","title":{"rendered":"Los looks m\u00e1s ic\u00f3nicos de la princesa Leonor en sus 18 a\u00f1os: vestidos de cuento y looks espectaculares"},"content":{"rendered":"<p><!-- AUTHOR --> <\/p>\n<div class=\"voc-author-timesocial \"> <!-- AUTHOR --> <\/p>\n<div class=\"voc-author-timesocial__signature\"> <!-- IMAGE AUTHOR --> <picture class=\"voc-image-signature\"> <img class=\"voc-image-signature__img\" src=\"http:\/\/hoycordobaweb.com\/wp-content\/uploads\/2023\/10\/los-looks-mas-iconicos-de-la-princesa-leonor-en-sus-18-anos-vestidos-de-cuento-y-looks-espectaculares.jpg\" alt=\"Raquel Rodr\u00edguez\"> <\/picture> <!-- INFO AUTHOR --> <\/div><\/div>\n<p> <!-- COMPONENTS --> <\/p>\n<p class=\"voc-paragraph\">A punto de cumplir la mayor\u00eda de edad y de convertirse en el personaje principal de la monarqu\u00eda espa\u00f1ola con <a data-voc-vtm-id=\"in-text-traffic\" href=\"https:\/\/www.mujerhoy.com\/celebrities\/realeza\/leonor-jura-consitucion-quien-va-invitados-misteriosos-ausencias-polemica-borbon-20231029004621-nt.html\" title=\"www.mujerhoy.com\">la jura de la Constituci\u00f3n<\/a>, la <a data-voc-vtm-id=\"in-text-traffic\" href=\"https:\/\/www.mujerhoy.com\/temas\/personajes\/princesa-leonor-de-borbon.html\" title=\"www.mujerhoy.com\">princesa Leonor<\/a> ya es un <strong>icono de estilo <\/strong>en el mundo royal. Con un gran referente estil\u00edstico como es la reina Letizia, la heredera a la corona parece haber recibido influencia directa de su madre -nombrada una de las mujeres m\u00e1s elegantes del mundo- y ya apunta maneras con <strong>looks que no pasan desapercibidos<\/strong>.\n<\/p>\n<p class=\"voc-paragraph\">Y aunque en nuestra retina tenemos grabado <a data-voc-vtm-id=\"in-text-traffic\" href=\"https:\/\/www.mujerhoy.com\/moda\/no-te-pierdas\/princesa-leonor-vestido-azul-premios-princesa-asturias-look-elegante-guapisima-20231020185636-nt.html\" title=\"www.mujerhoy.com\">el precioso vestido azul <\/a>que llev\u00f3 en la \u00faltima edici\u00f3n de los Premios Princesa de Asturias, lo cierto es que la hija mayor de los reyes ha triunfado en muchas otras ocasiones. Y no, no hablamos de las opciones informales y looks casual, sino de <strong>los vestidos m\u00e1s espectaculares<\/strong> que ha llevado en citas especiales. \u00a1Toma nota de cu\u00e1les son los m\u00e1s ic\u00f3nicos!\n<\/p>\n<div class=\"voc-detail-photo-zoom\"> <picture data-toggle=\"modal\" data-target=\"#photoZoomModal-566\" target=\"modal\">\n<div class=\"voc-img-icon-link\"> <img loading=\"lazy\" data-original=\"\/\/static2.mujerhoy.com\/www\/multimedia\/202310\/28\/media\/cortadas\/leonor-vestido-estampado-kWaF--650x900@MujerHoy.jpg\" class=\"lazy adsviu_analyse\" alt=\"LIMITED PICTURES\"> <noscript> <img src=\"http:\/\/hoycordobaweb.com\/wp-content\/uploads\/2023\/10\/los-looks-mas-iconicos-de-la-princesa-leonor-en-sus-18-anos-vestidos-de-cuento-y-looks-espectaculares.webp\" alt=\"LIMITED PICTURES\"> <\/noscript> <i class=\"voc-icons zoom voc-multimedia-box voc-ico-l\"><\/i> <\/div><figcaption class=\"figure-caption\">LIMITED PICTURES<\/figcaption><\/picture>\n<\/div>\n<div id=\"photoZoomModal-566\" class=\"voc-lightbox modal fade voc-lightbox--photo-zoom\" role=\"dialog\" data-voc-photozoom-lightbox>\n<div class=\"voc-lightbox__dialog\" role=\"document\">\n<div class=\"voc-lightbox__content\"> <!-- Modal header --> <!-- Modal content --> <\/p>\n<div class=\"voc-lightbox__photo-container\"> <picture class> <img loading=\"lazy\" data-original=\"\/\/static2.mujerhoy.com\/www\/multimedia\/202310\/28\/media\/cortadas\/leonor-vestido-estampado-kWaF--650x900@MujerHoy.jpg\" alt=\"LIMITED PICTURES\" class=\"lazy\"> <noscript> <img src=\"http:\/\/hoycordobaweb.com\/wp-content\/uploads\/2023\/10\/los-looks-mas-iconicos-de-la-princesa-leonor-en-sus-18-anos-vestidos-de-cuento-y-looks-espectaculares.webp\" alt=\"LIMITED PICTURES\"> <\/noscript> <\/picture> <\/div><\/div><\/div>\n<\/div>\n<p><h3 class=\"voc-detail__title\"> Los Premios Princesa de Asturias de 2022<br \/>\n<\/h3>\n<\/p>\n<p class=\"voc-paragraph\">En 2022, tambi\u00e9n arrasas\u00f3 llegado al Teatro Campoamor de Oviedo para asistir a los Premios Princesa de Asturias con un vestido corto de Michael Kors con un estampado floral con brillantes.\n<\/p>\n<div class=\"voc-detail-photo-zoom\"> <picture data-toggle=\"modal\" data-target=\"#photoZoomModal-165\" target=\"modal\">\n<div class=\"voc-img-icon-link\"> <img loading=\"lazy\" data-original=\"\/\/static3.mujerhoy.com\/www\/multimedia\/202310\/28\/media\/cortadas\/leonor-vestido-invitada-kWaF--650x900@MujerHoy.jpg\" class=\"lazy adsviu_analyse\" alt=\"LIMITED PICTURES\"> <noscript> <img src=\"http:\/\/hoycordobaweb.com\/wp-content\/uploads\/2023\/10\/los-looks-mas-iconicos-de-la-princesa-leonor-en-sus-18-anos-vestidos-de-cuento-y-looks-espectaculares-1.webp\" alt=\"LIMITED PICTURES\"> <\/noscript> <i class=\"voc-icons zoom voc-multimedia-box voc-ico-l\"><\/i> <\/div><figcaption class=\"figure-caption\">LIMITED PICTURES<\/figcaption><\/picture>\n<\/div>\n<div id=\"photoZoomModal-165\" class=\"voc-lightbox modal fade voc-lightbox--photo-zoom\" role=\"dialog\" data-voc-photozoom-lightbox>\n<div class=\"voc-lightbox__dialog\" role=\"document\">\n<div class=\"voc-lightbox__content\"> <!-- Modal header --> <!-- Modal content --> <\/p>\n<div class=\"voc-lightbox__photo-container\"> <picture class> <img loading=\"lazy\" data-original=\"\/\/static3.mujerhoy.com\/www\/multimedia\/202310\/28\/media\/cortadas\/leonor-vestido-invitada-kWaF--650x900@MujerHoy.jpg\" alt=\"LIMITED PICTURES\" class=\"lazy\"> <noscript> <img src=\"http:\/\/hoycordobaweb.com\/wp-content\/uploads\/2023\/10\/los-looks-mas-iconicos-de-la-princesa-leonor-en-sus-18-anos-vestidos-de-cuento-y-looks-espectaculares-1.webp\" alt=\"LIMITED PICTURES\"> <\/noscript> <\/picture> <\/div><\/div><\/div>\n<\/div>\n<p><h3 class=\"voc-detail__title\"> El vestido m\u00e1s copiado<br \/>\n<\/h3>\n<\/p>\n<p class=\"voc-paragraph\">Uno de los looks m\u00e1s aclamados y m\u00e1s copiados de la princes Leonor es este die\u00f1o bicolro de Cayro Woman en rosa y roja que luci\u00f3 en la festividad del ap\u00f3stol 2022.\n<\/p>\n<div class=\"voc-detail-photo-zoom\"> <picture data-toggle=\"modal\" data-target=\"#photoZoomModal-810\" target=\"modal\">\n<div class=\"voc-img-icon-link\"> <img loading=\"lazy\" data-original=\"\/\/static.mujerhoy.com\/www\/multimedia\/202310\/28\/media\/cortadas\/leonor-vestido-princesa-azul-kWaF--650x900@MujerHoy.jpg\" class=\"lazy adsviu_analyse\" alt=\"LIMITED PICTURES\"> <noscript> <img src=\"http:\/\/hoycordobaweb.com\/wp-content\/uploads\/2023\/10\/los-looks-mas-iconicos-de-la-princesa-leonor-en-sus-18-anos-vestidos-de-cuento-y-looks-espectaculares-2.webp\" alt=\"LIMITED PICTURES\"> <\/noscript> <i class=\"voc-icons zoom voc-multimedia-box voc-ico-l\"><\/i> <\/div><figcaption class=\"figure-caption\">LIMITED PICTURES<\/figcaption><\/picture>\n<\/div>\n<div id=\"photoZoomModal-810\" class=\"voc-lightbox modal fade voc-lightbox--photo-zoom\" role=\"dialog\" data-voc-photozoom-lightbox>\n<div class=\"voc-lightbox__dialog\" role=\"document\">\n<div class=\"voc-lightbox__content\"> <!-- Modal header --> <!-- Modal content --> <\/p>\n<div class=\"voc-lightbox__photo-container\"> <picture class> <img loading=\"lazy\" data-original=\"\/\/static.mujerhoy.com\/www\/multimedia\/202310\/28\/media\/cortadas\/leonor-vestido-princesa-azul-kWaF--650x900@MujerHoy.jpg\" alt=\"LIMITED PICTURES\" class=\"lazy\"> <noscript> <img src=\"http:\/\/hoycordobaweb.com\/wp-content\/uploads\/2023\/10\/los-looks-mas-iconicos-de-la-princesa-leonor-en-sus-18-anos-vestidos-de-cuento-y-looks-espectaculares-2.webp\" alt=\"LIMITED PICTURES\"> <\/noscript> <\/picture> <\/div><\/div><\/div>\n<\/div>\n<p><h3 class=\"voc-detail__title\"> Look de princesa en 2022<br \/>\n<\/h3>\n<\/p>\n<p class=\"voc-paragraph\">En los Premios Fundaci\u00f3n Princesa de Girona 2022, Leonor se visti\u00f3 como una aut\u00e9ntica princesa con este precioso vestido de Miphai que caus\u00f3 sensaci\u00f3n y acompa\u00f1\u00f3 de un mo\u00f1o de bailarina.\n<\/p>\n<div class=\"voc-detail-photo-zoom\"> <picture data-toggle=\"modal\" data-target=\"#photoZoomModal-621\" target=\"modal\">\n<div class=\"voc-img-icon-link\"> <img loading=\"lazy\" data-original=\"\/\/static2.mujerhoy.com\/www\/multimedia\/202310\/28\/media\/cortadas\/leonor-vestido-nina-kWaF--650x900@MujerHoy.jpg\" class=\"lazy adsviu_analyse\" alt=\"LIMITED PICTURES\"> <noscript> <img src=\"http:\/\/hoycordobaweb.com\/wp-content\/uploads\/2023\/10\/los-looks-mas-iconicos-de-la-princesa-leonor-en-sus-18-anos-vestidos-de-cuento-y-looks-espectaculares-3.webp\" alt=\"LIMITED PICTURES\"> <\/noscript> <i class=\"voc-icons zoom voc-multimedia-box voc-ico-l\"><\/i> <\/div><figcaption class=\"figure-caption\">LIMITED PICTURES<\/figcaption><\/picture>\n<\/div>\n<div id=\"photoZoomModal-621\" class=\"voc-lightbox modal fade voc-lightbox--photo-zoom\" role=\"dialog\" data-voc-photozoom-lightbox>\n<div class=\"voc-lightbox__dialog\" role=\"document\">\n<div class=\"voc-lightbox__content\"> <!-- Modal header --> <!-- Modal content --> <\/p>\n<div class=\"voc-lightbox__photo-container\"> <picture class> <img loading=\"lazy\" data-original=\"\/\/static2.mujerhoy.com\/www\/multimedia\/202310\/28\/media\/cortadas\/leonor-vestido-nina-kWaF--650x900@MujerHoy.jpg\" alt=\"LIMITED PICTURES\" class=\"lazy\"> <noscript> <img src=\"http:\/\/hoycordobaweb.com\/wp-content\/uploads\/2023\/10\/los-looks-mas-iconicos-de-la-princesa-leonor-en-sus-18-anos-vestidos-de-cuento-y-looks-espectaculares-3.webp\" alt=\"LIMITED PICTURES\"> <\/noscript> <\/picture> <\/div><\/div><\/div>\n<\/div>\n<p><h3 class=\"voc-detail__title\"> Su debut en los Premios Princesa de Asturias<br \/>\n<\/h3>\n<\/p>\n<p class=\"voc-paragraph\">En su debut en los Premios Princesa de Asturias, all\u00e1s por 2019, donde realiz\u00f3 su primer discuros, Leonor luci\u00f3 un vestido con encaje azulado y formado por diminutas flores bordadas.\n<\/p>\n<div class=\"voc-detail-photo-zoom\"> <picture data-toggle=\"modal\" data-target=\"#photoZoomModal-433\" target=\"modal\">\n<div class=\"voc-img-icon-link\"> <img loading=\"lazy\" data-original=\"\/\/static1.mujerhoy.com\/www\/multimedia\/202310\/28\/media\/cortadas\/leonor-vestido-moises-nieto-kWaF--650x900@MujerHoy.jpg\" class=\"lazy adsviu_analyse\" alt=\"LIMITED PICTURES\"> <noscript> <img src=\"http:\/\/hoycordobaweb.com\/wp-content\/uploads\/2023\/10\/los-looks-mas-iconicos-de-la-princesa-leonor-en-sus-18-anos-vestidos-de-cuento-y-looks-espectaculares-4.webp\" alt=\"LIMITED PICTURES\"> <\/noscript> <i class=\"voc-icons zoom voc-multimedia-box voc-ico-l\"><\/i> <\/div><figcaption class=\"figure-caption\">LIMITED PICTURES<\/figcaption><\/picture>\n<\/div>\n<div id=\"photoZoomModal-433\" class=\"voc-lightbox modal fade voc-lightbox--photo-zoom\" role=\"dialog\" data-voc-photozoom-lightbox>\n<div class=\"voc-lightbox__dialog\" role=\"document\">\n<div class=\"voc-lightbox__content\"> <!-- Modal header --> <!-- Modal content --> <\/p>\n<div class=\"voc-lightbox__photo-container\"> <picture class> <img loading=\"lazy\" data-original=\"\/\/static1.mujerhoy.com\/www\/multimedia\/202310\/28\/media\/cortadas\/leonor-vestido-moises-nieto-kWaF--650x900@MujerHoy.jpg\" alt=\"LIMITED PICTURES\" class=\"lazy\"> <noscript> <img src=\"http:\/\/hoycordobaweb.com\/wp-content\/uploads\/2023\/10\/los-looks-mas-iconicos-de-la-princesa-leonor-en-sus-18-anos-vestidos-de-cuento-y-looks-espectaculares-4.webp\" alt=\"LIMITED PICTURES\"> <\/noscript> <\/picture> <\/div><\/div><\/div>\n<\/div>\n<p><h3 class=\"voc-detail__title\"> Su \u00faltimo lookazo<br \/>\n<\/h3>\n<\/p>\n<p class=\"voc-paragraph\">Hace unos d\u00edas, la princesa Leonor deslumbraba sacando su versi\u00f3n m\u00e1s adulta durante los Premios Princesa de Asturias con este espectacular vestido en azul noche de Mois\u00e9s Nieto.\n<\/p>\n<div class=\"voc-detail-photo-zoom\"> <picture data-toggle=\"modal\" data-target=\"#photoZoomModal-412\" target=\"modal\">\n<div class=\"voc-img-icon-link\"> <img loading=\"lazy\" data-original=\"\/\/static1.mujerhoy.com\/www\/multimedia\/202310\/28\/media\/cortadas\/leonor-santiago-compostela-kWaF--650x900@MujerHoy.jpg\" class=\"lazy adsviu_analyse\" alt=\"LIMITED PICTURES\"> <noscript> <img src=\"http:\/\/hoycordobaweb.com\/wp-content\/uploads\/2023\/10\/los-looks-mas-iconicos-de-la-princesa-leonor-en-sus-18-anos-vestidos-de-cuento-y-looks-espectaculares-5.webp\" alt=\"LIMITED PICTURES\"> <\/noscript> <i class=\"voc-icons zoom voc-multimedia-box voc-ico-l\"><\/i> <\/div><figcaption class=\"figure-caption\">LIMITED PICTURES<\/figcaption><\/picture>\n<\/div>\n<div id=\"photoZoomModal-412\" class=\"voc-lightbox modal fade voc-lightbox--photo-zoom\" role=\"dialog\" data-voc-photozoom-lightbox>\n<div class=\"voc-lightbox__dialog\" role=\"document\">\n<div class=\"voc-lightbox__content\"> <!-- Modal header --> <!-- Modal content --> <\/p>\n<div class=\"voc-lightbox__photo-container\"> <picture class> <img loading=\"lazy\" data-original=\"\/\/static1.mujerhoy.com\/www\/multimedia\/202310\/28\/media\/cortadas\/leonor-santiago-compostela-kWaF--650x900@MujerHoy.jpg\" alt=\"LIMITED PICTURES\" class=\"lazy\"> <noscript> <img src=\"http:\/\/hoycordobaweb.com\/wp-content\/uploads\/2023\/10\/los-looks-mas-iconicos-de-la-princesa-leonor-en-sus-18-anos-vestidos-de-cuento-y-looks-espectaculares-5.webp\" alt=\"LIMITED PICTURES\"> <\/noscript> <\/picture> <\/div><\/div><\/div>\n<\/div>\n<p><h3 class=\"voc-detail__title\"> Primera vez en tacones<br \/>\n<\/h3>\n<\/p>\n<p class=\"voc-paragraph\">La princesa Leonor participaba por primera vez en la ofrenda a Santiago Ap\u00f3stol en la Catedral de Santiago de Compostela con este vestido rosa que combinaba con zapatos de tac\u00f3n destalonados.\n<\/p>\n<div class=\"voc-detail-photo-zoom\"> <picture data-toggle=\"modal\" data-target=\"#photoZoomModal-429\" target=\"modal\">\n<div class=\"voc-img-icon-link\"> <img loading=\"lazy\" data-original=\"\/\/static3.mujerhoy.com\/www\/multimedia\/202310\/28\/media\/cortadas\/leonor-vestido-lunares-kWaF--650x900@MujerHoy.jpg\" class=\"lazy adsviu_analyse\" alt=\"LIMITED PICTURES\"> <noscript> <img src=\"http:\/\/hoycordobaweb.com\/wp-content\/uploads\/2023\/10\/los-looks-mas-iconicos-de-la-princesa-leonor-en-sus-18-anos-vestidos-de-cuento-y-looks-espectaculares-6.webp\" alt=\"LIMITED PICTURES\"> <\/noscript> <i class=\"voc-icons zoom voc-multimedia-box voc-ico-l\"><\/i> <\/div><figcaption class=\"figure-caption\">LIMITED PICTURES<\/figcaption><\/picture>\n<\/div>\n<div id=\"photoZoomModal-429\" class=\"voc-lightbox modal fade voc-lightbox--photo-zoom\" role=\"dialog\" data-voc-photozoom-lightbox>\n<div class=\"voc-lightbox__dialog\" role=\"document\">\n<div class=\"voc-lightbox__content\"> <!-- Modal header --> <!-- Modal content --> <\/p>\n<div class=\"voc-lightbox__photo-container\"> <picture class> <img loading=\"lazy\" data-original=\"\/\/static3.mujerhoy.com\/www\/multimedia\/202310\/28\/media\/cortadas\/leonor-vestido-lunares-kWaF--650x900@MujerHoy.jpg\" alt=\"LIMITED PICTURES\" class=\"lazy\"> <noscript> <img src=\"http:\/\/hoycordobaweb.com\/wp-content\/uploads\/2023\/10\/los-looks-mas-iconicos-de-la-princesa-leonor-en-sus-18-anos-vestidos-de-cuento-y-looks-espectaculares-6.webp\" alt=\"LIMITED PICTURES\"> <\/noscript> <\/picture> <\/div><\/div><\/div>\n<\/div>\n<p><h3 class=\"voc-detail__title\"> De los favoritos<br \/>\n<\/h3>\n<\/p>\n<p class=\"voc-paragraph\">La Princesa Leonor escogi\u00f3 un vestido de lunares de Barey y bolso de Olivia Mareque para asistir al acto de entrega de Despachos y nombramientos a los nuevos oficiales del Ej\u00e9rcito de Tierra que hab\u00edan completado su formaci\u00f3n en la Academia General Militar en 2023.\n<\/p>\n<div class=\"voc-detail-photo-zoom\"> <picture data-toggle=\"modal\" data-target=\"#photoZoomModal-860\" target=\"modal\">\n<div class=\"voc-img-icon-link\"> <img loading=\"lazy\" data-original=\"\/\/static3.mujerhoy.com\/www\/multimedia\/202310\/28\/media\/cortadas\/leonor-orden-merito-civil-kWaF--650x900@MujerHoy.JPG\" class=\"lazy adsviu_analyse\" alt=\"LIMITED PICTURES\"> <noscript> <img src=\"http:\/\/hoycordobaweb.com\/wp-content\/uploads\/2023\/10\/los-looks-mas-iconicos-de-la-princesa-leonor-en-sus-18-anos-vestidos-de-cuento-y-looks-espectaculares-7.webp\" alt=\"LIMITED PICTURES\"> <\/noscript> <i class=\"voc-icons zoom voc-multimedia-box voc-ico-l\"><\/i> <\/div><figcaption class=\"figure-caption\">LIMITED PICTURES<\/figcaption><\/picture>\n<\/div>\n<div id=\"photoZoomModal-860\" class=\"voc-lightbox modal fade voc-lightbox--photo-zoom\" role=\"dialog\" data-voc-photozoom-lightbox>\n<div class=\"voc-lightbox__dialog\" role=\"document\">\n<div class=\"voc-lightbox__content\"> <!-- Modal header --> <!-- Modal content --> <\/p>\n<div class=\"voc-lightbox__photo-container\"> <picture class> <img loading=\"lazy\" data-original=\"\/\/static3.mujerhoy.com\/www\/multimedia\/202310\/28\/media\/cortadas\/leonor-orden-merito-civil-kWaF--650x900@MujerHoy.JPG\" alt=\"LIMITED PICTURES\" class=\"lazy\"> <noscript> <img src=\"http:\/\/hoycordobaweb.com\/wp-content\/uploads\/2023\/10\/los-looks-mas-iconicos-de-la-princesa-leonor-en-sus-18-anos-vestidos-de-cuento-y-looks-espectaculares-7.webp\" alt=\"LIMITED PICTURES\"> <\/noscript> <\/picture> <\/div><\/div><\/div>\n<\/div>\n<p><h3 class=\"voc-detail__title\"> El vestido con sello andaluz<br \/>\n<\/h3>\n<\/p>\n<p class=\"voc-paragraph\">Durante la imposici\u00f3n de las condecoraciones de la Orden del M\u00e9rito Civil de 2021, estrenada este vestido azul drapeado de Vogana, una casa de modas andaluza con sede en Sevilla.\n<\/p>\n<div class=\"voc-detail-photo-zoom\"> <picture data-toggle=\"modal\" data-target=\"#photoZoomModal-793\" target=\"modal\">\n<div class=\"voc-img-icon-link\"> <img loading=\"lazy\" data-original=\"\/\/static1.mujerhoy.com\/www\/multimedia\/202310\/28\/media\/cortadas\/leonor-look-militar-kWaF--650x900@MujerHoy.jpg\" class=\"lazy adsviu_analyse\" alt=\"LIMITED PICTURES\"> <noscript> <img src=\"http:\/\/hoycordobaweb.com\/wp-content\/uploads\/2023\/10\/los-looks-mas-iconicos-de-la-princesa-leonor-en-sus-18-anos-vestidos-de-cuento-y-looks-espectaculares-8.webp\" alt=\"LIMITED PICTURES\"> <\/noscript> <i class=\"voc-icons zoom voc-multimedia-box voc-ico-l\"><\/i> <\/div><figcaption class=\"figure-caption\">LIMITED PICTURES<\/figcaption><\/picture>\n<\/div>\n<div id=\"photoZoomModal-793\" class=\"voc-lightbox modal fade voc-lightbox--photo-zoom\" role=\"dialog\" data-voc-photozoom-lightbox>\n<div class=\"voc-lightbox__dialog\" role=\"document\">\n<div class=\"voc-lightbox__content\"> <!-- Modal header --> <!-- Modal content --> <\/p>\n<div class=\"voc-lightbox__photo-container\"> <picture class> <img loading=\"lazy\" data-original=\"\/\/static1.mujerhoy.com\/www\/multimedia\/202310\/28\/media\/cortadas\/leonor-look-militar-kWaF--650x900@MujerHoy.jpg\" alt=\"LIMITED PICTURES\" class=\"lazy\"> <noscript> <img src=\"http:\/\/hoycordobaweb.com\/wp-content\/uploads\/2023\/10\/los-looks-mas-iconicos-de-la-princesa-leonor-en-sus-18-anos-vestidos-de-cuento-y-looks-espectaculares-8.webp\" alt=\"LIMITED PICTURES\"> <\/noscript> <\/picture> <\/div><\/div><\/div>\n<\/div>\n<p><h3 class=\"voc-detail__title\"> Uniforme militar<br \/>\n<\/h3>\n<\/p>\n<p class=\"voc-paragraph\">Aunque no es una propuesta estil\u00edstica al alcande de todos, no pod\u00edamos dejar de poner a la Leonor militar. Durante el desfile del D\u00eda de la Hispanidad de 2023, la monarca luci\u00f3 guap\u00edsima con el uniforme de gala.\n<\/p>\n<div class=\"voc-detail-photo-zoom\"> <picture data-toggle=\"modal\" data-target=\"#photoZoomModal-21\" target=\"modal\">\n<div class=\"voc-img-icon-link\"> <img loading=\"lazy\" data-original=\"\/\/static3.mujerhoy.com\/www\/multimedia\/202310\/28\/media\/cortadas\/leonor-traje-rosa-kWaF--650x900@MujerHoy.jpg\" class=\"lazy adsviu_analyse\" alt=\"LIMITED PICTURES\"> <noscript> <img src=\"http:\/\/hoycordobaweb.com\/wp-content\/uploads\/2023\/10\/los-looks-mas-iconicos-de-la-princesa-leonor-en-sus-18-anos-vestidos-de-cuento-y-looks-espectaculares-9.webp\" alt=\"LIMITED PICTURES\"> <\/noscript> <i class=\"voc-icons zoom voc-multimedia-box voc-ico-l\"><\/i> <\/div><figcaption class=\"figure-caption\">LIMITED PICTURES<\/figcaption><\/picture>\n<\/div>\n<div id=\"photoZoomModal-21\" class=\"voc-lightbox modal fade voc-lightbox--photo-zoom\" role=\"dialog\" data-voc-photozoom-lightbox>\n<div class=\"voc-lightbox__dialog\" role=\"document\">\n<div class=\"voc-lightbox__content\"> <!-- Modal header --> <!-- Modal content --> <\/p>\n<div class=\"voc-lightbox__photo-container\"> <picture class> <img loading=\"lazy\" data-original=\"\/\/static3.mujerhoy.com\/www\/multimedia\/202310\/28\/media\/cortadas\/leonor-traje-rosa-kWaF--650x900@MujerHoy.jpg\" alt=\"LIMITED PICTURES\" class=\"lazy\"> <noscript> <img src=\"http:\/\/hoycordobaweb.com\/wp-content\/uploads\/2023\/10\/los-looks-mas-iconicos-de-la-princesa-leonor-en-sus-18-anos-vestidos-de-cuento-y-looks-espectaculares-9.webp\" alt=\"LIMITED PICTURES\"> <\/noscript> <\/picture> <\/div><\/div><\/div>\n<\/div>\n<p><h3 class=\"voc-detail__title\"> Al m\u00e1s puro estilo Letizia<br \/>\n<\/h3>\n<\/p>\n<p class=\"voc-paragraph\">Fue ver este look que llev\u00f3 en el concierto previo a los Premios Princesa de Asturias en 2022 y ver a la reina Letizia. Escogi\u00f3 un traje rosa fucsia que combin\u00f3 con zapatos a juego y un top negro con encaje. \u00a1Igualita a su madre!\n<\/p>\n<div class=\"voc-detail-photo-zoom\"> <picture data-toggle=\"modal\" data-target=\"#photoZoomModal-507\" target=\"modal\">\n<div class=\"voc-img-icon-link\"> <img loading=\"lazy\" data-original=\"\/\/static1.mujerhoy.com\/www\/multimedia\/202310\/28\/media\/cortadas\/leonor-premios-princesa-girona-kWaF--650x900@MujerHoy.jpg\" class=\"lazy adsviu_analyse\" alt=\"LIMITED PICTURES\"> <noscript> <img src=\"http:\/\/hoycordobaweb.com\/wp-content\/uploads\/2023\/10\/los-looks-mas-iconicos-de-la-princesa-leonor-en-sus-18-anos-vestidos-de-cuento-y-looks-espectaculares-10.webp\" alt=\"LIMITED PICTURES\"> <\/noscript> <i class=\"voc-icons zoom voc-multimedia-box voc-ico-l\"><\/i> <\/div><figcaption class=\"figure-caption\">LIMITED PICTURES<\/figcaption><\/picture>\n<\/div>\n<div id=\"photoZoomModal-507\" class=\"voc-lightbox modal fade voc-lightbox--photo-zoom\" role=\"dialog\" data-voc-photozoom-lightbox>\n<div class=\"voc-lightbox__dialog\" role=\"document\">\n<div class=\"voc-lightbox__content\"> <!-- Modal header --> <!-- Modal content --> <\/p>\n<div class=\"voc-lightbox__photo-container\"> <picture class> <img loading=\"lazy\" data-original=\"\/\/static1.mujerhoy.com\/www\/multimedia\/202310\/28\/media\/cortadas\/leonor-premios-princesa-girona-kWaF--650x900@MujerHoy.jpg\" alt=\"LIMITED PICTURES\" class=\"lazy\"> <noscript> <img src=\"http:\/\/hoycordobaweb.com\/wp-content\/uploads\/2023\/10\/los-looks-mas-iconicos-de-la-princesa-leonor-en-sus-18-anos-vestidos-de-cuento-y-looks-espectaculares-10.webp\" alt=\"LIMITED PICTURES\"> <\/noscript> <\/picture> <\/div><\/div><\/div>\n<\/div>\n<p><h3 class=\"voc-detail__title\"> De rojo, como su madre<br \/>\n<\/h3>\n<\/p>\n<p class=\"voc-paragraph\">En 2019, luci\u00f3 un conjunto con vestido y chaqueta de tweed para asistir a los los Princesa de Girona. Y el protagonista del look era el color rojo, el favorito de su madre la reina Letizia, que tambi\u00e9n llev\u00f3 en las bailarinas.\n<\/p>\n<div class=\"voc-detail-photo-zoom\"> <picture data-toggle=\"modal\" data-target=\"#photoZoomModal-963\" target=\"modal\">\n<div class=\"voc-img-icon-link\"> <img loading=\"lazy\" data-original=\"\/\/static1.mujerhoy.com\/www\/multimedia\/202310\/28\/media\/cortadas\/mejor-vestido-leonor-kWaF--650x900@MujerHoy.jpg\" class=\"lazy adsviu_analyse\" alt=\"LIMITED PICTURES\"> <noscript> <img src=\"http:\/\/hoycordobaweb.com\/wp-content\/uploads\/2023\/10\/los-looks-mas-iconicos-de-la-princesa-leonor-en-sus-18-anos-vestidos-de-cuento-y-looks-espectaculares-11.webp\" alt=\"LIMITED PICTURES\"> <\/noscript> <i class=\"voc-icons zoom voc-multimedia-box voc-ico-l\"><\/i> <\/div><figcaption class=\"figure-caption\">LIMITED PICTURES<\/figcaption><\/picture>\n<\/div>\n<div id=\"photoZoomModal-963\" class=\"voc-lightbox modal fade voc-lightbox--photo-zoom\" role=\"dialog\" data-voc-photozoom-lightbox>\n<div class=\"voc-lightbox__dialog\" role=\"document\">\n<div class=\"voc-lightbox__content\"> <!-- Modal header --> <!-- Modal content --> <\/p>\n<div class=\"voc-lightbox__photo-container\"> <picture class> <img loading=\"lazy\" data-original=\"\/\/static1.mujerhoy.com\/www\/multimedia\/202310\/28\/media\/cortadas\/mejor-vestido-leonor-kWaF--650x900@MujerHoy.jpg\" alt=\"LIMITED PICTURES\" class=\"lazy\"> <noscript> <img src=\"http:\/\/hoycordobaweb.com\/wp-content\/uploads\/2023\/10\/los-looks-mas-iconicos-de-la-princesa-leonor-en-sus-18-anos-vestidos-de-cuento-y-looks-espectaculares-11.webp\" alt=\"LIMITED PICTURES\"> <\/noscript> <\/picture> <\/div><\/div><\/div>\n<\/div>\n<p><h3 class=\"voc-detail__title\"> Su look m\u00e1s original<br \/>\n<\/h3>\n<\/p>\n<p class=\"voc-paragraph\">En los Princesa de Asturias de 2021, sorprendi\u00f3 con un vestido estampado de Bgo &amp; Me, de manga corta y minifalda, que combin\u00f3 con unos salones negros.\n<\/p>\n<div class=\"voc-detail-photo-zoom\"> <picture data-toggle=\"modal\" data-target=\"#photoZoomModal-608\" target=\"modal\">\n<div class=\"voc-img-icon-link\"> <img loading=\"lazy\" data-original=\"\/\/static2.mujerhoy.com\/www\/multimedia\/202310\/28\/media\/cortadas\/leonor-look-dia-hispanidad-kWaF--650x900@MujerHoy.JPG\" class=\"lazy adsviu_analyse\" alt=\"LIMITED PICTURES\"> <noscript> <img src=\"http:\/\/hoycordobaweb.com\/wp-content\/uploads\/2023\/10\/los-looks-mas-iconicos-de-la-princesa-leonor-en-sus-18-anos-vestidos-de-cuento-y-looks-espectaculares-12.webp\" alt=\"LIMITED PICTURES\"> <\/noscript> <i class=\"voc-icons zoom voc-multimedia-box voc-ico-l\"><\/i> <\/div><figcaption class=\"figure-caption\">LIMITED PICTURES<\/figcaption><\/picture>\n<\/div>\n<div id=\"photoZoomModal-608\" class=\"voc-lightbox modal fade voc-lightbox--photo-zoom\" role=\"dialog\" data-voc-photozoom-lightbox>\n<div class=\"voc-lightbox__dialog\" role=\"document\">\n<div class=\"voc-lightbox__content\"> <!-- Modal header --> <!-- Modal content --> <\/p>\n<div class=\"voc-lightbox__photo-container\"> <picture class> <img loading=\"lazy\" data-original=\"\/\/static2.mujerhoy.com\/www\/multimedia\/202310\/28\/media\/cortadas\/leonor-look-dia-hispanidad-kWaF--650x900@MujerHoy.JPG\" alt=\"LIMITED PICTURES\" class=\"lazy\"> <noscript> <img src=\"http:\/\/hoycordobaweb.com\/wp-content\/uploads\/2023\/10\/los-looks-mas-iconicos-de-la-princesa-leonor-en-sus-18-anos-vestidos-de-cuento-y-looks-espectaculares-12.webp\" alt=\"LIMITED PICTURES\"> <\/noscript> <\/picture> <\/div><\/div><\/div>\n<\/div>\n<p><h3 class=\"voc-detail__title\"> Con el Tois\u00f3n de Oro<br \/>\n<\/h3>\n<\/p>\n<p class=\"voc-paragraph\">En el D\u00eda de la Hispanidad de 2020, Leonor opt\u00f3 por una falda midi azul que combin\u00f3 con un jersey de &amp; Other Stories y unas bailarinas con algo de tac\u00f3n brillantes.\n<\/p>\n<div class=\"voc-detail-photo-zoom\"> <picture data-toggle=\"modal\" data-target=\"#photoZoomModal-716\" target=\"modal\">\n<div class=\"voc-img-icon-link\"> <img loading=\"lazy\" data-original=\"\/\/static.mujerhoy.com\/www\/multimedia\/202310\/28\/media\/cortadas\/leonor-look-graduacion-kWaF--650x900@MujerHoy.JPG\" class=\"lazy adsviu_analyse\" alt=\"LIMITED PICTURES\"> <noscript> <img src=\"http:\/\/hoycordobaweb.com\/wp-content\/uploads\/2023\/10\/los-looks-mas-iconicos-de-la-princesa-leonor-en-sus-18-anos-vestidos-de-cuento-y-looks-espectaculares-13.webp\" alt=\"LIMITED PICTURES\"> <\/noscript> <i class=\"voc-icons zoom voc-multimedia-box voc-ico-l\"><\/i> <\/div><figcaption class=\"figure-caption\">LIMITED PICTURES<\/figcaption><\/picture>\n<\/div>\n<div id=\"photoZoomModal-716\" class=\"voc-lightbox modal fade voc-lightbox--photo-zoom\" role=\"dialog\" data-voc-photozoom-lightbox>\n<div class=\"voc-lightbox__dialog\" role=\"document\">\n<div class=\"voc-lightbox__content\"> <!-- Modal header --> <!-- Modal content --> <\/p>\n<div class=\"voc-lightbox__photo-container\"> <picture class> <img loading=\"lazy\" data-original=\"\/\/static.mujerhoy.com\/www\/multimedia\/202310\/28\/media\/cortadas\/leonor-look-graduacion-kWaF--650x900@MujerHoy.JPG\" alt=\"LIMITED PICTURES\" class=\"lazy\"> <noscript> <img src=\"http:\/\/hoycordobaweb.com\/wp-content\/uploads\/2023\/10\/los-looks-mas-iconicos-de-la-princesa-leonor-en-sus-18-anos-vestidos-de-cuento-y-looks-espectaculares-13.webp\" alt=\"LIMITED PICTURES\"> <\/noscript> <\/picture> <\/div><\/div><\/div>\n<\/div>\n<p><h3 class=\"voc-detail__title\"> Look de graduaci\u00f3n<br \/>\n<\/h3>\n<\/p>\n<p class=\"voc-paragraph\">En su graduaci\u00f3n de bachillerato en Gales, luci\u00f3 muy juvenil con este vestido de estilo &#8216;blazer&#8217; en color rosa de la marca espa\u00f1ola Apparentia.\n<\/p>\n<div class=\"voc-detail-photo-zoom\"> <picture data-toggle=\"modal\" data-target=\"#photoZoomModal-631\" target=\"modal\">\n<div class=\"voc-img-icon-link\"> <img loading=\"lazy\" data-original=\"\/\/static2.mujerhoy.com\/www\/multimedia\/202310\/28\/media\/cortadas\/leonor-vestido-rosa-kWaF--650x900@MujerHoy.jpg\" class=\"lazy adsviu_analyse\" alt=\"LIMITED PICTURES\"> <noscript> <img src=\"http:\/\/hoycordobaweb.com\/wp-content\/uploads\/2023\/10\/los-looks-mas-iconicos-de-la-princesa-leonor-en-sus-18-anos-vestidos-de-cuento-y-looks-espectaculares-14.webp\" alt=\"LIMITED PICTURES\"> <\/noscript> <i class=\"voc-icons zoom voc-multimedia-box voc-ico-l\"><\/i> <\/div><figcaption class=\"figure-caption\">LIMITED PICTURES<\/figcaption><\/picture>\n<\/div>\n<div id=\"photoZoomModal-631\" class=\"voc-lightbox modal fade voc-lightbox--photo-zoom\" role=\"dialog\" data-voc-photozoom-lightbox>\n<div class=\"voc-lightbox__dialog\" role=\"document\">\n<div class=\"voc-lightbox__content\"> <!-- Modal header --> <!-- Modal content --> <\/p>\n<div class=\"voc-lightbox__photo-container\"> <picture class> <img loading=\"lazy\" data-original=\"\/\/static2.mujerhoy.com\/www\/multimedia\/202310\/28\/media\/cortadas\/leonor-vestido-rosa-kWaF--650x900@MujerHoy.jpg\" alt=\"LIMITED PICTURES\" class=\"lazy\"> <noscript> <img src=\"http:\/\/hoycordobaweb.com\/wp-content\/uploads\/2023\/10\/los-looks-mas-iconicos-de-la-princesa-leonor-en-sus-18-anos-vestidos-de-cuento-y-looks-espectaculares-14.webp\" alt=\"LIMITED PICTURES\"> <\/noscript> <\/picture> <\/div><\/div><\/div>\n<\/div>\n<p><h3 class=\"voc-detail__title\"> Debut en el concierto Fundaci\u00f3n Princesa de Asturias<br \/>\n<\/h3>\n<\/p>\n<p class=\"voc-paragraph\">Para asistir por primera vez a este acto, Leonor escogi\u00f3 el rosa fucisa con este un wrap dress que empez\u00f3 a sacar su versi\u00f3n menos ani\u00f1ada.\n<\/p>\n<div class=\"voc-detail-photo-zoom\"> <picture data-toggle=\"modal\" data-target=\"#photoZoomModal-196\" target=\"modal\">\n<div class=\"voc-img-icon-link\"> <img loading=\"lazy\" data-original=\"\/\/static.mujerhoy.com\/www\/multimedia\/202310\/28\/media\/cortadas\/leonor-vestido-verde-kWaF--650x900@MujerHoy.jpg\" class=\"lazy adsviu_analyse\" alt=\"LIMITED PICTURES\"> <noscript> <img src=\"http:\/\/hoycordobaweb.com\/wp-content\/uploads\/2023\/10\/los-looks-mas-iconicos-de-la-princesa-leonor-en-sus-18-anos-vestidos-de-cuento-y-looks-espectaculares-15.webp\" alt=\"LIMITED PICTURES\"> <\/noscript> <i class=\"voc-icons zoom voc-multimedia-box voc-ico-l\"><\/i> <\/div><figcaption class=\"figure-caption\">LIMITED PICTURES<\/figcaption><\/picture>\n<\/div>\n<div id=\"photoZoomModal-196\" class=\"voc-lightbox modal fade voc-lightbox--photo-zoom\" role=\"dialog\" data-voc-photozoom-lightbox>\n<div class=\"voc-lightbox__dialog\" role=\"document\">\n<div class=\"voc-lightbox__content\"> <!-- Modal header --> <!-- Modal content --> <\/p>\n<div class=\"voc-lightbox__photo-container\"> <picture class> <img loading=\"lazy\" data-original=\"\/\/static.mujerhoy.com\/www\/multimedia\/202310\/28\/media\/cortadas\/leonor-vestido-verde-kWaF--650x900@MujerHoy.jpg\" alt=\"LIMITED PICTURES\" class=\"lazy\"> <noscript> <img src=\"http:\/\/hoycordobaweb.com\/wp-content\/uploads\/2023\/10\/los-looks-mas-iconicos-de-la-princesa-leonor-en-sus-18-anos-vestidos-de-cuento-y-looks-espectaculares-15.webp\" alt=\"LIMITED PICTURES\"> <\/noscript> <\/picture> <\/div><\/div><\/div>\n<\/div>\n<p><h3 class=\"voc-detail__title\"> Escote coraz\u00f3n<br \/>\n<\/h3>\n<\/p>\n<p class=\"voc-paragraph\">Este es uno de los looks m\u00e1s recordados de Leonor. Y no solo por el bonito dos piezas en color verde de Cherubina, sino por el escote en forma de coraz\u00f3n poco habitual y el uso de sandalias de tac\u00f3n.\n<\/p>\n<div class=\"voc-detail-photo-zoom\"> <picture data-toggle=\"modal\" data-target=\"#photoZoomModal-2\" target=\"modal\">\n<div class=\"voc-img-icon-link\"> <img loading=\"lazy\" data-original=\"\/\/static3.mujerhoy.com\/www\/multimedia\/202310\/28\/media\/cortadas\/leonor-vestido-hm-kWaF--650x900@MujerHoy.jpg\" class=\"lazy adsviu_analyse\" alt=\"LIMITED PICTURES\"> <noscript> <img src=\"http:\/\/hoycordobaweb.com\/wp-content\/uploads\/2023\/10\/los-looks-mas-iconicos-de-la-princesa-leonor-en-sus-18-anos-vestidos-de-cuento-y-looks-espectaculares-16.webp\" alt=\"LIMITED PICTURES\"> <\/noscript> <i class=\"voc-icons zoom voc-multimedia-box voc-ico-l\"><\/i> <\/div><figcaption class=\"figure-caption\">LIMITED PICTURES<\/figcaption><\/picture>\n<\/div>\n<div id=\"photoZoomModal-2\" class=\"voc-lightbox modal fade voc-lightbox--photo-zoom\" role=\"dialog\" data-voc-photozoom-lightbox>\n<div class=\"voc-lightbox__dialog\" role=\"document\">\n<div class=\"voc-lightbox__content\"> <!-- Modal header --> <!-- Modal content --> <\/p>\n<div class=\"voc-lightbox__photo-container\"> <picture class> <img loading=\"lazy\" data-original=\"\/\/static3.mujerhoy.com\/www\/multimedia\/202310\/28\/media\/cortadas\/leonor-vestido-hm-kWaF--650x900@MujerHoy.jpg\" alt=\"LIMITED PICTURES\" class=\"lazy\"> <noscript> <img src=\"http:\/\/hoycordobaweb.com\/wp-content\/uploads\/2023\/10\/los-looks-mas-iconicos-de-la-princesa-leonor-en-sus-18-anos-vestidos-de-cuento-y-looks-espectaculares-16.webp\" alt=\"LIMITED PICTURES\"> <\/noscript> <\/picture> <\/div><\/div><\/div>\n<\/div>\n<p><h3 class=\"voc-detail__title\"> Vestido de H&amp;M<br \/>\n<\/h3>\n<\/p>\n<p class=\"voc-paragraph\">Este a\u00f1o, en el concierto previo a los Premios Princesa de Asturias, Leonor sorprendi\u00f3 al optar por una firma los cost. Y triunf\u00f3 con este vestido floral de H&amp;M.\n<\/p>\n<div class=\"voc-detail-photo-zoom\"> <picture data-toggle=\"modal\" data-target=\"#photoZoomModal-421\" target=\"modal\">\n<div class=\"voc-img-icon-link\"> <img loading=\"lazy\" data-original=\"\/\/static1.mujerhoy.com\/www\/multimedia\/202310\/30\/media\/cortadas\/leonor-vestido-confirmacion-k7IH--650x900@MujerHoy.jpg\" class=\"lazy adsviu_analyse\" alt=\"LIMITED PICTURES\"> <noscript> <img src=\"http:\/\/hoycordobaweb.com\/wp-content\/uploads\/2023\/10\/los-looks-mas-iconicos-de-la-princesa-leonor-en-sus-18-anos-vestidos-de-cuento-y-looks-espectaculares-17.webp\" alt=\"LIMITED PICTURES\"> <\/noscript> <i class=\"voc-icons zoom voc-multimedia-box voc-ico-l\"><\/i> <\/div><figcaption class=\"figure-caption\">LIMITED PICTURES<\/figcaption><\/picture>\n<\/div>\n<div id=\"photoZoomModal-421\" class=\"voc-lightbox modal fade voc-lightbox--photo-zoom\" role=\"dialog\" data-voc-photozoom-lightbox>\n<div class=\"voc-lightbox__dialog\" role=\"document\">\n<div class=\"voc-lightbox__content\"> <!-- Modal header --> <!-- Modal content --> <\/p>\n<div class=\"voc-lightbox__photo-container\"> <picture class> <img loading=\"lazy\" data-original=\"\/\/static1.mujerhoy.com\/www\/multimedia\/202310\/30\/media\/cortadas\/leonor-vestido-confirmacion-k7IH--650x900@MujerHoy.jpg\" alt=\"LIMITED PICTURES\" class=\"lazy\"> <noscript> <img src=\"http:\/\/hoycordobaweb.com\/wp-content\/uploads\/2023\/10\/los-looks-mas-iconicos-de-la-princesa-leonor-en-sus-18-anos-vestidos-de-cuento-y-looks-espectaculares-17.webp\" alt=\"LIMITED PICTURES\"> <\/noscript> <\/picture> <\/div><\/div><\/div>\n<\/div>\n<p><h3 class=\"voc-detail__title\"> El look de su confirmaci\u00f3n<br \/>\n<\/h3>\n<\/p>\n<p class=\"voc-paragraph\">Por \u00falitimo, tenemos que destacar el vestido que luci\u00f3 en su confirmaci\u00f3n. Un modelo en color azul sencillo y elegante que llev\u00f3 con zapatos de tac\u00f3n.\n<\/p>\n<p> <!-- TOPICS --> <\/p>\n","protected":false},"excerpt":{"rendered":"<p>A punto de cumplir la mayor\u00eda de edad y de convertirse en el personaje principal de la monarqu\u00eda espa\u00f1ola con la jura de la Constituci\u00f3n, la princesa Leonor ya es un icono de estilo en el mundo royal. Con un gran referente estil\u00edstico como es la reina Letizia, la heredera a la corona parece haber [&hellip;]<\/p>\n","protected":false},"author":1,"featured_media":68970,"comment_status":"closed","ping_status":"closed","sticky":false,"template":"","format":"standard","meta":[],"categories":[1],"tags":[],"_links":{"self":[{"href":"http:\/\/hoycordobaweb.com\/index.php\/wp-json\/wp\/v2\/posts\/68969"}],"collection":[{"href":"http:\/\/hoycordobaweb.com\/index.php\/wp-json\/wp\/v2\/posts"}],"about":[{"href":"http:\/\/hoycordobaweb.com\/index.php\/wp-json\/wp\/v2\/types\/post"}],"author":[{"embeddable":true,"href":"http:\/\/hoycordobaweb.com\/index.php\/wp-json\/wp\/v2\/users\/1"}],"replies":[{"embeddable":true,"href":"http:\/\/hoycordobaweb.com\/index.php\/wp-json\/wp\/v2\/comments?post=68969"}],"version-history":[{"count":0,"href":"http:\/\/hoycordobaweb.com\/index.php\/wp-json\/wp\/v2\/posts\/68969\/revisions"}],"wp:featuredmedia":[{"embeddable":true,"href":"http:\/\/hoycordobaweb.com\/index.php\/wp-json\/wp\/v2\/media\/68970"}],"wp:attachment":[{"href":"http:\/\/hoycordobaweb.com\/index.php\/wp-json\/wp\/v2\/media?parent=68969"}],"wp:term":[{"taxonomy":"category","embeddable":true,"href":"http:\/\/hoycordobaweb.com\/index.php\/wp-json\/wp\/v2\/categories?post=68969"},{"taxonomy":"post_tag","embeddable":true,"href":"http:\/\/hoycordobaweb.com\/index.php\/wp-json\/wp\/v2\/tags?post=68969"}],"curies":[{"name":"wp","href":"https:\/\/api.w.org\/{rel}","templated":true}]}}