{"id":68955,"date":"2023-10-31T02:29:45","date_gmt":"2023-10-31T02:29:45","guid":{"rendered":"https:\/\/www.ole.com.ar\/futbol-ascenso\/ascenso_0_2ogv9u6ymA.html"},"modified":"2023-10-31T02:29:45","modified_gmt":"2023-10-31T02:29:45","slug":"rafaela-se-ilusiona-de-la-mano-de-bieler","status":"publish","type":"post","link":"http:\/\/hoycordobaweb.com\/index.php\/2023\/10\/31\/rafaela-se-ilusiona-de-la-mano-de-bieler\/","title":{"rendered":"Rafaela se ilusiona de la mano de Bieler"},"content":{"rendered":"<p><img src=\"http:\/\/hoycordobaweb.com\/wp-content\/uploads\/2023\/10\/rafaela-se-ilusiona-de-la-mano-de-bieler.jpg\"><\/p>\n<div><img src=\"http:\/\/hoycordobaweb.com\/wp-content\/uploads\/2023\/10\/rafaela-se-ilusiona-de-la-mano-de-bieler.jpg\" class=\"ff-og-image-inserted\"><\/div>\n<div readability=\"31.189409368635\">\n<p>Es el jugador m\u00e1s importante. Es el hombre de jerarqu\u00eda. <strong>Con 39 a\u00f1os en el lomo, <a href=\"https:\/\/www.ole.com.ar\/tema\/claudio-bieler.html\" title=\"Claudio Bieler\" alt=\"Claudio Bieler\" class=\"slug\">Claudio Bieler<\/a> volvi\u00f3 a demostrar la importancia que tiene en este <a href=\"https:\/\/www.ole.com.ar\/tema\/atletico-rafaela.html\" title=\"Atl\u00e9tico Rafaela\" alt=\"Atl\u00e9tico Rafaela\" class=\"slug\">Atl\u00e9tico de Rafaela<\/a><\/strong>. Porque el delantero, que llegaba tocado desde lo f\u00edsico, no se quiso perder el duelo contra <a href=\"https:\/\/www.ole.com.ar\/tema\/defensores-de-belgrano.html\" title=\"Defensores de Belgrano\" alt=\"Defensores de Belgrano\" class=\"slug\">Defensores de Belgrano<\/a> y fue clave: <strong>convirti\u00f3 el 1-0 y sell\u00f3 el pasaje a los cuartos de final del Reducido de la <a href=\"https:\/\/www.ole.com.ar\/tema\/primera-nacional.html\" title=\"Primera Nacional\" alt=\"Primera Nacional\" class=\"slug\">Primera Nacional<\/a> <\/strong>para que el equipo siga ilusion\u00e1ndose con la posibilidad de retornar a la<a href=\"https:\/\/www.ole.com.ar\/tema\/liga-profesional.html\" title=\"Liga Profesional\" alt=\"Liga Profesional\" class=\"slug\"> Liga Profesional<\/a>.<\/p>\n<\/div>\n<div readability=\"39\">\n<p><strong>La Crema tuvo que batallar much\u00edsimo para conseguir el paso a la pr\u00f3xima ronda. <\/strong>Es que el Drag\u00f3n, necesitaba de un triunfo para permanecer con vida, se plant\u00f3 de visitante y cont\u00f3 con las mejores situaciones en el primer tiempo. Por un lado, Patricio Moyano tuvo un remate desde afuera del \u00e1rea que se fue apenas desviado. Por el otro, el Topo Aguirre se perdi\u00f3 una chance clarita tras una presi\u00f3n alta.<\/p>\n<\/div>\n<div readability=\"36.34096692112\">\n<p>Sin embargo, <strong>el local enderez\u00f3 el rumbo en el complemento a partir de la chapa del Taca. <\/strong>S\u00ed, el goleador hist\u00f3rico de <a href=\"https:\/\/www.ole.com.ar\/tema\/atletico-rafaela.html\" title=\"Atl\u00e9tico Rafaela\" alt=\"Atl\u00e9tico Rafaela\" class=\"slug\">Rafaela<\/a> (lleg\u00f3 a 14 tantos en la temporada y 62 en el club) sac\u00f3 provecho de una floja salida de Ignacio Pietrobono para poner el 1-0 y sacarse la bronca por las complicaciones f\u00edsicas que tuvo en los \u00faltimos d\u00edas y que hicieron peligrar su presencia en el encuentro.<\/p>\n<\/div>\n<div readability=\"31.085714285714\">\n<p>As\u00ed, <strong>La Crema avanz\u00f3 a los cuartos de final aunque deber\u00e1 esperar el fallo del Tribunal de Disciplina sobre el partido de <a href=\"https:\/\/www.ole.com.ar\/tema\/quilmes.html\" title=\"Quilmes\" alt=\"Quilmes\" class=\"slug\">Quilmes<\/a>&#8211;<a href=\"https:\/\/www.ole.com.ar\/tema\/gimnasia-de-mendoza.html\" title=\"Gimnasia de Mendoza\" alt=\"Gimnasia de Mendoza\" class=\"slug\">Gimnasia <\/a>de Mendoza para conocer su rival<\/strong>.<\/p>\n<\/div>\n","protected":false},"excerpt":{"rendered":"<p>Es el jugador m\u00e1s importante. Es el hombre de jerarqu\u00eda. Con 39 a\u00f1os en el lomo, Claudio Bieler volvi\u00f3 a demostrar la importancia que tiene en este Atl\u00e9tico de Rafaela. Porque el delantero, que llegaba tocado desde lo f\u00edsico, no se quiso perder el duelo contra Defensores de Belgrano y fue clave: convirti\u00f3 el 1-0 [&hellip;]<\/p>\n","protected":false},"author":1,"featured_media":68956,"comment_status":"open","ping_status":"closed","sticky":false,"template":"","format":"standard","meta":[],"categories":[16],"tags":[],"_links":{"self":[{"href":"http:\/\/hoycordobaweb.com\/index.php\/wp-json\/wp\/v2\/posts\/68955"}],"collection":[{"href":"http:\/\/hoycordobaweb.com\/index.php\/wp-json\/wp\/v2\/posts"}],"about":[{"href":"http:\/\/hoycordobaweb.com\/index.php\/wp-json\/wp\/v2\/types\/post"}],"author":[{"embeddable":true,"href":"http:\/\/hoycordobaweb.com\/index.php\/wp-json\/wp\/v2\/users\/1"}],"replies":[{"embeddable":true,"href":"http:\/\/hoycordobaweb.com\/index.php\/wp-json\/wp\/v2\/comments?post=68955"}],"version-history":[{"count":0,"href":"http:\/\/hoycordobaweb.com\/index.php\/wp-json\/wp\/v2\/posts\/68955\/revisions"}],"wp:featuredmedia":[{"embeddable":true,"href":"http:\/\/hoycordobaweb.com\/index.php\/wp-json\/wp\/v2\/media\/68956"}],"wp:attachment":[{"href":"http:\/\/hoycordobaweb.com\/index.php\/wp-json\/wp\/v2\/media?parent=68955"}],"wp:term":[{"taxonomy":"category","embeddable":true,"href":"http:\/\/hoycordobaweb.com\/index.php\/wp-json\/wp\/v2\/categories?post=68955"},{"taxonomy":"post_tag","embeddable":true,"href":"http:\/\/hoycordobaweb.com\/index.php\/wp-json\/wp\/v2\/tags?post=68955"}],"curies":[{"name":"wp","href":"https:\/\/api.w.org\/{rel}","templated":true}]}}