{"id":68934,"date":"2023-10-29T12:28:00","date_gmt":"2023-10-29T12:28:00","guid":{"rendered":"https:\/\/fm-comunicar.com.ar\/contenido\/20855\/revivi-la-actuacion-del-ballet-danzerini-di-aviano"},"modified":"2023-10-29T12:28:00","modified_gmt":"2023-10-29T12:28:00","slug":"revivi-la-actuacion-del-ballet-danzerini-di-aviano","status":"publish","type":"post","link":"http:\/\/hoycordobaweb.com\/index.php\/2023\/10\/29\/revivi-la-actuacion-del-ballet-danzerini-di-aviano\/","title":{"rendered":"Reviv\u00ed la actuaci\u00f3n del ballet \u00abDanzerini di Aviano\u00bb"},"content":{"rendered":"<p>El grupo de la regi\u00f3n del Friuli Venezia-Giulia se present\u00f3 el viernes a la noche en el club de Puesto Viejo con el Conjunto Alegr\u00eee y el Coro Lidr\u00ees.<img src=\"http:\/\/hoycordobaweb.com\/wp-content\/uploads\/2023\/10\/revivi-la-actuacion-del-ballet-danzerini-di-aviano.jpg\"><\/p>\n","protected":false},"excerpt":{"rendered":"<p>El grupo de la regi\u00f3n del Friuli Venezia-Giulia se present\u00f3 el viernes a la noche en el club de Puesto Viejo con el Conjunto Alegr\u00eee y el Coro Lidr\u00ees.<\/p>\n","protected":false},"author":1,"featured_media":68935,"comment_status":"closed","ping_status":"closed","sticky":false,"template":"","format":"standard","meta":[],"categories":[18],"tags":[],"_links":{"self":[{"href":"http:\/\/hoycordobaweb.com\/index.php\/wp-json\/wp\/v2\/posts\/68934"}],"collection":[{"href":"http:\/\/hoycordobaweb.com\/index.php\/wp-json\/wp\/v2\/posts"}],"about":[{"href":"http:\/\/hoycordobaweb.com\/index.php\/wp-json\/wp\/v2\/types\/post"}],"author":[{"embeddable":true,"href":"http:\/\/hoycordobaweb.com\/index.php\/wp-json\/wp\/v2\/users\/1"}],"replies":[{"embeddable":true,"href":"http:\/\/hoycordobaweb.com\/index.php\/wp-json\/wp\/v2\/comments?post=68934"}],"version-history":[{"count":0,"href":"http:\/\/hoycordobaweb.com\/index.php\/wp-json\/wp\/v2\/posts\/68934\/revisions"}],"wp:featuredmedia":[{"embeddable":true,"href":"http:\/\/hoycordobaweb.com\/index.php\/wp-json\/wp\/v2\/media\/68935"}],"wp:attachment":[{"href":"http:\/\/hoycordobaweb.com\/index.php\/wp-json\/wp\/v2\/media?parent=68934"}],"wp:term":[{"taxonomy":"category","embeddable":true,"href":"http:\/\/hoycordobaweb.com\/index.php\/wp-json\/wp\/v2\/categories?post=68934"},{"taxonomy":"post_tag","embeddable":true,"href":"http:\/\/hoycordobaweb.com\/index.php\/wp-json\/wp\/v2\/tags?post=68934"}],"curies":[{"name":"wp","href":"https:\/\/api.w.org\/{rel}","templated":true}]}}