{"id":68917,"date":"2023-10-29T08:10:16","date_gmt":"2023-10-29T08:10:16","guid":{"rendered":"https:\/\/www.mujerhoy.com\/vivir\/ocio\/casas-encantadas-madrid-fantasma-misterio-tragedia-casa-america-20231029005536-nt.html"},"modified":"2023-10-29T08:10:16","modified_gmt":"2023-10-29T08:10:16","slug":"de-malasana-a-tirso-de-molina-las-casas-encantadas-de-madrid-con-fantasmas-tragedias-misterios-y-muertes-violentas","status":"publish","type":"post","link":"http:\/\/hoycordobaweb.com\/index.php\/2023\/10\/29\/de-malasana-a-tirso-de-molina-las-casas-encantadas-de-madrid-con-fantasmas-tragedias-misterios-y-muertes-violentas\/","title":{"rendered":"De Malasa\u00f1a a Tirso de Molina: las casas encantadas de Madrid con fantasmas, tragedias, misterios y muertes violentas"},"content":{"rendered":"<p><!-- AUTHOR --> <\/p>\n<div class=\"voc-author-timesocial \"> <!-- AUTHOR --> <\/p>\n<div class=\"voc-author-timesocial__signature\"> <!-- IMAGE AUTHOR --> <picture class=\"voc-image-signature\"> <img class=\"voc-image-signature__img\" src=\"http:\/\/hoycordobaweb.com\/wp-content\/uploads\/2023\/10\/de-malasana-a-tirso-de-molina-las-casas-encantadas-de-madrid-con-fantasmas-tragedias-misterios-y-muertes-violentas.jpg\" alt=\"Elena Romero Vargas\"> <\/picture> <!-- INFO AUTHOR --> <\/div><\/div>\n<p> <!-- COMPONENTS --> <\/p>\n<p class=\"voc-paragraph\">En la plaza de Cibeles, entre el madrile\u00f1o Paseo del Prado y la calle Alcal\u00e1, se encuentra uno de los edificios m\u00e1s impresionantes de la ciudad. Esta construcci\u00f3n con m\u00e1s de dos siglos de historia es desde 1990 la sede de la <strong>Casa de Am\u00e9rica<\/strong>, pero antes de ser un organismo p\u00fablico este palacio fue la residencia de los <strong>primeros marqueses de Linares<\/strong>, los protagonistas de la historia de miedo local que tienes que conocer para <a data-voc-vtm-id=\"in-text-traffic\" href=\"https:\/\/www.mujerhoy.com\/vivir\/ocio\/201810\/30\/libros-terror-miedo-halloween-601404937598-ga.html\">vivir el Halloween m\u00e1s aterrador<\/a> sin salir de la ciudad.\n<\/p>\n<p class=\"voc-paragraph\"><strong>Jos\u00e9 de Murga y Reolid <\/strong>y <strong>Raimunda de Osorio y Ortega <\/strong>fueron los primeros marqueses de Linares que, en 1884 convirtieron el antiguo Palacio de Murga en su hogar, que desde ese momento pas\u00f3 a conocerse como <strong>Palacio de Linares<\/strong>. Pero para conocer la historia completa, hay que remontarse unos a\u00f1os antes.\n<\/p>\n<p class=\"voc-paragraph\">Un joven Jos\u00e9, hijo del comercial Mateo de Murga y Michelena, qued\u00f3 prendado de Raimunda, hija de una hermosa cigarrera de Lavapi\u00e9s. Cuando Jos\u00e9 le cont\u00f3 a su padre sobre su enamoramiento, \u00e9ste <strong>se neg\u00f3 a aprobar la relaci\u00f3n<\/strong>. Su negativa lleg\u00f3 a tal punto que mand\u00f3 a su hijo a estudiar a Londres, pero ni la distancia pudo romper la fuerte historia de amor que hab\u00eda comenzado entre los muchachos.\n<\/p>\n<p class=\"voc-paragraph\">A su vuelta de Londres, la pareja contrajo matrimonio en contra de la voluntad del progenitor del chico. Sin embargo, Mateo de Murga y Minchela ten\u00eda razones de peso para oponerse a su enlace que el joven matrimonio no tard\u00f3 en descubrir y que cambiar\u00eda el rumbo de su vida y de su muerte: <strong>Jos\u00e9 y Raimunda eran hermanos de padre<\/strong>, fruto de una relaci\u00f3n extramatrimonial que de Murga tuvo con la cigarrera de Lavapi\u00e9s.\n<\/p>\n<div class=\"voc-detail__cmp\">\n<div class=\"voc-article-container\">\n<article class=\"voc-article voc-article--cmp-photo-text\" readability=\"26\">\n<div class=\"voc-img-container\" readability=\"7\"> <picture>\n<div class=\"voc-horizontal voc-img-icon-link\"> <img class=\"lazy adsviu_analyse\" loading=\"lazy\" data-original=\"\/\/static.mujerhoy.com\/www\/multimedia\/202310\/26\/media\/cortadas\/palacio-linares-2-kIdD--624x624@MujerHoy.jpg\" alt=\"Palacio de Linares\"> <\/div>\n<\/picture>\n<p class=\"figure-caption \"> Palacio de Linares \/ <span class=\"voc-photo-author\"> CASA AM\u00c9RICA <\/span> <\/p>\n<\/p><\/div>\n<\/article><\/div>\n<\/div>\n<p class=\"voc-paragraph\">Cuando descubrieron que su relaci\u00f3n era incestuosa y temiendo el esc\u00e1ndalo que eso podr\u00eda despertar en la sociedad del momento, la pareja acudi\u00f3 al Papa P\u00edo IX para conseguir <strong>una bula Casti convivere <\/strong>que les permit\u00eda vivir juntos pero en castidad. Pero era demasiado tarde. Para cuando consiguieron la bula, Jos\u00e9 y Raiumunda ya hab\u00edan engendrado una ni\u00f1a a la que pusieron el nombre de su madre, aunque todo el mundo la conoce como <strong>Raiumundita<\/strong>.\n<\/p>\n<p class=\"voc-paragraph\">Sin embargo, la existencia de Raiumundita solo recordaba a sus padres lo turbio de su uni\u00f3n, por eso <strong>decidieron asesinarla<\/strong>. La leyenda maneja dos versiones: o la ahogaron en el pozo o la emparedaron, pero en cualquier caso, acabaron de manera brutal con la vida de la peque\u00f1a. Desde entonces, se dice que<br \/>\n<strong> su fantasma vaga por las estancias del palacio <\/strong>y se puede escuchar c\u00f3mo Raimundita llora y se lamenta de su triste final y la falta de amor de sus padres.\n<\/p>\n<p class=\"voc-paragraph\">Pero, aunque la ni\u00f1a sea la gran protagonista de la historia y la principal presencia que expertos y curisosos afirman haber visto y o\u00eddo, Raimundita no est\u00e1 sola. La leyenda habla tambi\u00e9n de <strong>la presencia del fantasma de sus padres<\/strong>, que despu\u00e9s del tr\u00e1gico final que le dieron a su hija y el peso de sus actos, no lograron descansar en paz y vagan por las distintas dependencias de uno de los edificios m\u00e1s majestuosos de Madrid y con una de las historias paranormales m\u00e1s sonadas de la ciudad.\n<\/p>\n<p class=\"voc-paragraph\">Pero la Casa de Am\u00e9rica no es el \u00fanico edificio que entra\u00f1a una leyenda que pone la piel de gallina. La realidad es que Madrid est\u00e1 <strong>plagado de edificios y lugares con historias paranormales<\/strong>, muchos tan famosos y tan a la vista que asusta que, cuando conoces sus entresijos, asustan a\u00fan m\u00e1s. Estos son algunos de ellos:\n<\/p>\n<div class=\"voc-detail__cmp\">\n<div class=\"voc-article-container\">\n<article class=\"voc-article voc-article--cmp-photo-text\" readability=\"27\">\n<div class=\"voc-img-container\" readability=\"9\"> <picture>\n<div class=\"voc-horizontal voc-img-icon-link\"> <img class=\"lazy adsviu_analyse\" loading=\"lazy\" data-original=\"\/\/static1.mujerhoy.com\/www\/multimedia\/202310\/26\/media\/cortadas\/antonio-grilo-3-catastro-kIdD--624x624@MujerHoy.jpg\" alt=\"Calle Antonio Grilo, n\u00ba3, barrio de Malasa\u00f1a\"> <\/div>\n<\/picture>\n<p class=\"figure-caption \"> Calle Antonio Grilo, n\u00ba3, barrio de Malasa\u00f1a \/ <span class=\"voc-photo-author\"> sede celectr\u00f3nica del catastro <\/span> <\/p>\n<\/p><\/div>\n<\/article><\/div>\n<\/div>\n<p><h3 class=\"voc-detail__title\"> N\u00famero 3 de la calle Antonio Grilo, en Malasa\u00f1a<br \/>\n<\/h3>\n<\/p>\n<p class=\"voc-paragraph\">Malasa\u00f1a es uno de los barrios de moda de la ciudad, pero no todo es fiesta y diversi\u00f3n en sus calles: tambi\u00e9n existe una leyenda que ti\u00f1e de negro su historia, m\u00e1s concretamente, la historia del <strong>n\u00famero 3 de la calle Antonio Grilo<\/strong>. La que ya es conocida con el sobrenombre de \u00abcasa maldita\u00bb se gan\u00f3 su fama en 1945, cuando un sastre acab\u00f3 con la vida de su mujer y sus cinco hijos, expuso sus cad\u00e1veres en el balc\u00f3n y luego se suicid\u00f3 con un tiro. Aunque esta es la historia m\u00e1s sonada, los cr\u00edmenes no dejaron de sucederse desde muchos a\u00f1os antes: parricidios, accidentes, suicidios y hasta <strong>muertes en extra\u00f1as circunstancias<\/strong>. La sombra que cubre esta calle de Malasa\u00f1a es tal que incluso inspir\u00f3 la pel\u00edcula de Paco Plaza, Malasa\u00f1a 32 (2020).\n<\/p>\n<div class=\"voc-detail__cmp\">\n<div class=\"voc-article-container\">\n<article class=\"voc-article voc-article--cmp-photo-text\" readability=\"26\">\n<div class=\"voc-img-container\" readability=\"7\"> <picture>\n<div class=\"voc-horizontal voc-img-icon-link\"> <img class=\"lazy adsviu_analyse\" loading=\"lazy\" data-original=\"\/\/static1.mujerhoy.com\/www\/multimedia\/202310\/26\/media\/cortadas\/metro-tirso-molina-kIdD--624x624@MujerHoy.jpg\" alt=\"Metro de Tirso de Molina\"> <\/div>\n<\/picture>\n<p class=\"figure-caption \"> Metro de Tirso de Molina \/ <span class=\"voc-photo-author\"> turismo madrid <\/span> <\/p>\n<\/p><\/div>\n<\/article><\/div>\n<\/div>\n<p><h3 class=\"voc-detail__title\"> Estaci\u00f3n de metro de Tirso de Molina<br \/>\n<\/h3>\n<\/p>\n<p class=\"voc-paragraph\">La <strong>estaci\u00f3n de metro de Tirso de Molina <\/strong>fue inaugurada en 1921 con el nombre de Progreso, que es como se llamaba la plaza en la que estaba ubicada. Pero antes de que llegase el metro ya pasaban cosas en ese lugar que tienen una importancia capital para entender esta historia de fantasmas. Donde hoy est\u00e1 la estaci\u00f3n de metro se ubic\u00f3 hasta 1834 el <strong>Convento de la Merced<\/strong>. La tradici\u00f3n marcaba que, cuando un fraile fallec\u00eda, se enterraban en el mismo convento. Cuando comenzaron las obras del metro, descubrieron los restos de los cad\u00e1veres de los frailes, pero en vez de enterrarlos, decidieron ocultarlos tras los azulejos del metro. Muchos viajeros aseguran haber escuchado voces y lamentos de estos frailes que quedaron emparedados en los andenes y pasillos. Pero no es la \u00fanica leyenda negra relacionada con la estaci\u00f3n. Tambi\u00e9n se habla de una <strong>anciana muerta <\/strong>que se sube a los vagones del metro y que mira fijamente y de manera inquierante a los pasajeros que tienen la osad\u00eda de compartir viaje con ella.\n<\/p>\n<div class=\"voc-detail__cmp\">\n<div class=\"voc-article-container\">\n<article class=\"voc-article voc-article--cmp-photo-text\" readability=\"26\">\n<div class=\"voc-img-container\" readability=\"7\"> <picture>\n<div class=\"voc-horizontal voc-img-icon-link\"> <img class=\"lazy adsviu_analyse\" loading=\"lazy\" data-original=\"\/\/static3.mujerhoy.com\/www\/multimedia\/202310\/26\/media\/cortadas\/museo-reina-sofia-kIdD--624x624@MujerHoy.jpg\" alt=\"Museo Reina Sof\u00eda\"> <\/div>\n<\/picture>\n<p class=\"figure-caption \"> Museo Reina Sof\u00eda \/ <span class=\"voc-photo-author\"> turismo madrid <\/span> <\/p>\n<\/p><\/div>\n<\/article><\/div>\n<\/div>\n<p><h3 class=\"voc-detail__title\"> Museo Reina Sof\u00eda de Madrid<br \/>\n<\/h3>\n<\/p>\n<p class=\"voc-paragraph\">Ni los espacios culturales m\u00e1s prestigiosos de la ciudad se libran de su leyenda de terror. Es el caso del <strong>Museo Reina Sof\u00eda de Madrid<\/strong>, que adem\u00e1s de guardar entre sus muros algunas de las obras de arte m\u00e1s importantes de la historia, tambi\u00e9n conserva, seg\u00fan algunos visitantes, los recuerdos m\u00e1s escalofriantes de su pasado. En el S.XVI este lugar estaba ocupado por un hospital donde cada d\u00eda <strong>fallec\u00edan multitud de personas<\/strong>. Los cuerpos que no eran reclamados se enterraban en el s\u00f3tano del hospital, y muchos de esos restos siguen hoy a los pies del museo. Desde el momento de su inauguraci\u00f3n, vigilantes y turistas han explicado c\u00f3mo han oido pisadas, conversaciones y sentido presencias que parec\u00edan no venir de ninguna parte.\n<\/p>\n<div class=\"voc-detail__cmp\">\n<div class=\"voc-article-container\">\n<article class=\"voc-article voc-article--cmp-photo-text\" readability=\"26\">\n<div class=\"voc-img-container\" readability=\"7\"> <picture>\n<div class=\"voc-horizontal voc-img-icon-link\"> <img class=\"lazy adsviu_analyse\" loading=\"lazy\" data-original=\"\/\/static.mujerhoy.com\/www\/multimedia\/202310\/26\/media\/cortadas\/casa-siete-chimeneas-turismo-madrid-kIdD--624x624@MujerHoy.jpg\" alt=\"Casa de las Siete Chimeneas\"> <\/div>\n<\/picture>\n<p class=\"figure-caption \"> Casa de las Siete Chimeneas \/ <span class=\"voc-photo-author\"> TURISMO MADRID <\/span> <\/p>\n<\/p><\/div>\n<\/article><\/div>\n<\/div>\n<p><h3 class=\"voc-detail__title\"> La Casa de las Siete Chimeneas<br \/>\n<\/h3>\n<\/p>\n<p class=\"voc-paragraph\">Raimundita no es el \u00fanico fantasma con nombre propio que vaga por Madrid. Otra de las m\u00e1s populares en la esfera paranormal madrile\u00f1a es Elena, el fantasma que pasea por los rejados de <strong>la Casa de las Siete Chimeneas<\/strong>. El edificio situado en la Plaza del Rey, seg\u00fan cuenta la leyenda, fue construido por \u00f3rdenes del rey Felipe II para dar cobijo a <strong>Elena<\/strong>, una joven de extra\u00f1a belleza que no tard\u00f3 en convertirse en su amante. Sin embargo, por la condici\u00f3n social de la chica, su amor no prosper\u00f3 y acab\u00f3 cas\u00e1ndose con el capit\u00e1n Zapata, con la mala suerte de que falleci\u00f3 en la guerra de Flandes y Elena qued\u00f3 viuda y triste muy joven. Su tristeza era tal que, en cuanto encontraron su cuerpo sin vida, no se dud\u00f3 ni un segundo en que la causa de su muerte hab\u00eda sido la pena. Sin embargo, se acab\u00f3 por descubrir que Elena, en realidad, hab\u00eda sido asesinada, y la situaci\u00f3n se complic\u00f3 a\u00fan m\u00e1s cuando su cuerpo desapareci\u00f3. Desde entonces, no han sido pocos los testigos que han asegurado ver la silueta de una mujer vestida de blanco andando por los tejados de este edificio.\n<\/p>\n<p> <!-- TOPICS --> <\/p>\n","protected":false},"excerpt":{"rendered":"<p>En la plaza de Cibeles, entre el madrile\u00f1o Paseo del Prado y la calle Alcal\u00e1, se encuentra uno de los edificios m\u00e1s impresionantes de la ciudad. Esta construcci\u00f3n con m\u00e1s de dos siglos de historia es desde 1990 la sede de la Casa de Am\u00e9rica, pero antes de ser un organismo p\u00fablico este palacio fue [&hellip;]<\/p>\n","protected":false},"author":1,"featured_media":68918,"comment_status":"closed","ping_status":"closed","sticky":false,"template":"","format":"standard","meta":[],"categories":[1],"tags":[],"_links":{"self":[{"href":"http:\/\/hoycordobaweb.com\/index.php\/wp-json\/wp\/v2\/posts\/68917"}],"collection":[{"href":"http:\/\/hoycordobaweb.com\/index.php\/wp-json\/wp\/v2\/posts"}],"about":[{"href":"http:\/\/hoycordobaweb.com\/index.php\/wp-json\/wp\/v2\/types\/post"}],"author":[{"embeddable":true,"href":"http:\/\/hoycordobaweb.com\/index.php\/wp-json\/wp\/v2\/users\/1"}],"replies":[{"embeddable":true,"href":"http:\/\/hoycordobaweb.com\/index.php\/wp-json\/wp\/v2\/comments?post=68917"}],"version-history":[{"count":0,"href":"http:\/\/hoycordobaweb.com\/index.php\/wp-json\/wp\/v2\/posts\/68917\/revisions"}],"wp:featuredmedia":[{"embeddable":true,"href":"http:\/\/hoycordobaweb.com\/index.php\/wp-json\/wp\/v2\/media\/68918"}],"wp:attachment":[{"href":"http:\/\/hoycordobaweb.com\/index.php\/wp-json\/wp\/v2\/media?parent=68917"}],"wp:term":[{"taxonomy":"category","embeddable":true,"href":"http:\/\/hoycordobaweb.com\/index.php\/wp-json\/wp\/v2\/categories?post=68917"},{"taxonomy":"post_tag","embeddable":true,"href":"http:\/\/hoycordobaweb.com\/index.php\/wp-json\/wp\/v2\/tags?post=68917"}],"curies":[{"name":"wp","href":"https:\/\/api.w.org\/{rel}","templated":true}]}}