{"id":68823,"date":"2023-10-27T18:54:56","date_gmt":"2023-10-27T18:54:56","guid":{"rendered":"https:\/\/fono.fcm.unc.edu.ar\/?p=11371"},"modified":"2023-10-27T18:54:56","modified_gmt":"2023-10-27T18:54:56","slug":"60-aniversario-charla-abierta-a-la-comunidad-menopausia-prevencion-de-cancer-de-mama-y-osteoporosis","status":"publish","type":"post","link":"http:\/\/hoycordobaweb.com\/index.php\/2023\/10\/27\/60-aniversario-charla-abierta-a-la-comunidad-menopausia-prevencion-de-cancer-de-mama-y-osteoporosis\/","title":{"rendered":"60\u00b0 Aniversario \u2013 Charla abierta a la comunidad: \u00abMenopausia. Prevenci\u00f3n de C\u00e1ncer de Mama y Osteoporosis\u00bb"},"content":{"rendered":"<h2 class=\"fusion-post-title\">60\u00b0 Aniversario \u2013 Charla abierta a la comunidad: \u00abMenopausia. Prevenci\u00f3n de C\u00e1ncer de Mama y Osteoporosis\u00bb<\/h2>\n<div class=\"post-content\" readability=\"36\">\n<p><img loading=\"lazy\" class=\"alignright size-fusion-400 wp-image-11372\" src=\"https:\/\/fono.fcm.unc.edu.ar\/wp-content\/uploads\/sites\/14\/2023\/10\/charlaextencionFCM-400x404.jpg\" alt width=\"400\" height=\"404\" srcset=\"https:\/\/fono.fcm.unc.edu.ar\/wp-content\/uploads\/sites\/14\/2023\/10\/charlaextencionFCM-66x66.jpg 66w, https:\/\/fono.fcm.unc.edu.ar\/wp-content\/uploads\/sites\/14\/2023\/10\/charlaextencionFCM-200x202.jpg 200w, https:\/\/fono.fcm.unc.edu.ar\/wp-content\/uploads\/sites\/14\/2023\/10\/charlaextencionFCM-297x300.jpg 297w, https:\/\/fono.fcm.unc.edu.ar\/wp-content\/uploads\/sites\/14\/2023\/10\/charlaextencionFCM-400x404.jpg 400w, https:\/\/fono.fcm.unc.edu.ar\/wp-content\/uploads\/sites\/14\/2023\/10\/charlaextencionFCM-600x606.jpg 600w, https:\/\/fono.fcm.unc.edu.ar\/wp-content\/uploads\/sites\/14\/2023\/10\/charlaextencionFCM-768x776.jpg 768w, https:\/\/fono.fcm.unc.edu.ar\/wp-content\/uploads\/sites\/14\/2023\/10\/charlaextencionFCM-800x808.jpg 800w, https:\/\/fono.fcm.unc.edu.ar\/wp-content\/uploads\/sites\/14\/2023\/10\/charlaextencionFCM-1014x1024.jpg 1014w, https:\/\/fono.fcm.unc.edu.ar\/wp-content\/uploads\/sites\/14\/2023\/10\/charlaextencionFCM.jpg 1069w\" sizes=\"(max-width: 400px) 100vw, 400px\">La Secretaria de Extensi\u00f3n de la Facultad de Ciencias M\u00e9dicas, invita a una Charla abierta a la comunidad: \u00abMenopausia. Prevenci\u00f3n de C\u00e1ncer de Mama y Osteoporosis\u00bb.<br \/>El encuentro se llevar\u00e1 a cabo de manera virtual con transmisi\u00f3n en vivo por Canal Salud de Youtube el d\u00eda 30 de octubre a las 19:00 horas. No se requiere inscripci\u00f3n.<\/p>\n<\/p><\/div>\n","protected":false},"excerpt":{"rendered":"<p>60\u00b0 Aniversario \u2013 Charla abierta a la comunidad: \u00abMenopausia. Prevenci\u00f3n de C\u00e1ncer de Mama y Osteoporosis\u00bb La Secretaria de Extensi\u00f3n de la Facultad de Ciencias M\u00e9dicas, invita a una Charla abierta a la comunidad: \u00abMenopausia. Prevenci\u00f3n de C\u00e1ncer de Mama y Osteoporosis\u00bb.El encuentro se llevar\u00e1 a cabo de manera virtual con transmisi\u00f3n en vivo por [&hellip;]<\/p>\n","protected":false},"author":1,"featured_media":0,"comment_status":"closed","ping_status":"closed","sticky":false,"template":"","format":"standard","meta":[],"categories":[1],"tags":[],"_links":{"self":[{"href":"http:\/\/hoycordobaweb.com\/index.php\/wp-json\/wp\/v2\/posts\/68823"}],"collection":[{"href":"http:\/\/hoycordobaweb.com\/index.php\/wp-json\/wp\/v2\/posts"}],"about":[{"href":"http:\/\/hoycordobaweb.com\/index.php\/wp-json\/wp\/v2\/types\/post"}],"author":[{"embeddable":true,"href":"http:\/\/hoycordobaweb.com\/index.php\/wp-json\/wp\/v2\/users\/1"}],"replies":[{"embeddable":true,"href":"http:\/\/hoycordobaweb.com\/index.php\/wp-json\/wp\/v2\/comments?post=68823"}],"version-history":[{"count":0,"href":"http:\/\/hoycordobaweb.com\/index.php\/wp-json\/wp\/v2\/posts\/68823\/revisions"}],"wp:attachment":[{"href":"http:\/\/hoycordobaweb.com\/index.php\/wp-json\/wp\/v2\/media?parent=68823"}],"wp:term":[{"taxonomy":"category","embeddable":true,"href":"http:\/\/hoycordobaweb.com\/index.php\/wp-json\/wp\/v2\/categories?post=68823"},{"taxonomy":"post_tag","embeddable":true,"href":"http:\/\/hoycordobaweb.com\/index.php\/wp-json\/wp\/v2\/tags?post=68823"}],"curies":[{"name":"wp","href":"https:\/\/api.w.org\/{rel}","templated":true}]}}