{"id":68789,"date":"2023-10-27T21:11:50","date_gmt":"2023-10-27T21:11:50","guid":{"rendered":"https:\/\/ladecimaweb.com\/?p=21375"},"modified":"2023-10-27T21:11:50","modified_gmt":"2023-10-27T21:11:50","slug":"macri-recargado-acuso-al-radicalismo-de-transar-con-massa","status":"publish","type":"post","link":"http:\/\/hoycordobaweb.com\/index.php\/2023\/10\/27\/macri-recargado-acuso-al-radicalismo-de-transar-con-massa\/","title":{"rendered":"Macri recargado: acus\u00f3 al radicalismo de \u201ctransar\u201d con Massa"},"content":{"rendered":"<div class=\"boldgrid-section\">\n<div class=\"container\">\n<div class=\"row\">\n<div class=\"col-md-12 col-xs-12 col-sm-12\">\n<p>(NA) El expresidente<span>&nbsp;<\/span><strong>Mauricio Macri<span>&nbsp;<\/span><\/strong>abri\u00f3 fuego contra la<span>&nbsp;<\/span><strong>Uni\u00f3n C\u00edvica Radical<\/strong>, en especial contra su m\u00e1ximos exponentes como los son<span>&nbsp;<\/span><strong>Gerardo Morales, Mart\u00edn Lousteau<span>&nbsp;<\/span><\/strong>y<strong><span>&nbsp;<\/span>Emiliano Yacobitti<\/strong>, al acusarlos de<strong><span>&nbsp;<\/span>&#8220;transar&#8221;<\/strong><span>&nbsp;<\/span>con el ministro de Econom\u00eda y candidato de Uni\u00f3n por la Patria,<strong><span>&nbsp;<\/span>Sergio Massa.<\/strong><\/p>\n<p>Las cr\u00edticas del exmandatario abonan a la crisis de Juntos por el Cambio surgida de los cuestionamientos del radicalismo al apoyo expl\u00edcito de Macri y Patricia Bullrich, quienes tomaron parte por el aspirante presidencial libertario,<span>&nbsp;<\/span><strong>Javier Milei,<\/strong><span>&nbsp;<\/span>de cara a la segunda vuelta que tendr\u00e1 lugar el 19 de noviembre.&nbsp;<\/p>\n<p>&#8220;<strong>Ellos han tenido permanentes reuniones con Massa, con [Gerardo] Morales a la cabeza, le han apoyado todas las leyes que Massa ped\u00eda en contra de la decisi\u00f3n de la mayor\u00eda<\/strong>&#8220;, denunci\u00f3 en declaraciones radiales.<\/p>\n<p>En la misma l\u00ednea, detall\u00f3: &#8220;<strong>Morales, Yacobiti, Lousteau, todo el tiempo tranzando por detr\u00e1s de nosotros<\/strong>. Siempre hubo intercambio de cosas puntuales, siempre hay una excusa &#8216;mi provincia&#8217;, &#8216;la universidad&#8217;, en contra del inter\u00e9s de la mayor\u00eda de los argentinos&#8221;.<\/p>\n<p>El exfuncionario revel\u00f3 adem\u00e1s que el senador Mart\u00edn Lousteau y el dirigente Emiliano Yacobitti le pidieron a Bullrich, la noche de las elecciones generales,<span>&nbsp;<\/span><strong>que no le pegara a Massa en su discurso en el b\u00fanker<\/strong>.<span>&nbsp;<\/span><strong>&#8220;Ellos se sienten m\u00e1s c\u00f3modos con Massa que con la l\u00ednea del PRO,<\/strong><span>&nbsp;<\/span>pero hemos sabido convivir y vamos a decir en qu\u00e9 cosas vamos a seguir trabajando unidos para defender la institucionalidad gobierne quien gobierne&#8221;, remarc\u00f3 Macri.<\/p>\n<p>&#8220;<strong>No puede ser que bajo la falsa neutralidad, la vicepresidenta del radicalismo diga que va a votar a Massa, pero est\u00e1 mal que Patricia Bullrich salga a decir que vota a Milei.<\/strong><span>&nbsp;<\/span>Por favor, un poco de sinceridad&#8221;, se mostr\u00f3 enojado, y continu\u00f3: &#8220;\u00bfC\u00f3mo van a echar a alguien por oponerse que el kirchnerismo se quede en poder? \u00bfD\u00f3nde se ha visto?&#8221;.<\/p>\n<p data-mrf-recirculation=\"Links inline\">Y continu\u00f3: \u201cQue Mart\u00edn Lousteau trate de explicar d\u00f3nde est\u00e1 parado,&nbsp;<strong>que diga que va a votar a Massa<\/strong>, no me extra\u00f1ar\u00eda nada de alguien que siendo embajador en los Estados Unidos abandon\u00f3 la embajada justo cuando el Presidente iba a visitar a los Estados Unidos\u201d.<\/p>\n<p class=\"\" data-mrf-recirculation=\"Links inline\">\u201cQue lo diga.<span>&nbsp;<\/span><strong>Basta de tirar la piedra y esconder la mano.<\/strong><span>&nbsp;<\/span>Que lo diga. Y el d\u00eda que termine la elecci\u00f3n nos reuniremos todos en Juntos por el Cambio y discutiremos las cosas sobre la mesa\u201d, insisti\u00f3.<\/p>\n<p>Las cr\u00edticas del expresidente se hicieron extensivas a los referentes del PRO que no aceptaron respaldar al libertario entre los que se encuentra<span>&nbsp;<\/span><strong>Horacio Rodr\u00edguez Larreta, Mar\u00eda Eugenia Vidal<\/strong>, entre otros:&nbsp;&#8220;Ellos tienen una visi\u00f3n coherente con el anterior.<span>&nbsp;<\/span><strong>Lament\u00e9 que no hayan adherido a una propuesta de cambio m\u00e1s contundente&#8221;.<\/strong><\/p>\n<p>&#8220;<strong>Lo que se ha hecho no da excusa a nadie para creerse los due\u00f1os de Juntos por el Cambio<\/strong><span>&nbsp;<\/span><strong>y andar echando a nadie.<\/strong><span>&nbsp;<\/span>Los que de verdad son neutrales, se manifiesten, pero aquellos que usan la neutralidad para manifestar su apoyo a Massa que lo digan tambi\u00e9n&#8221;, subray\u00f3.<\/p>\n<p class=\"\">Consultado sobre los cuestionamientos de la l\u00edder de la Coalici\u00f3n C\u00edvica,<span>&nbsp;<\/span><strong>Elisa &#8220;Lilita&#8221; Carri\u00f3<\/strong><span>&nbsp;<\/span>asever\u00f3: \u201cCuando a la gente le gana el ego, se transforma en alguien que no puede construir nada bueno y lo que tenemos que lograr es recordar qui\u00e9n nos dio poder, que es la gente, y eso es para construir, no para da\u00f1ar\u201d.<\/p>\n<p class=\"\"><b>Lousteau duro<\/b><\/p>\n<p class=\"\">El senador nacional de la UCR&nbsp;<a href=\"https:\/\/noticiasargentinas.com\/politica\/lousteau-esta-claro-que-mauricio-macri-abandono-juntos-por-el-cambio\" target=\"_blank\" rel=\"noopener noreferrer\"><strong>Mart\u00edn Lousteau sali\u00f3 duro al cruce del ex presidente Mauricio Macri<\/strong><\/a>, quien asegur\u00f3 que los radicales &#8220;transaron&#8221; con Sergio Massa.<\/p>\n<p>&#8220;<strong>Macri es el gran responsable del fracaso de Juntos por el Cambio y de traernos a esta situaci\u00f3n angustiante de tener que elegir entre dos opciones p\u00e9simas para el futuro de la Argentina<\/strong>&#8220;, subray\u00f3 Lousteau.&nbsp;<\/p>\n<p>En su cuenta de la red social X, se\u00f1al\u00f3 que &#8220;por graves errores en su gobierno, Macri trajo de vuelta a Cristina y al kirchnerismo en 2019&#8221;.<\/p>\n<p class=\"\">&#8220;Luego, por su capricho personal, porque \u00e9l no pod\u00eda ser candidato, destruy\u00f3 la candidatura de Larreta y, finalmente, la de Bullrich. Ahora nos trae a Milei, o de nuevo a Massa con el kirchnerismo&#8221;, se quej\u00f3 el senador nacioanl.<\/p>\n<p class=\"\"><strong>Lombardi m\u00e1s duro<\/strong><\/p>\n<p>El diputado nacional<span>&nbsp;<\/span><strong>Hern\u00e1n Lombardi<\/strong><span>&nbsp;<\/span><strong>cruz\u00f3 al senador Mart\u00edn Lousteau<\/strong><span>&nbsp;<\/span>luego de que<span>&nbsp;<\/span><a href=\"https:\/\/noticiasargentinas.com\/politica\/lousteau-esta-claro-que-mauricio-macri-abandono-juntos-por-el-cambio\" target=\"_blank\" rel=\"noopener noreferrer\">el dirigente radical sostuvo que el responsable del \u201cfracaso\u201d de Juntos por el Cambio fue el ex presidente Mauricio Macri.<\/a><\/p>\n<p>\u201c<strong>Hasta ac\u00e1 llegaste individualista soberbio, autor de la 125<\/strong>.<span>&nbsp;<\/span><strong>Vot\u00e1 a Massa si eso es lo que pensaste siempre, funcionario del kirchnerismo<\/strong>\u201d, apunt\u00f3 el jefe de campa\u00f1a de Patricia Bullrich, quien aprovech\u00f3 para recordar el pasado de Lousteau en el gobierno del Frente para la Victoria.<\/p>\n<p class=\"\">En esa l\u00ednea, Lombardi carg\u00f3 contra el senador radical por sus dichos acerca del fundador del PRO. \u201cEnsuciar a @mauriciomacri que fund\u00f3 el PRO, que ayud\u00f3 a fundar una alternativa a estos mafiosos, que fue 2 veces jefe de gobierno y luego Presidente, pasa todos los l\u00edmites. Tergivers\u00e1s la historia\u201d, critic\u00f3.&nbsp;<\/p>\n<p>&nbsp;<\/p>\n<p class=\"\">\n<div class=\"ubm_banner\"><a href=\"http:\/\/www.cba.gov.ar\/prevencion-incendios\" target=\"_blank\" rel=\"dofollow noopener noreferrer\"><img src=\"http:\/\/hoycordobaweb.com\/wp-content\/uploads\/2023\/10\/macri-recargado-acuso-al-radicalismo-de-transar-con-massa.gif\" alt=\"\"><\/a><\/div>\n<\/div>\n<\/div>\n<\/div>\n<\/div>\n<p>La entrada <a rel=\"nofollow\" href=\"https:\/\/ladecimaweb.com\/macri-recargado-acuso-al-radicalismo-de-transar-con-massa\/\">Macri recargado: acus\u00f3 al radicalismo de &#8220;transar&#8221; con Massa<\/a> se public\u00f3 primero en <a rel=\"nofollow\" href=\"https:\/\/ladecimaweb.com\">LaDecima<\/a>.<\/p>\n","protected":false},"excerpt":{"rendered":"<p>(NA) El expresidente&nbsp;Mauricio Macri&nbsp;abri\u00f3 fuego contra la&nbsp;Uni\u00f3n C\u00edvica Radical, en especial contra su m\u00e1ximos exponentes como los son&nbsp;Gerardo Morales, Mart\u00edn Lousteau&nbsp;y&nbsp;Emiliano Yacobitti, al acusarlos de&nbsp;&#8220;transar&#8221;&nbsp;con el ministro de Econom\u00eda y candidato de Uni\u00f3n por la Patria,&nbsp;Sergio Massa. Las cr\u00edticas del exmandatario abonan a la crisis de Juntos por el Cambio surgida de los cuestionamientos del [&hellip;]<\/p>\n","protected":false},"author":1,"featured_media":68790,"comment_status":"closed","ping_status":"closed","sticky":false,"template":"","format":"standard","meta":[],"categories":[19],"tags":[],"_links":{"self":[{"href":"http:\/\/hoycordobaweb.com\/index.php\/wp-json\/wp\/v2\/posts\/68789"}],"collection":[{"href":"http:\/\/hoycordobaweb.com\/index.php\/wp-json\/wp\/v2\/posts"}],"about":[{"href":"http:\/\/hoycordobaweb.com\/index.php\/wp-json\/wp\/v2\/types\/post"}],"author":[{"embeddable":true,"href":"http:\/\/hoycordobaweb.com\/index.php\/wp-json\/wp\/v2\/users\/1"}],"replies":[{"embeddable":true,"href":"http:\/\/hoycordobaweb.com\/index.php\/wp-json\/wp\/v2\/comments?post=68789"}],"version-history":[{"count":0,"href":"http:\/\/hoycordobaweb.com\/index.php\/wp-json\/wp\/v2\/posts\/68789\/revisions"}],"wp:featuredmedia":[{"embeddable":true,"href":"http:\/\/hoycordobaweb.com\/index.php\/wp-json\/wp\/v2\/media\/68790"}],"wp:attachment":[{"href":"http:\/\/hoycordobaweb.com\/index.php\/wp-json\/wp\/v2\/media?parent=68789"}],"wp:term":[{"taxonomy":"category","embeddable":true,"href":"http:\/\/hoycordobaweb.com\/index.php\/wp-json\/wp\/v2\/categories?post=68789"},{"taxonomy":"post_tag","embeddable":true,"href":"http:\/\/hoycordobaweb.com\/index.php\/wp-json\/wp\/v2\/tags?post=68789"}],"curies":[{"name":"wp","href":"https:\/\/api.w.org\/{rel}","templated":true}]}}