{"id":68765,"date":"2023-10-26T23:31:25","date_gmt":"2023-10-26T23:31:25","guid":{"rendered":"https:\/\/www.trendencias.com\/cabello\/peinados-catrina-cinco-ideas-para-llevar-tu-disfraz-dia-muertos-lucir-increible"},"modified":"2023-10-26T23:31:25","modified_gmt":"2023-10-26T23:31:25","slug":"peinados-de-catrina-cinco-ideas-para-llevar-en-tu-disfraz-de-dia-de-muertos-y-lucir-increible","status":"publish","type":"post","link":"http:\/\/hoycordobaweb.com\/index.php\/2023\/10\/26\/peinados-de-catrina-cinco-ideas-para-llevar-en-tu-disfraz-de-dia-de-muertos-y-lucir-increible\/","title":{"rendered":"Peinados de Catrina: cinco ideas para llevar en tu disfraz de D\u00eda de Muertos y lucir incre\u00edble"},"content":{"rendered":"<p>El d\u00eda de muertos est\u00e1 cada vez m\u00e1s cerca, y con \u00e9l, las celebraciones que llenan de color los hogares, los cementerios <a href=\"https:\/\/www.trendencias.com\/viajes\/carrera-dia-muertos-looney-tunes-recorre-avenidas-cdmx-este-colorido-evento\">y las calles de todo el pa\u00eds<\/a>, por ello, no te puedes quedar atr\u00e1s con tu disfraz para esta festividad, <strong>en la que tu peinado se convertir\u00e1 en un gran protagonista<\/strong>, como tambi\u00e9n <a href=\"https:\/\/www.trendencias.com\/maquillaje\/cinco-ideas-maquillaje-para-llevar-este-dia-muertos-que-super-faciles-realizar\">lo ser\u00e1 tu maquillaje de catrina<\/a> y tu vestuario para la ocasi\u00f3n.<\/p>\n<p><!-- BREAK 1 --> <\/p>\n<p>Estas ideas de peinados ya ver\u00e1s que ser\u00e1n s\u00faper f\u00e1ciles de realizar, y es que, con los productos de estilismo para el cabello que ya tienes en casa y poco tiempo en su realizaci\u00f3n, <strong>podr\u00e1s llevar tu caracterizaci\u00f3n o disfraz<\/strong> a otro nivel.<\/p>\n<p><!-- BREAK 2 --><\/p>\n<h3>Chongo con flores<\/h3>\n<div class=\"article-asset-image article-asset-normal article-asset-center\">\n<div class=\"asset-content\"> <img class=\"centro_sinmarco\" height=\"750\" width=\"1125\" loading=\"lazy\" decoding=\"async\" sizes=\"100vw\" fetchpriority=\"high\" srcset=\"http:\/\/hoycordobaweb.com\/wp-content\/uploads\/2023\/10\/peinados-de-catrina-cinco-ideas-para-llevar-en-tu-disfraz-de-dia-de-muertos-y-lucir-increible.jpg 450w, http:\/\/hoycordobaweb.com\/wp-content\/uploads\/2023\/10\/peinados-de-catrina-cinco-ideas-para-llevar-en-tu-disfraz-de-dia-de-muertos-y-lucir-increible-5.jpg 681w, http:\/\/hoycordobaweb.com\/wp-content\/uploads\/2023\/10\/peinados-de-catrina-cinco-ideas-para-llevar-en-tu-disfraz-de-dia-de-muertos-y-lucir-increible-6.jpg 1024w, http:\/\/hoycordobaweb.com\/wp-content\/uploads\/2023\/10\/peinados-de-catrina-cinco-ideas-para-llevar-en-tu-disfraz-de-dia-de-muertos-y-lucir-increible-7.jpg 1366w\" src=\"http:\/\/hoycordobaweb.com\/wp-content\/uploads\/2023\/10\/peinados-de-catrina-cinco-ideas-para-llevar-en-tu-disfraz-de-dia-de-muertos-y-lucir-increible.jpg\" alt=\"Peinados De Catrina X Ideas Para Llevar En Tu Disfraz De Dia De Muertos Y Lucir Increible\"> <noscript><img alt=\"Peinados De Catrina X Ideas Para Llevar En Tu Disfraz De Dia De Muertos Y Lucir Increible\" class=\"centro_sinmarco\" src=\"http:\/\/hoycordobaweb.com\/wp-content\/uploads\/2023\/10\/peinados-de-catrina-cinco-ideas-para-llevar-en-tu-disfraz-de-dia-de-muertos-y-lucir-increible.jpg\"><\/noscript> <\/div>\n<\/div>\n<p>\u00c9ste es uno de los peinados m\u00e1s f\u00e1ciles de realizar y m\u00e1s populares para este tipo de disfraces, y es que no s\u00f3lo tiene que ver el hecho de que es s\u00faper r\u00e1pido de hacer, sino que tambi\u00e9n ayuda <strong>a mantener en su lugar otros elementos como flores o tocados<\/strong> que quieras sumar a tu disfraz, adem\u00e1s de que es muy alusivo para esta temporada ya que se utiliza tambi\u00e9n como gui\u00f1o a una de las mujeres m\u00e1s representativas de la historia de M\u00e9xico: Josefa Ort\u00edz de Dom\u00ednguez.<\/p>\n<p><!-- BREAK 3 --> <\/p>\n<h3>Trenzas largas<\/h3>\n<div class=\"article-asset-image article-asset-normal article-asset-center\">\n<div class=\"asset-content\"> <img class=\"centro_sinmarco\" height=\"750\" width=\"1123\" loading=\"lazy\" decoding=\"async\" sizes=\"100vw\" fetchpriority=\"high\" srcset=\"http:\/\/hoycordobaweb.com\/wp-content\/uploads\/2023\/10\/peinados-de-catrina-cinco-ideas-para-llevar-en-tu-disfraz-de-dia-de-muertos-y-lucir-increible-1.jpg 450w, http:\/\/hoycordobaweb.com\/wp-content\/uploads\/2023\/10\/peinados-de-catrina-cinco-ideas-para-llevar-en-tu-disfraz-de-dia-de-muertos-y-lucir-increible-8.jpg 681w, http:\/\/hoycordobaweb.com\/wp-content\/uploads\/2023\/10\/peinados-de-catrina-cinco-ideas-para-llevar-en-tu-disfraz-de-dia-de-muertos-y-lucir-increible-9.jpg 1024w, http:\/\/hoycordobaweb.com\/wp-content\/uploads\/2023\/10\/peinados-de-catrina-cinco-ideas-para-llevar-en-tu-disfraz-de-dia-de-muertos-y-lucir-increible-10.jpg 1366w\" src=\"http:\/\/hoycordobaweb.com\/wp-content\/uploads\/2023\/10\/peinados-de-catrina-cinco-ideas-para-llevar-en-tu-disfraz-de-dia-de-muertos-y-lucir-increible-1.jpg\" alt=\"Peinados De Catrina X Ideas Para Llevar En Tu Disfraz De Dia De Muertos Y Lucir Increible\"> <noscript><img alt=\"Peinados De Catrina X Ideas Para Llevar En Tu Disfraz De Dia De Muertos Y Lucir Increible\" class=\"centro_sinmarco\" src=\"http:\/\/hoycordobaweb.com\/wp-content\/uploads\/2023\/10\/peinados-de-catrina-cinco-ideas-para-llevar-en-tu-disfraz-de-dia-de-muertos-y-lucir-increible-1.jpg\"><\/noscript> <\/div>\n<\/div>\n<p>Si tu cabello es largo, es hora de sacarle provecho con <strong>unas trenzas<\/strong> llenas de desenfado, pero con gran referencia hist\u00f3rica, y es que por funcionalidad, &#8216;las adelitas&#8217;, las mujeres que acompa\u00f1aban a los hombres que luchaban en la revoluci\u00f3n, adoptaron este popular peinado <strong>para que su cabello no interfiera con sus actividades diarias<\/strong>, resguard\u00e1ndolas tambi\u00e9n bajo el tradicional rebozo.<\/p>\n<p><!-- BREAK 4 --><\/p>\n<h3>Rizos definidos<\/h3>\n<div class=\"article-asset-image article-asset-normal article-asset-center\">\n<div class=\"asset-content\"> <img class=\"centro_sinmarco\" height=\"750\" width=\"1123\" loading=\"lazy\" decoding=\"async\" sizes=\"100vw\" fetchpriority=\"high\" srcset=\"http:\/\/hoycordobaweb.com\/wp-content\/uploads\/2023\/10\/peinados-de-catrina-cinco-ideas-para-llevar-en-tu-disfraz-de-dia-de-muertos-y-lucir-increible-2.jpg 450w, http:\/\/hoycordobaweb.com\/wp-content\/uploads\/2023\/10\/peinados-de-catrina-cinco-ideas-para-llevar-en-tu-disfraz-de-dia-de-muertos-y-lucir-increible-11.jpg 681w, http:\/\/hoycordobaweb.com\/wp-content\/uploads\/2023\/10\/peinados-de-catrina-cinco-ideas-para-llevar-en-tu-disfraz-de-dia-de-muertos-y-lucir-increible-12.jpg 1024w, http:\/\/hoycordobaweb.com\/wp-content\/uploads\/2023\/10\/peinados-de-catrina-cinco-ideas-para-llevar-en-tu-disfraz-de-dia-de-muertos-y-lucir-increible-13.jpg 1366w\" src=\"http:\/\/hoycordobaweb.com\/wp-content\/uploads\/2023\/10\/peinados-de-catrina-cinco-ideas-para-llevar-en-tu-disfraz-de-dia-de-muertos-y-lucir-increible-2.jpg\" alt=\"Peinados De Catrina X Ideas Para Llevar En Tu Disfraz De Dia De Muertos Y Lucir Increible\"> <noscript><img alt=\"Peinados De Catrina X Ideas Para Llevar En Tu Disfraz De Dia De Muertos Y Lucir Increible\" class=\"centro_sinmarco\" src=\"http:\/\/hoycordobaweb.com\/wp-content\/uploads\/2023\/10\/peinados-de-catrina-cinco-ideas-para-llevar-en-tu-disfraz-de-dia-de-muertos-y-lucir-increible-2.jpg\"><\/noscript> <\/div>\n<\/div>\n<p>Combinando la imagen elegante <strong>de la catrina dise\u00f1ada por Jos\u00e9 Guadalupe Posada<\/strong> con una de las leyendas m\u00e1s conocidas del pa\u00eds como lo es la de &#8216;Pascualita&#8217; (una novia momificada que falleci\u00f3 minutos antes de su boda y que conservaron como maniqu\u00ed), la elegancia estar\u00e1 presente en tu disfraz con unos rizos perfectamente hechos, que contrastan a la perfecci\u00f3n en alusi\u00f3n a un disfraz que representa la vida y la muerte a la vez.<\/p>\n<p><!-- BREAK 5 --><\/p>\n<h3>Cabello liso y suelto<\/h3>\n<div class=\"article-asset-image article-asset-normal article-asset-center\">\n<div class=\"asset-content\"> <img class=\"centro_sinmarco\" height=\"750\" width=\"1125\" loading=\"lazy\" decoding=\"async\" sizes=\"100vw\" fetchpriority=\"high\" srcset=\"http:\/\/hoycordobaweb.com\/wp-content\/uploads\/2023\/10\/peinados-de-catrina-cinco-ideas-para-llevar-en-tu-disfraz-de-dia-de-muertos-y-lucir-increible-3.jpg 450w, http:\/\/hoycordobaweb.com\/wp-content\/uploads\/2023\/10\/peinados-de-catrina-cinco-ideas-para-llevar-en-tu-disfraz-de-dia-de-muertos-y-lucir-increible-14.jpg 681w, http:\/\/hoycordobaweb.com\/wp-content\/uploads\/2023\/10\/peinados-de-catrina-cinco-ideas-para-llevar-en-tu-disfraz-de-dia-de-muertos-y-lucir-increible-15.jpg 1024w, http:\/\/hoycordobaweb.com\/wp-content\/uploads\/2023\/10\/peinados-de-catrina-cinco-ideas-para-llevar-en-tu-disfraz-de-dia-de-muertos-y-lucir-increible-16.jpg 1366w\" src=\"http:\/\/hoycordobaweb.com\/wp-content\/uploads\/2023\/10\/peinados-de-catrina-cinco-ideas-para-llevar-en-tu-disfraz-de-dia-de-muertos-y-lucir-increible-3.jpg\" alt=\"Peinados De Catrina X Ideas Para Llevar En Tu Disfraz De Dia De Muertos Y Lucir Increible\"> <noscript><img alt=\"Peinados De Catrina X Ideas Para Llevar En Tu Disfraz De Dia De Muertos Y Lucir Increible\" class=\"centro_sinmarco\" src=\"http:\/\/hoycordobaweb.com\/wp-content\/uploads\/2023\/10\/peinados-de-catrina-cinco-ideas-para-llevar-en-tu-disfraz-de-dia-de-muertos-y-lucir-increible-3.jpg\"><\/noscript> <\/div>\n<\/div>\n<p>Aunque pueda parecer un peinado sin gracia, <strong>el cabello liso<\/strong> hace referencia tambi\u00e9n a una leyenda muy popular de M\u00e9xico: la de la llorona, la mujer que perdi\u00f3 a sus hijos y vaga por las calles ocultando su rostro con pena inspira este sencillo estilismo que le dar\u00e1 protagonismo a tu maquillaje y tocados.<\/p>\n<p><!-- BREAK 6 --> <\/p>\n<h3>Diadema de trenzas<\/h3>\n<p>Si tenemos que hablar de un peinado que caracterice los disfraces de esta fecha, sin duda tenemos que referirnos a la diadema de trenzas que hizo muy popular <strong>a Frida Kahlo,<\/strong> y que como en el caso de la pintora, podr\u00e1s llevar con vistosas flores para esta celebraci\u00f3n.<\/p>\n<p><!-- BREAK 7 --><\/p>\n<p>Como puedes ver, crear un peinado r\u00e1pido y f\u00e1cil para esta celebraci\u00f3n no ser\u00e1 un problema, y es que los puedes realizar en poco tiempo para darle un gran plus a tu disfraz.<\/p>\n<p><!-- BREAK 8 --><\/p>\n<p>Fotos cortes\u00eda de Pexels: <a href=\"https:\/\/www.pexels.com\/es-es\/foto\/mujer-con-mascara-rosa-y-blanca-6155539\/\">Julia Volk<\/a> | <a href=\"https:\/\/www.pexels.com\/es-es\/foto\/mujer-flores-retrato-cabellos-14282463\/\">Jon<\/a> | <a href=\"https:\/\/www.pexels.com\/es-es\/foto\/moda-gente-mujer-nina-8479470\/\">Los muertos Crew<\/a> | <a href=\"https:\/\/www.pexels.com\/es-es\/foto\/moda-amor-gente-mujer-14199079\/\">Dago Reyes<\/a> | <a href=\"https:\/\/www.pexels.com\/es-es\/foto\/puesta-de-sol-mujer-arte-festival-12295543\/\">Edwin Borrayo Ayala<\/a><\/p>\n<p><!-- BREAK 9 --><\/p>\n<p>En Trendencias | <a href=\"https:\/\/www.trendencias.com\/viajes\/dia-muertos-cdmx-cuando-a-que-hora-sera-desfile-catrinas\">D\u00eda de Muertos en CDMX 2023: cu\u00e1ndo y a qu\u00e9 hora ser\u00e1 el Desfile de Catrinas<\/a><\/p>\n<p><!-- BREAK 10 --> <\/p>\n<p>En Trendencias | <a href=\"https:\/\/www.trendencias.com\/viajes\/escapada-perfecta-a-hora-cdmx-para-celebrar-dia-muertos-bosque-embrujado\">La escapada perfecta a una hora de CDMX para celebrar el D\u00eda de Muertos en un bosque embrujado<\/a><\/p>\n<p><!-- BREAK 11 --> <\/p>\n","protected":false},"excerpt":{"rendered":"<p>El d\u00eda de muertos est\u00e1 cada vez m\u00e1s cerca, y con \u00e9l, las celebraciones que llenan de color los hogares, los cementerios y las calles de todo el pa\u00eds, por ello, no te puedes quedar atr\u00e1s con tu disfraz para esta festividad, en la que tu peinado se convertir\u00e1 en un gran protagonista, como tambi\u00e9n [&hellip;]<\/p>\n","protected":false},"author":1,"featured_media":68766,"comment_status":"closed","ping_status":"closed","sticky":false,"template":"","format":"standard","meta":[],"categories":[1],"tags":[],"_links":{"self":[{"href":"http:\/\/hoycordobaweb.com\/index.php\/wp-json\/wp\/v2\/posts\/68765"}],"collection":[{"href":"http:\/\/hoycordobaweb.com\/index.php\/wp-json\/wp\/v2\/posts"}],"about":[{"href":"http:\/\/hoycordobaweb.com\/index.php\/wp-json\/wp\/v2\/types\/post"}],"author":[{"embeddable":true,"href":"http:\/\/hoycordobaweb.com\/index.php\/wp-json\/wp\/v2\/users\/1"}],"replies":[{"embeddable":true,"href":"http:\/\/hoycordobaweb.com\/index.php\/wp-json\/wp\/v2\/comments?post=68765"}],"version-history":[{"count":0,"href":"http:\/\/hoycordobaweb.com\/index.php\/wp-json\/wp\/v2\/posts\/68765\/revisions"}],"wp:featuredmedia":[{"embeddable":true,"href":"http:\/\/hoycordobaweb.com\/index.php\/wp-json\/wp\/v2\/media\/68766"}],"wp:attachment":[{"href":"http:\/\/hoycordobaweb.com\/index.php\/wp-json\/wp\/v2\/media?parent=68765"}],"wp:term":[{"taxonomy":"category","embeddable":true,"href":"http:\/\/hoycordobaweb.com\/index.php\/wp-json\/wp\/v2\/categories?post=68765"},{"taxonomy":"post_tag","embeddable":true,"href":"http:\/\/hoycordobaweb.com\/index.php\/wp-json\/wp\/v2\/tags?post=68765"}],"curies":[{"name":"wp","href":"https:\/\/api.w.org\/{rel}","templated":true}]}}