{"id":68759,"date":"2023-10-26T13:25:55","date_gmt":"2023-10-26T13:25:55","guid":{"rendered":"https:\/\/www.mujerhoy.com\/moda\/tendencias\/novedades-botas-altas-basicos-zara-instagram-20231026152522-nt.html"},"modified":"2023-10-26T13:25:55","modified_gmt":"2023-10-26T13:25:55","slug":"estos-son-los-zapatos-mas-virales-de-todos-los-tiempos-y-que-han-regresado-despues-de-10-anos","status":"publish","type":"post","link":"http:\/\/hoycordobaweb.com\/index.php\/2023\/10\/26\/estos-son-los-zapatos-mas-virales-de-todos-los-tiempos-y-que-han-regresado-despues-de-10-anos\/","title":{"rendered":"Estos son los zapatos m\u00e1s virales de todos los tiempos y que han regresado despu\u00e9s de 10 a\u00f1os"},"content":{"rendered":"<p><!-- AUTHOR --> <\/p>\n<div class=\"voc-author-timesocial \"> <!-- AUTHOR --> <\/p>\n<div class=\"voc-author-timesocial__signature\"> <!-- IMAGE AUTHOR --> <picture class=\"voc-image-signature\"> <img class=\"voc-image-signature__img\" src=\"http:\/\/hoycordobaweb.com\/wp-content\/uploads\/2023\/10\/estos-son-los-zapatos-mas-virales-de-todos-los-tiempos-y-que-han-regresado-despues-de-10-anos.jpg\" alt=\"Gemma Cano\"> <\/picture> <!-- INFO AUTHOR --> <\/p>\n<div class=\"voc-author-timesocial__info\">\n<div class=\"voc-author-info\"> <author> <a title=\"GEMMA CANO\" href=\"https:\/\/www.mujerhoy.com\/autor\/gemma-cano-1220.html\" class=\"voc-author\">GEMMA CANO <\/a> <\/author> <time datetime=\"2023-10-26T13:25:55Z\" data-timestamp>Publicado \u00b7 <span data-voc-date-modified-short>26 de octubre de 2023, 15:25 h<\/span><\/time> <\/div><\/div><\/div><\/div>\n<p> <!-- COMPONENTS --> <\/p>\n<p class=\"voc-paragraph\"><strong>\u00a1Haz sitio en tu colecci\u00f3n de zapatos!<\/strong> Si est\u00e1s buscando un nuevo par de botas con las que afrontar el oto\u00f1o y el invierno on mucho estilo, ahora es el momento de abandonar tu b\u00fasqueda. Las botas que ahora est\u00e1n de moda entre editoras e influencers son las ic\u00f3nias \u00abShark Lock boots\u00bb de Givenchy.\n<\/p>\n<div class=\"voc-detail-photo-zoom\"> <picture data-toggle=\"modal\" data-target=\"#photoZoomModal-20\" target=\"modal\">\n<div class=\"voc-img-icon-link\"> <img loading=\"lazy\" data-original=\"\/\/static.mujerhoy.com\/www\/multimedia\/202310\/22\/media\/cortadas\/otono-altas-zara-nuevo-k7pH--460x637@MujerHoy.jpeg\" class=\"lazy adsviu_analyse\"> <noscript> <img src=\"http:\/\/hoycordobaweb.com\/wp-content\/uploads\/2023\/10\/estos-son-los-zapatos-mas-virales-de-todos-los-tiempos-y-que-han-regresado-despues-de-10-anos.webp\"> <\/noscript> <i class=\"voc-icons zoom voc-multimedia-box voc-ico-l\"><\/i> <\/div><figcaption class=\"figure-caption\"><\/figcaption><\/picture>\n<\/div>\n<div id=\"photoZoomModal-20\" class=\"voc-lightbox modal fade voc-lightbox--photo-zoom\" role=\"dialog\" data-voc-photozoom-lightbox>\n<div class=\"voc-lightbox__dialog\" role=\"document\">\n<div class=\"voc-lightbox__content\"> <!-- Modal header --> <!-- Modal content --> <\/p>\n<div class=\"voc-lightbox__photo-container\"> <picture class> <img loading=\"lazy\" data-original=\"\/\/static.mujerhoy.com\/www\/multimedia\/202310\/22\/media\/cortadas\/otono-altas-zara-nuevo-k7pH--460x637@MujerHoy.jpeg\" class=\"lazy\"> <noscript> <img src=\"http:\/\/hoycordobaweb.com\/wp-content\/uploads\/2023\/10\/estos-son-los-zapatos-mas-virales-de-todos-los-tiempos-y-que-han-regresado-despues-de-10-anos.webp\"> <\/noscript> <\/picture> <\/div><\/div><\/div>\n<\/div>\n<p class=\"voc-paragraph\">Gracias a estos zapatos de la casa francesa, la tendencia se ha extendido como la p\u00f3lvora y esta temporada estamos viendo un mont\u00f3n de botas con efecto polaina. Con mini falda o unos leggings negros, este tipo de calzado resulta ultra-chic. Y estamos seguras de que las alternativas low cost <a data-voc-vtm-id=\"in-text-traffic\" href=\"https:\/\/www.mujerhoy.com\/moda\/no-te-pierdas\/sassa-osma-vestidos-camisas-zara-massimo-dutti-secretos-estilo-famosas-modelos-novedades-primavera-20230306015605-nt.html\">se van a agotar enseguida<\/a>.\n<\/p>\n<div class=\"voc-detail-photo-zoom\"> <picture data-toggle=\"modal\" data-target=\"#photoZoomModal-490\" target=\"modal\">\n<div class=\"voc-img-icon-link\"> <img loading=\"lazy\" data-original=\"\/\/static.mujerhoy.com\/www\/multimedia\/202310\/22\/media\/cortadas\/botas-altas-zara-nuevo-otono-k7pH--460x637@MujerHoy.jpeg\" class=\"lazy adsviu_analyse\"> <noscript> <img src=\"http:\/\/hoycordobaweb.com\/wp-content\/uploads\/2023\/10\/estos-son-los-zapatos-mas-virales-de-todos-los-tiempos-y-que-han-regresado-despues-de-10-anos-1.webp\"> <\/noscript> <i class=\"voc-icons zoom voc-multimedia-box voc-ico-l\"><\/i> <\/div><figcaption class=\"figure-caption\"><\/figcaption><\/picture>\n<\/div>\n<div id=\"photoZoomModal-490\" class=\"voc-lightbox modal fade voc-lightbox--photo-zoom\" role=\"dialog\" data-voc-photozoom-lightbox>\n<div class=\"voc-lightbox__dialog\" role=\"document\">\n<div class=\"voc-lightbox__content\"> <!-- Modal header --> <!-- Modal content --> <\/p>\n<div class=\"voc-lightbox__photo-container\"> <picture class> <img loading=\"lazy\" data-original=\"\/\/static.mujerhoy.com\/www\/multimedia\/202310\/22\/media\/cortadas\/botas-altas-zara-nuevo-otono-k7pH--460x637@MujerHoy.jpeg\" class=\"lazy\"> <noscript> <img src=\"http:\/\/hoycordobaweb.com\/wp-content\/uploads\/2023\/10\/estos-son-los-zapatos-mas-virales-de-todos-los-tiempos-y-que-han-regresado-despues-de-10-anos-1.webp\"> <\/noscript> <\/picture> <\/div><\/div><\/div>\n<\/div>\n<p class=\"voc-paragraph\">Y si echamos un vistazo r\u00e1pido a Instagram, podremos descubrir, sin mucho esfuerzo, c\u00f3mo llevar este tipo de botas con mucho estilo: con un total look negro, con una mini falda de tablas, con una americana oversize<br \/>\n, con pantalones de corte skinny<br \/>\n.\n<\/p>\n<div class=\"voc-detail-photo-zoom\"> <picture data-toggle=\"modal\" data-target=\"#photoZoomModal-548\" target=\"modal\">\n<div class=\"voc-img-icon-link\"> <img loading=\"lazy\" data-original=\"\/\/static2.mujerhoy.com\/www\/multimedia\/202310\/22\/media\/cortadas\/botas-altas-negras-nuevo-zara-k7pH--460x637@MujerHoy.jpeg\" class=\"lazy adsviu_analyse\"> <noscript> <img src=\"http:\/\/hoycordobaweb.com\/wp-content\/uploads\/2023\/10\/estos-son-los-zapatos-mas-virales-de-todos-los-tiempos-y-que-han-regresado-despues-de-10-anos-2.webp\"> <\/noscript> <i class=\"voc-icons zoom voc-multimedia-box voc-ico-l\"><\/i> <\/div><figcaption class=\"figure-caption\"><\/figcaption><\/picture>\n<\/div>\n<div id=\"photoZoomModal-548\" class=\"voc-lightbox modal fade voc-lightbox--photo-zoom\" role=\"dialog\" data-voc-photozoom-lightbox>\n<div class=\"voc-lightbox__dialog\" role=\"document\">\n<div class=\"voc-lightbox__content\"> <!-- Modal header --> <!-- Modal content --> <\/p>\n<div class=\"voc-lightbox__photo-container\"> <picture class> <img loading=\"lazy\" data-original=\"\/\/static2.mujerhoy.com\/www\/multimedia\/202310\/22\/media\/cortadas\/botas-altas-negras-nuevo-zara-k7pH--460x637@MujerHoy.jpeg\" class=\"lazy\"> <noscript> <img src=\"http:\/\/hoycordobaweb.com\/wp-content\/uploads\/2023\/10\/estos-son-los-zapatos-mas-virales-de-todos-los-tiempos-y-que-han-regresado-despues-de-10-anos-2.webp\"> <\/noscript> <\/picture> <\/div><\/div><\/div>\n<\/div>\n<p class=\"voc-paragraph\">Un aut\u00e9ntico imprescindible, que deber\u00eda ocupar un <a data-voc-vtm-id=\"in-text-traffic\" href=\"https:\/\/www.mujerhoy.com\/moda\/no-te-pierdas\/amelia-bono-siete-looks-diarios-baratos-como-vestir-20230304002722-nt.html\">lugar destacado de tu guardarropa<\/a>. \u00bfD\u00f3nde encontrar los dise\u00f1os m\u00e1s parecidos a las botas de Givenchy? Zara, Massimo Dutti y H&amp;M, tienen <strong>un mont\u00f3n de propuestas para todos los gustos<\/strong>. \u00a1Toma nota!\n<\/p>\n<div class=\"voc-detail-photo-zoom\"> <picture data-toggle=\"modal\" data-target=\"#photoZoomModal-204\" target=\"modal\">\n<div class=\"voc-img-icon-link\"> <img loading=\"lazy\" data-original=\"\/\/static2.mujerhoy.com\/www\/multimedia\/202310\/22\/media\/cortadas\/botas-altas-negras-zara-k7pH--460x637@MujerHoy.jpeg\" class=\"lazy adsviu_analyse\" alt=\"Botas altas de color negro de Givenchy (1.895 euros)\"> <noscript> <img src=\"http:\/\/hoycordobaweb.com\/wp-content\/uploads\/2023\/10\/estos-son-los-zapatos-mas-virales-de-todos-los-tiempos-y-que-han-regresado-despues-de-10-anos-3.webp\" alt=\"Botas altas de color negro de Givenchy (1.895 euros)\"> <\/noscript> <i class=\"voc-icons zoom voc-multimedia-box voc-ico-l\"><\/i> <\/div><figcaption class=\"figure-caption\">Botas altas de color negro de Givenchy (1.895 euros)<\/figcaption><\/picture>\n<\/div>\n<div id=\"photoZoomModal-204\" class=\"voc-lightbox modal fade voc-lightbox--photo-zoom\" role=\"dialog\" data-voc-photozoom-lightbox>\n<div class=\"voc-lightbox__dialog\" role=\"document\">\n<div class=\"voc-lightbox__content\"> <!-- Modal header --> <!-- Modal content --> <\/p>\n<div class=\"voc-lightbox__photo-container\"> <picture class> <img loading=\"lazy\" data-original=\"\/\/static2.mujerhoy.com\/www\/multimedia\/202310\/22\/media\/cortadas\/botas-altas-negras-zara-k7pH--460x637@MujerHoy.jpeg\" alt=\"Botas altas de color negro de Givenchy (1.895 euros)\" class=\"lazy\"> <noscript> <img src=\"http:\/\/hoycordobaweb.com\/wp-content\/uploads\/2023\/10\/estos-son-los-zapatos-mas-virales-de-todos-los-tiempos-y-que-han-regresado-despues-de-10-anos-3.webp\" alt=\"Botas altas de color negro de Givenchy (1.895 euros)\"> <\/noscript> <\/picture> <\/div><\/div><\/div>\n<\/div>\n<p><h3 class=\"voc-detail__title\"> Botas altas de color negro de Givenchy (1.895 euros)<br \/>\n<\/h3>\n<\/p>\n<p class=\"voc-paragraph\">Este dise\u00f1o lleva triunfando desde su lanzamiento en 2012. Ahora ha regresado con m\u00e1s fuerza que nunca.\n<\/p>\n<div class=\"voc-detail-photo-zoom\"> <picture data-toggle=\"modal\" data-target=\"#photoZoomModal-186\" target=\"modal\">\n<div class=\"voc-img-icon-link\"> <img loading=\"lazy\" data-original=\"\/\/static2.mujerhoy.com\/www\/multimedia\/202310\/22\/media\/cortadas\/botas-altas-negras-hym-zara-k7pH--460x637@MujerHoy.jpeg\" class=\"lazy adsviu_analyse\" alt=\"Botas altas negras de H&amp;M (79,99 euros)\"> <noscript> <img src=\"http:\/\/hoycordobaweb.com\/wp-content\/uploads\/2023\/10\/estos-son-los-zapatos-mas-virales-de-todos-los-tiempos-y-que-han-regresado-despues-de-10-anos-4.webp\" alt=\"Botas altas negras de H&amp;M (79,99 euros)\"> <\/noscript> <i class=\"voc-icons zoom voc-multimedia-box voc-ico-l\"><\/i> <\/div><figcaption class=\"figure-caption\">Botas altas negras de H&amp;M (79,99 euros)<\/figcaption><\/picture>\n<\/div>\n<div id=\"photoZoomModal-186\" class=\"voc-lightbox modal fade voc-lightbox--photo-zoom\" role=\"dialog\" data-voc-photozoom-lightbox>\n<div class=\"voc-lightbox__dialog\" role=\"document\">\n<div class=\"voc-lightbox__content\"> <!-- Modal header --> <!-- Modal content --> <\/p>\n<div class=\"voc-lightbox__photo-container\"> <picture class> <img loading=\"lazy\" data-original=\"\/\/static2.mujerhoy.com\/www\/multimedia\/202310\/22\/media\/cortadas\/botas-altas-negras-hym-zara-k7pH--460x637@MujerHoy.jpeg\" alt=\"Botas altas negras de H&amp;M (79,99 euros)\" class=\"lazy\"> <noscript> <img src=\"http:\/\/hoycordobaweb.com\/wp-content\/uploads\/2023\/10\/estos-son-los-zapatos-mas-virales-de-todos-los-tiempos-y-que-han-regresado-despues-de-10-anos-4.webp\" alt=\"Botas altas negras de H&amp;M (79,99 euros)\"> <\/noscript> <\/picture> <\/div><\/div><\/div>\n<\/div>\n<p><h3 class=\"voc-detail__title\"> Botas altas negras de H&amp;M (79,99 euros)<br \/>\n<\/h3>\n<\/p>\n<p class=\"voc-paragraph\">Una bonita propuesta de color negro, fiel al dise\u00f1o original, que podr\u00e1s estrenar hoy mismo.\n<\/p>\n<div class=\"voc-detail-photo-zoom\"> <picture data-toggle=\"modal\" data-target=\"#photoZoomModal-324\" target=\"modal\">\n<div class=\"voc-img-icon-link\"> <img loading=\"lazy\" data-original=\"\/\/static.mujerhoy.com\/www\/multimedia\/202310\/22\/media\/cortadas\/botas-negras-hym-zara-k7pH--460x637@MujerHoy.jpeg\" class=\"lazy adsviu_analyse\" alt=\"Botas altas de color negro de Zara (59,99 euros)\"> <noscript> <img src=\"http:\/\/hoycordobaweb.com\/wp-content\/uploads\/2023\/10\/estos-son-los-zapatos-mas-virales-de-todos-los-tiempos-y-que-han-regresado-despues-de-10-anos-5.webp\" alt=\"Botas altas de color negro de Zara (59,99 euros)\"> <\/noscript> <i class=\"voc-icons zoom voc-multimedia-box voc-ico-l\"><\/i> <\/div><figcaption class=\"figure-caption\">Botas altas de color negro de Zara (59,99 euros)<\/figcaption><\/picture>\n<\/div>\n<div id=\"photoZoomModal-324\" class=\"voc-lightbox modal fade voc-lightbox--photo-zoom\" role=\"dialog\" data-voc-photozoom-lightbox>\n<div class=\"voc-lightbox__dialog\" role=\"document\">\n<div class=\"voc-lightbox__content\"> <!-- Modal header --> <!-- Modal content --> <\/p>\n<div class=\"voc-lightbox__photo-container\"> <picture class> <img loading=\"lazy\" data-original=\"\/\/static.mujerhoy.com\/www\/multimedia\/202310\/22\/media\/cortadas\/botas-negras-hym-zara-k7pH--460x637@MujerHoy.jpeg\" alt=\"Botas altas de color negro de Zara (59,99 euros)\" class=\"lazy\"> <noscript> <img src=\"http:\/\/hoycordobaweb.com\/wp-content\/uploads\/2023\/10\/estos-son-los-zapatos-mas-virales-de-todos-los-tiempos-y-que-han-regresado-despues-de-10-anos-5.webp\" alt=\"Botas altas de color negro de Zara (59,99 euros)\"> <\/noscript> <\/picture> <\/div><\/div><\/div>\n<\/div>\n<p><h3 class=\"voc-detail__title\"> Botas altas de color negro de Zara (59,99 euros)<br \/>\n<\/h3>\n<\/p>\n<p class=\"voc-paragraph\">La versi\u00f3n con tac\u00f3n fino. Elegante y muy sofisticada.\n<\/p>\n<div class=\"voc-detail-photo-zoom\"> <picture data-toggle=\"modal\" data-target=\"#photoZoomModal-859\" target=\"modal\">\n<div class=\"voc-img-icon-link\"> <img loading=\"lazy\" data-original=\"\/\/static2.mujerhoy.com\/www\/multimedia\/202310\/22\/media\/cortadas\/botas-tacon-negras-hym-zara-k7pH--460x637@MujerHoy.jpeg\" class=\"lazy adsviu_analyse\" alt=\"Botas de tac\u00f3n de Zara (49,99 euros)\"> <noscript> <img src=\"http:\/\/hoycordobaweb.com\/wp-content\/uploads\/2023\/10\/estos-son-los-zapatos-mas-virales-de-todos-los-tiempos-y-que-han-regresado-despues-de-10-anos-6.webp\" alt=\"Botas de tac\u00f3n de Zara (49,99 euros)\"> <\/noscript> <i class=\"voc-icons zoom voc-multimedia-box voc-ico-l\"><\/i> <\/div><figcaption class=\"figure-caption\">Botas de tac\u00f3n de Zara (49,99 euros)<\/figcaption><\/picture>\n<\/div>\n<div id=\"photoZoomModal-859\" class=\"voc-lightbox modal fade voc-lightbox--photo-zoom\" role=\"dialog\" data-voc-photozoom-lightbox>\n<div class=\"voc-lightbox__dialog\" role=\"document\">\n<div class=\"voc-lightbox__content\"> <!-- Modal header --> <!-- Modal content --> <\/p>\n<div class=\"voc-lightbox__photo-container\"> <picture class> <img loading=\"lazy\" data-original=\"\/\/static2.mujerhoy.com\/www\/multimedia\/202310\/22\/media\/cortadas\/botas-tacon-negras-hym-zara-k7pH--460x637@MujerHoy.jpeg\" alt=\"Botas de tac\u00f3n de Zara (49,99 euros)\" class=\"lazy\"> <noscript> <img src=\"http:\/\/hoycordobaweb.com\/wp-content\/uploads\/2023\/10\/estos-son-los-zapatos-mas-virales-de-todos-los-tiempos-y-que-han-regresado-despues-de-10-anos-6.webp\" alt=\"Botas de tac\u00f3n de Zara (49,99 euros)\"> <\/noscript> <\/picture> <\/div><\/div><\/div>\n<\/div>\n<p><h3 class=\"voc-detail__title\"> Botas de tac\u00f3n de Zara (49,99 euros)<br \/>\n<\/h3>\n<\/p>\n<p class=\"voc-paragraph\">La versi\u00f3n m\u00e1s original llega en tejido vaquero y tac\u00f3n ancho. \u00bfQui\u00e9n se atreve?\n<\/p>\n<div class=\"voc-detail-photo-zoom\"> <picture data-toggle=\"modal\" data-target=\"#photoZoomModal-469\" target=\"modal\">\n<div class=\"voc-img-icon-link\"> <img loading=\"lazy\" data-original=\"\/\/static2.mujerhoy.com\/www\/multimedia\/202310\/22\/media\/cortadas\/botas-massimo-dutti-negras-hym-zara-k7pH--460x637@MujerHoy.jpeg\" class=\"lazy adsviu_analyse\" alt=\"Botas de piel de estilo h\u00edpica de Massimo Dutti (179,99 euros)\"> <noscript> <img src=\"http:\/\/hoycordobaweb.com\/wp-content\/uploads\/2023\/10\/estos-son-los-zapatos-mas-virales-de-todos-los-tiempos-y-que-han-regresado-despues-de-10-anos-7.webp\" alt=\"Botas de piel de estilo h\u00edpica de Massimo Dutti (179,99 euros)\"> <\/noscript> <i class=\"voc-icons zoom voc-multimedia-box voc-ico-l\"><\/i> <\/div><figcaption class=\"figure-caption\">Botas de piel de estilo h\u00edpica de Massimo Dutti (179,99 euros)<\/figcaption><\/picture>\n<\/div>\n<div id=\"photoZoomModal-469\" class=\"voc-lightbox modal fade voc-lightbox--photo-zoom\" role=\"dialog\" data-voc-photozoom-lightbox>\n<div class=\"voc-lightbox__dialog\" role=\"document\">\n<div class=\"voc-lightbox__content\"> <!-- Modal header --> <!-- Modal content --> <\/p>\n<div class=\"voc-lightbox__photo-container\"> <picture class> <img loading=\"lazy\" data-original=\"\/\/static2.mujerhoy.com\/www\/multimedia\/202310\/22\/media\/cortadas\/botas-massimo-dutti-negras-hym-zara-k7pH--460x637@MujerHoy.jpeg\" alt=\"Botas de piel de estilo h\u00edpica de Massimo Dutti (179,99 euros)\" class=\"lazy\"> <noscript> <img src=\"http:\/\/hoycordobaweb.com\/wp-content\/uploads\/2023\/10\/estos-son-los-zapatos-mas-virales-de-todos-los-tiempos-y-que-han-regresado-despues-de-10-anos-7.webp\" alt=\"Botas de piel de estilo h\u00edpica de Massimo Dutti (179,99 euros)\"> <\/noscript> <\/picture> <\/div><\/div><\/div>\n<\/div>\n<p><h3 class=\"voc-detail__title\"> Botas de piel de estilo h\u00edpica de Massimo Dutti (179,99 euros)<br \/>\n<\/h3>\n<\/p>\n<p class=\"voc-paragraph\">Y la versi\u00f3n m\u00e1s cl\u00e1sica, sin polaina y de estilo ecuestre.\n<\/p>\n<p> <!-- TOPICS --> <\/p>\n","protected":false},"excerpt":{"rendered":"<p>GEMMA CANO Publicado \u00b7 26 de octubre de 2023, 15:25 h \u00a1Haz sitio en tu colecci\u00f3n de zapatos! Si est\u00e1s buscando un nuevo par de botas con las que afrontar el oto\u00f1o y el invierno on mucho estilo, ahora es el momento de abandonar tu b\u00fasqueda. Las botas que ahora est\u00e1n de moda entre editoras [&hellip;]<\/p>\n","protected":false},"author":1,"featured_media":68760,"comment_status":"closed","ping_status":"closed","sticky":false,"template":"","format":"standard","meta":[],"categories":[1],"tags":[],"_links":{"self":[{"href":"http:\/\/hoycordobaweb.com\/index.php\/wp-json\/wp\/v2\/posts\/68759"}],"collection":[{"href":"http:\/\/hoycordobaweb.com\/index.php\/wp-json\/wp\/v2\/posts"}],"about":[{"href":"http:\/\/hoycordobaweb.com\/index.php\/wp-json\/wp\/v2\/types\/post"}],"author":[{"embeddable":true,"href":"http:\/\/hoycordobaweb.com\/index.php\/wp-json\/wp\/v2\/users\/1"}],"replies":[{"embeddable":true,"href":"http:\/\/hoycordobaweb.com\/index.php\/wp-json\/wp\/v2\/comments?post=68759"}],"version-history":[{"count":0,"href":"http:\/\/hoycordobaweb.com\/index.php\/wp-json\/wp\/v2\/posts\/68759\/revisions"}],"wp:featuredmedia":[{"embeddable":true,"href":"http:\/\/hoycordobaweb.com\/index.php\/wp-json\/wp\/v2\/media\/68760"}],"wp:attachment":[{"href":"http:\/\/hoycordobaweb.com\/index.php\/wp-json\/wp\/v2\/media?parent=68759"}],"wp:term":[{"taxonomy":"category","embeddable":true,"href":"http:\/\/hoycordobaweb.com\/index.php\/wp-json\/wp\/v2\/categories?post=68759"},{"taxonomy":"post_tag","embeddable":true,"href":"http:\/\/hoycordobaweb.com\/index.php\/wp-json\/wp\/v2\/tags?post=68759"}],"curies":[{"name":"wp","href":"https:\/\/api.w.org\/{rel}","templated":true}]}}