{"id":68753,"date":"2023-10-27T00:20:18","date_gmt":"2023-10-27T00:20:18","guid":{"rendered":"https:\/\/www.ole.com.ar\/futbol-internacional\/chacho-coudet-hundio-ramon-diaz-vasco-inter_0_Tsk6NZ0RLU.html"},"modified":"2023-10-27T00:20:18","modified_gmt":"2023-10-27T00:20:18","slug":"el-chacho-coudet-hundio-a-ramon-diaz","status":"publish","type":"post","link":"http:\/\/hoycordobaweb.com\/index.php\/2023\/10\/27\/el-chacho-coudet-hundio-a-ramon-diaz\/","title":{"rendered":"El Chacho Coudet hundi\u00f3 a Ram\u00f3n D\u00edaz"},"content":{"rendered":"<p><img src=\"http:\/\/hoycordobaweb.com\/wp-content\/uploads\/2023\/10\/el-chacho-coudet-hundio-a-ramon-diaz.jpg\"><\/p>\n<p><time class=\"createDate\" datetime=\"2023-10-26T21:20:18-03:00\">26\/10\/2023 21:20hs.<\/time><time class=\"modificatedDate\" datetime=\"2023-10-26T22:10:15-03:00\"> Actualizado al 26\/10\/2023 22:10hs.<\/time><\/p>\n<div id=\"storyBody\">\n<div class=\"custom-text \" readability=\"11.907859078591\">\n<p><strong>El <a href=\"https:\/\/www.ole.com.ar\/tema\/inter.html\" title=\"Inter\" alt=\"Inter\" class=\"slug\">Inter <\/a>de <a href=\"https:\/\/www.ole.com.ar\/tema\/eduardo-coudet.html\" title=\"Eduardo Coudet\" alt=\"Eduardo Coudet\" class=\"slug\">Eduardo Coudet<\/a> le asest\u00f3 un duro golpe al Vasco da Gama de <a href=\"https:\/\/www.ole.com.ar\/tema\/ramon-diaz.html\" title=\"Ram\u00f3n D\u00edaz\" alt=\"Ram\u00f3n D\u00edaz\" class=\"slug\">Ram\u00f3n D\u00edaz<\/a>: el Colorado gan\u00f3 2 a 1 en el estadio Sao Januario <\/strong>de R\u00edo de Janeiro y as\u00ed los del Pelado se complicaron, porque quedaron en zona de descenso con nueve fechas por jugar. Y esto se potencia porque un rival directo, Santos, que tiene los mismos puntos (30) est\u00e1 con una fecha menos.<\/p>\n<\/div>\n<div class=\"custom-text \" readability=\"14\">\n<p>El partido, por las circunstancias en las que salieron a jugar los locales, con nervios potenciados por la derrota en el cl\u00e1sico ante Flamengo, result\u00f3 muy tenso. Tanto, que en tiempo de descuento hubo dos expulsados en Vasco: Paulinho y Erick Marcus, por infracciones fuertes. <\/p>\n<\/div>\n<p><h2><strong>El partido<\/strong><\/h2>\n<\/p>\n<div class=\"custom-text \" readability=\"12\">\n<p> Hay que tener en cuenta que en Brasil descienden los \u00faltimos cuatro del torneo de 20 equipos. Y el que zafa de la posici\u00f3n de p\u00e9rdida de categor\u00eda normalmente queda cerca de la clasificaci\u00f3n a la Copa Sudamericana. Siempre hay algo para pelear, a diferencia del f\u00fatbol argentino que tiene 28 participantes y a veces algunos no tienen incentivos. El Inter ten\u00eda dos motivos para ganar: alejarse m\u00e1s de la zona roja e ingresar a la del segundo certamen internacional, lo que consigui\u00f3 con la victoria.<\/p>\n<\/div>\n<div class=\"custom-text \" readability=\"12\">\n<p>El Vasco no arranc\u00f3 con el protagonismo necesario, mientras el Inter, m\u00e1s tranquilo, busc\u00f3 con m\u00e1s precisi\u00f3n. El 1 a 0 fue un lujo enorme de Alan Patrick para empalar la pelota en la definci\u00f3n de Mauricio. <\/p>\n<\/div>\n<div class=\"sc-e7b891c4-0 jPbnQF\"><img alt=\"Los jugadores de Vasco antes del segundo tiempo.\" src=\"http:\/\/hoycordobaweb.com\/wp-content\/uploads\/2023\/10\/el-chacho-coudet-hundio-a-ramon-diaz-2.jpg\" width=\"720\" height=\"100\" decoding=\"async\" data-nimg=\"future\" loading=\"lazy\"><span class=\"epigraphe\">Los jugadores de Vasco antes del segundo tiempo.<\/span><\/div>\n<div class=\"sc-e7b891c4-0 jPbnQF\"><img alt=\"Alan Patrick festeja.\" src=\"http:\/\/hoycordobaweb.com\/wp-content\/uploads\/2023\/10\/el-chacho-coudet-hundio-a-ramon-diaz-3.jpg\" width=\"720\" height=\"100\" decoding=\"async\" data-nimg=\"future\" loading=\"lazy\"><span class=\"epigraphe\">Alan Patrick festeja.<\/span><\/div>\n<div class=\"custom-text \" readability=\"14\">\n<p>Despu\u00e9s, al ecuatoriano<strong> Enner Valencia<\/strong> le anularon un gol correctamente por offside, pero en el segundo tiempo, tras un pase del argentino Fabricio Bustos, convirti\u00f3 el 2 a 0. Antes, Vegetti se hab\u00eda perdido el empate para los de Ram\u00f3n D\u00edaz&#8230;<\/p>\n<\/div>\n<div class=\"custom-text \" readability=\"9\">\n<p>Alex Teixeira descont\u00f3 despu\u00e9s para Vasco, aunque el gol no result\u00f3 suficiente para potenciar al equipo en la b\u00fasqueda del punto.<\/p>\n<\/div>\n<div class=\"custom-text \" readability=\"11\">\n<p>El enorme alivio del Chacho fue la angustia para Ram\u00f3n. El pr\u00f3ximo domingo, Vasco da Gama juega un partido que puede ser determinante: frente a Goi\u00e1s, de visitante. Los goianos tienen apenas un punto m\u00e1s. Habr\u00e1 mucha presi\u00f3n y el riojano no se puede permitir una tercera derrota al hilo.<\/p>\n<\/div>\n<p><h2><strong>Mir\u00e1 los goles de Inter<\/strong><\/h2>\n<\/p>\n<div type=\"embed\" class=\"sc-7ce6049-0 dwIKul\">\n<div class=\"sc-7ce6049-1 bdcBBS videoText\" id=\"contentTitleembedLidm3hox\" type=\"embed\" readability=\"6\"><svg fill=\"#ffffff\"><symbol id=\"play\" viewBox=\"0 0 512 512\"><path d=\"M512 256C512 397.4 397.4 512 256 512C114.6 512 0 397.4 0 256C0 114.6 114.6 0 256 0C397.4 0 512 114.6 512 256zM176 168V344C176 352.7 180.7 360.7 188.3 364.9C195.8 369.2 205.1 369 212.5 364.5L356.5 276.5C363.6 272.1 368 264.4 368 256C368 247.6 363.6 239.9 356.5 235.5L212.5 147.5C205.1 142.1 195.8 142.8 188.3 147.1C180.7 151.3 176 159.3 176 168V168z\" \/><\/symbol><use xlink:href=\"#play\" \/><\/svg><\/p>\n<div class=\"right\" readability=\"7\">\n<p>Inter de Porto Alegre<!-- --> &#8211;<!-- --> <span>26-10-2023<\/span><\/p>\n<h2 class=\"title-vid\">El golazo del Inter al Vasco<\/h2>\n<\/div>\n<\/div>\n<p><span class=\"back\" id=\"spanBackembedLidm3hox\"><\/span><\/div>\n<div type=\"embed\" class=\"sc-7ce6049-0 dwIKul\">\n<div class=\"sc-7ce6049-1 bdcBBS videoText\" id=\"contentTitleembed04rQoVDV\" type=\"embed\" readability=\"6\"><svg fill=\"#ffffff\"><symbol id=\"play\" viewBox=\"0 0 512 512\"><path d=\"M512 256C512 397.4 397.4 512 256 512C114.6 512 0 397.4 0 256C0 114.6 114.6 0 256 0C397.4 0 512 114.6 512 256zM176 168V344C176 352.7 180.7 360.7 188.3 364.9C195.8 369.2 205.1 369 212.5 364.5L356.5 276.5C363.6 272.1 368 264.4 368 256C368 247.6 363.6 239.9 356.5 235.5L212.5 147.5C205.1 142.1 195.8 142.8 188.3 147.1C180.7 151.3 176 159.3 176 168V168z\" \/><\/symbol><use xlink:href=\"#play\" \/><\/svg><\/p>\n<div class=\"right\" readability=\"7\">\n<p>Enner Valencia<!-- --> &#8211;<!-- --> <span>26-10-2023<\/span><\/p>\n<h2 class=\"title-vid\">El gol de Enner Valencia ante Vasco da Gama<\/h2>\n<\/div>\n<\/div>\n<p><span class=\"back\" id=\"spanBackembed04rQoVDV\"><\/span><\/div>\n<p><h2><strong>Ram\u00f3n tras el partido<\/strong><\/h2>\n<\/p>\n<div class=\"custom-text \" readability=\"15\">\n<p>\u00abAhora tenemos enfrentamientos directos, con Goi\u00e1s tenemos que batirnos en duelo, tenemos que mostrar la jerarqu\u00eda que tuvimos en estos dos partidos. Tenemos que mantener la calma, competir, prepararnos bien r\u00e1pidamente y recuperarnos r\u00e1pidamente. Vamos a hacer cambios en el equipo porque nos tenemos que traer los puntos\u00bb, afirm\u00f3.<\/p>\n<\/div>\n<div class=\"sc-a7166897-0 exHLBh\" readability=\"6\">\n<section readability=\"2\"><picture><img alt=\"Todos los finalistas de los premios de fin de a\u00f1o de la MLS con tres argentinos\" src=\"http:\/\/hoycordobaweb.com\/wp-content\/uploads\/2023\/10\/el-chacho-coudet-hundio-a-ramon-diaz-4.jpg\" width=\"290\" height=\"290\" decoding=\"async\" data-nimg=\"future\" loading=\"lazy\"><\/picture>\n<p><span>Mir\u00e1 tambi\u00e9n<\/span><\/p>\n<hr>\n<h3>Todos los finalistas de los premios de fin de a\u00f1o de la MLS con tres argentinos<\/h3>\n<\/p>\n<\/section>\n<\/div>\n<div class=\"sc-a7166897-0 exHLBh\" readability=\"6\">\n<section readability=\"2\"><picture><img alt=\"Video: el gol de Enner Valencia ante Vasco da Gama\" src=\"http:\/\/hoycordobaweb.com\/wp-content\/uploads\/2023\/10\/el-chacho-coudet-hundio-a-ramon-diaz-5.jpg\" width=\"290\" height=\"290\" decoding=\"async\" data-nimg=\"future\" loading=\"lazy\"><\/picture>\n<p><span>Mir\u00e1 tambi\u00e9n<\/span><\/p>\n<hr>\n<h3>Video: el gol de Enner Valencia ante Vasco da Gama<\/h3>\n<\/p>\n<\/section>\n<\/div>\n<div class=\"sc-a7166897-0 exHLBh\" readability=\"7\">\n<section readability=\"4\"><picture><img alt=\"Atenci\u00f3n, hinchas: se prohibir\u00e1 la venta y consumo de alcohol alrededor del Maracan\u00e1 en la final de la Libertadores\" src=\"http:\/\/hoycordobaweb.com\/wp-content\/uploads\/2023\/10\/el-chacho-coudet-hundio-a-ramon-diaz-6.jpg\" width=\"290\" height=\"290\" decoding=\"async\" data-nimg=\"future\" loading=\"lazy\"><\/picture>\n<p><span>Mir\u00e1 tambi\u00e9n<\/span><\/p>\n<hr>\n<h3>Atenci\u00f3n, hinchas: se prohibir\u00e1 la venta y consumo de alcohol alrededor del Maracan\u00e1 en la final de la Libertadores<\/h3>\n<\/p>\n<\/section>\n<\/div>\n<\/div>\n","protected":false},"excerpt":{"rendered":"<p>26\/10\/2023 21:20hs. Actualizado al 26\/10\/2023 22:10hs. El Inter de Eduardo Coudet le asest\u00f3 un duro golpe al Vasco da Gama de Ram\u00f3n D\u00edaz: el Colorado gan\u00f3 2 a 1 en el estadio Sao Januario de R\u00edo de Janeiro y as\u00ed los del Pelado se complicaron, porque quedaron en zona de descenso con nueve fechas por [&hellip;]<\/p>\n","protected":false},"author":1,"featured_media":68754,"comment_status":"open","ping_status":"closed","sticky":false,"template":"","format":"standard","meta":[],"categories":[16],"tags":[],"_links":{"self":[{"href":"http:\/\/hoycordobaweb.com\/index.php\/wp-json\/wp\/v2\/posts\/68753"}],"collection":[{"href":"http:\/\/hoycordobaweb.com\/index.php\/wp-json\/wp\/v2\/posts"}],"about":[{"href":"http:\/\/hoycordobaweb.com\/index.php\/wp-json\/wp\/v2\/types\/post"}],"author":[{"embeddable":true,"href":"http:\/\/hoycordobaweb.com\/index.php\/wp-json\/wp\/v2\/users\/1"}],"replies":[{"embeddable":true,"href":"http:\/\/hoycordobaweb.com\/index.php\/wp-json\/wp\/v2\/comments?post=68753"}],"version-history":[{"count":0,"href":"http:\/\/hoycordobaweb.com\/index.php\/wp-json\/wp\/v2\/posts\/68753\/revisions"}],"wp:featuredmedia":[{"embeddable":true,"href":"http:\/\/hoycordobaweb.com\/index.php\/wp-json\/wp\/v2\/media\/68754"}],"wp:attachment":[{"href":"http:\/\/hoycordobaweb.com\/index.php\/wp-json\/wp\/v2\/media?parent=68753"}],"wp:term":[{"taxonomy":"category","embeddable":true,"href":"http:\/\/hoycordobaweb.com\/index.php\/wp-json\/wp\/v2\/categories?post=68753"},{"taxonomy":"post_tag","embeddable":true,"href":"http:\/\/hoycordobaweb.com\/index.php\/wp-json\/wp\/v2\/tags?post=68753"}],"curies":[{"name":"wp","href":"https:\/\/api.w.org\/{rel}","templated":true}]}}