{"id":68743,"date":"2023-10-27T03:14:44","date_gmt":"2023-10-27T03:14:44","guid":{"rendered":"https:\/\/www.ole.com.ar\/ecuador\/internacional\/fortaleza-presidente-marcelo-paz-liga-quito-final-copa-sudamericana-uruguay_0_luwgbcJHo0.html"},"modified":"2023-10-27T03:14:44","modified_gmt":"2023-10-27T03:14:44","slug":"el-presidente-de-fortaleza-con-ole-la-hinchada-como-jugador-numero-12-y-el-respeto-por-liga","status":"publish","type":"post","link":"http:\/\/hoycordobaweb.com\/index.php\/2023\/10\/27\/el-presidente-de-fortaleza-con-ole-la-hinchada-como-jugador-numero-12-y-el-respeto-por-liga\/","title":{"rendered":"El presidente de Fortaleza con Ol\u00e9: la hinchada \u00abcomo jugador n\u00famero 12\u00bb y el respeto por Liga"},"content":{"rendered":"<p><img src=\"http:\/\/hoycordobaweb.com\/wp-content\/uploads\/2023\/10\/el-presidente-de-fortaleza-con-ole-la-hinchada-como-jugador-numero-12-y-el-respeto-por-liga.jpg\"><\/p>\n<p><time class=\"createDate\" datetime=\"2023-10-27T00:14:44-03:00\">27\/10\/2023 00:14hs.<\/time><time class=\"modificatedDate\" datetime=\"2023-10-27T02:24:50-03:00\"> Actualizado al 27\/10\/2023 02:24hs.<\/time><\/p>\n<div id=\"storyBody\">\n<div class=\"custom-text \" readability=\"32.518032786885\">\n<p>Va cayendo gente al baile y de a poco, Punta del Este comienza a colmarse de ecuatorianos y brasile\u00f1os. La &#8216;ciudad de los dedos&#8217;, por la ic\u00f3nica escultura localizada en Playa Brava, abraza el turismo por una fecha especial: <strong>la final de la <a href=\"https:\/\/www.ole.com.ar\/tema\/copa-sudamericana.html\" title=\"Copa Sudamericana\" alt=\"Copa Sudamericana\" class=\"slug\">Copa Sudamericana 2023<\/a> que definir\u00e1n <a href=\"https:\/\/www.ole.com.ar\/tema\/fortaleza.html\" title=\"Fortaleza\" alt=\"Fortaleza\" class=\"slug\">Fortaleza<\/a> y <a href=\"https:\/\/www.ole.com.ar\/tema\/liga-de-quito.html\" title=\"liga de quito\" alt=\"liga de quito\" class=\"slug\">Liga de Quito<\/a>. <\/strong><\/p>\n<\/div>\n<div class=\"custom-text \" readability=\"40\">\n<p>Dicha pieza simb\u00f3lica cuenta con varios significados, pero entre los charr\u00faas lo destacan como el hombre que emerge a la vida. Y as\u00ed quiere quedar inmortalizado tambi\u00e9n el primer campe\u00f3n continental del a\u00f1o, <strong>que se coronar\u00e1 el 28 de octubre en el Estadio Domingo Burgue\u00f1o Miguel.<\/strong> De un lado, la historia del Albo, pero del otro, la convicci\u00f3n e ilusi\u00f3n de un Tricolor de Ajo que supo estar en lo m\u00e1s bajo y quiere tocar el cielo con las manos.<\/p>\n<\/div>\n<div class=\"custom-text \" readability=\"44\">\n<p>\u00abEs un sue\u00f1o, es incre\u00edble. Estab\u00e1mos seis a\u00f1os atr\u00e1s en tercera divisi\u00f3n nacional y, paso a paso, fuimos escalando hacia arriba. <strong>Vino segunda nacional, Brasileirao, primera participaci\u00f3n en Sudamericana 2020, en Copa Libertadores 2022 y ahora en la final de una competenci\u00f3n muy grande\u00bb<\/strong>, le coment\u00f3 Marcelo Paz, presidente del cuadro brasile\u00f1o a Ol\u00e9, ilusionado de poder conseguir su primera estrella internacional.<\/p>\n<\/div>\n<div class=\"sc-e7b891c4-0 jPbnQF\"><img alt=\"Punta del Este espera por el Fortaleza ante Liga.\" src=\"http:\/\/hoycordobaweb.com\/wp-content\/uploads\/2023\/10\/el-presidente-de-fortaleza-con-ole-la-hinchada-como-jugador-numero-12-y-el-respeto-por-liga-2.jpg\" width=\"720\" height=\"100\" decoding=\"async\" data-nimg=\"future\" loading=\"lazy\"><span class=\"epigraphe\">Punta del Este espera por el Fortaleza ante Liga.<\/span><\/div>\n<div class=\"custom-text \" readability=\"39\">\n<p>En esa l\u00ednea, el directivo agreg\u00f3: \u00abRealmente estamos muy felices todos, parec\u00eda imposible llegar aqu\u00ed. Con mucho trabajo y sobre todo muchas buenas personas a mi lado y trabajando con mucha fe, conseguimos estar aqu\u00ed. Es vivir un sue\u00f1o, pero vamos a dar todo para que sea coronado con un \u00e9xito y con el trofeo hacia casa\u00bb.<\/p>\n<\/div>\n<div class=\"sc-e7b891c4-0 jPbnQF\"><img alt=\"El plantel de Fortaleza antes de partir a Punta del Este.\" src=\"http:\/\/hoycordobaweb.com\/wp-content\/uploads\/2023\/10\/el-presidente-de-fortaleza-con-ole-la-hinchada-como-jugador-numero-12-y-el-respeto-por-liga-3.jpg\" width=\"720\" height=\"100\" decoding=\"async\" data-nimg=\"future\" loading=\"lazy\"><span class=\"epigraphe\">El plantel de Fortaleza antes de partir a Punta del Este.<\/span><\/div>\n<div class=\"custom-text \" readability=\"40\">\n<p>El brasile\u00f1o, que so\u00f1\u00f3 con jugar en Fortaleza y se dedic\u00f3 a la administraci\u00f3n de empresas, lleg\u00f3 a poner dinero de su propio bolsillo para levantar al club en los momentos m\u00e1s dif\u00edciles y al respecto cont\u00f3:<strong> \u00abSin dudas vali\u00f3 la pena todo ese esfuerzo, porque todo fue hecho con mucho amor y verdad. <\/strong>En el f\u00fatbol, los momentos son buenos y malos, pero sab\u00edamos de eso y nunca bajamos los brazos. Hay que tener mucha fuerza para los momentos adversos y poder superarlos no es sencillo\u00bb.<\/p>\n<\/div>\n<div class=\"custom-text \" readability=\"40\">\n<p>\u00abCuando las cosas no sal\u00edan, a veces las personas se ponen m\u00e1s firmes con nosotros, ja, pero en parte porque el f\u00fatbol es pasi\u00f3n y nosotros comprendimos que era parte del camino. Esos momentos nos ayudaron a crecer, a desarrollar y ahora vamos a disfrutar de este buen momento y ojal\u00e1 podemos conseguir esa copa\u00bb, reconoci\u00f3 el mandatario del Tricolor do Ajo.<\/p>\n<\/div>\n<div class=\"sc-e7b891c4-0 jPbnQF\"><img alt=\"La hinchada de Fortaleza en Uruguay.\" src=\"http:\/\/hoycordobaweb.com\/wp-content\/uploads\/2023\/10\/el-presidente-de-fortaleza-con-ole-la-hinchada-como-jugador-numero-12-y-el-respeto-por-liga-4.jpg\" width=\"720\" height=\"100\" decoding=\"async\" data-nimg=\"future\" loading=\"lazy\"><span class=\"epigraphe\">La hinchada de Fortaleza en Uruguay.<\/span><\/div>\n<div class=\"custom-text \" readability=\"38\">\n<p>Hace d\u00edas que por las ramblas de Uruguay se observan camisetas del club brasile\u00f1o a cada paso. Por eso, Paz le dej\u00f3 un mensaje a los torcedores que prometen invadir la ciudad: \u00abEstoy muy impresionado por la cantidad de personas que atravesaron un continente, porque Brasil es un pa\u00eds continental muy grande y es dif\u00edcil llegar de Fortaleza hacia Punta del Este, pero los hinchas est\u00e1n\u00bb. <\/p>\n<\/div>\n<div class=\"sc-e7b891c4-0 jPbnQF\"><img alt=\"Marcelo Paz, presidente de Fortaleza.\" src=\"http:\/\/hoycordobaweb.com\/wp-content\/uploads\/2023\/10\/el-presidente-de-fortaleza-con-ole-la-hinchada-como-jugador-numero-12-y-el-respeto-por-liga-5.jpg\" width=\"720\" height=\"100\" decoding=\"async\" data-nimg=\"future\" loading=\"lazy\"><span class=\"epigraphe\">Marcelo Paz, presidente de Fortaleza.<\/span><\/div>\n<div class=\"custom-text \" readability=\"36\">\n<p>En esa l\u00ednea, cerr\u00f3: \u00abCreo que siete mil personas estar\u00e1n en la ciudad y en el estadio, <strong>seguramente para hacer una gran fiesta y ser el jugador n\u00famero 12 que necesitamos para que nuestro equipo est\u00e9 cada vez m\u00e1s fuerte para este desaf\u00edo\u00bb.<\/strong><\/p>\n<\/div>\n<p><h2>Marcelo Paz y sus elogios para Liga de Quito<\/h2>\n<\/p>\n<div class=\"custom-text \" readability=\"32\">\n<p><strong>\u00bfPesa la historia de Liga de Quito en esta clase de partidos?<\/strong><\/p>\n<\/div>\n<div class=\"custom-text \" readability=\"35\">\n<p>S\u00ed que pesa, es un gran equipo. Tienen cuatro conquistas internacionales, campeones de Sudamericana y Libertadores&#8230; Yo mir\u00e9 ese juego ante Fluminense en dos ocasiones y los recuerdo muy bien. <\/p>\n<\/div>\n<div class=\"custom-text \" readability=\"42\">\n<p>Es un gran equip, muy competitivo. Tienen muchos argentinos en gran nivel, un entrenador argentino como nosotros, tienen a Paolo Guerrero que es un gran atleta y un gran goleador, pero vamos a salir a ganar. Vamos a pelear con ellos, llegaron a la final con m\u00e9ritos y cualidades de juego, pero vamos a llevar a cabo un gran juego. En 90 minutos daremos lo mejor y qui\u00e9n sabe, podemos ser campeones. <\/p>\n<\/div>\n<div class=\"custom-embedhtml\" readability=\"8.2909090909091\">\n<blockquote class=\"twitter-tweet\" readability=\"10.472727272727\">\n<p lang=\"es\" dir=\"ltr\">Marcelo Paz, presidente de Fortaleza, analiz\u00f3 a Liga de Quito en di\u00e1logo con Ol\u00e9 Ecuador \ud83c\udde7\ud83c\uddf7\ud83c\udd9a\ud83c\uddea\ud83c\udde8<\/p>\n<p>Destac\u00f3 su historia copera y la jerarqu\u00eda de Paolo Guerrero, pero se mostr\u00f3 confiado de cara a la final por la Copa Sudamericana \ud83c\udfc6 <a href=\"https:\/\/t.co\/eJ1i3klnXo\">pic.twitter.com\/eJ1i3klnXo<\/a><\/p>\n<p>\u2014 Diario Ol\u00e9 Ecuador (@DiarioOleEc) <a href=\"https:\/\/twitter.com\/DiarioOleEc\/status\/1717721295670899149?ref_src=twsrc%5Etfw\">October 27, 2023<\/a><\/p><\/blockquote><\/div>\n<div class=\"custom-text \" readability=\"32\">\n<p><strong>\u00bfGuerrero es la principal amenaza para Fortaleza? \u00bfDe qu\u00e9 se tienen que cuidar?<\/strong><\/p>\n<\/div>\n<div class=\"custom-text \" readability=\"42\">\n<p>Nos tenemos que cuidar de todo el equipo. Es un equipo muy fuerte, tienen a Johjan Julio, Ezequiel Piovi, Mauricio Mart\u00ednez, todos muy competitivos y de muchas cualidades. Bien entrenados por Zubeld\u00eda, tenemos que cuidar de todos. Si solo nos cuid\u00e1ramos de uno, los dem\u00e1s estar\u00edan libres para hacernos da\u00f1o, ja. <\/p>\n<\/div>\n<div class=\"custom-embedhtml\" readability=\"7.3371335504886\">\n<blockquote class=\"twitter-tweet\" readability=\"8.6319218241042\">\n<p lang=\"es\" dir=\"ltr\">\u00bfSolamente Paolo Guerrero? Para nada: en Fortaleza toman recaudos sobre Liga \ud83c\uddea\ud83c\udde8\u270a\ud83c\udffb<\/p>\n<p>\ud83c\udde7\ud83c\uddf7 Marcelo Paz, presidente del elenco brasile\u00f1o, llen\u00f3 de elogios al plantel de Zubeld\u00eda en la previa por la Gran Conquista <a href=\"https:\/\/t.co\/OTtff6uHby\">pic.twitter.com\/OTtff6uHby<\/a><\/p>\n<p>\u2014 Diario Ol\u00e9 Ecuador (@DiarioOleEc) <a href=\"https:\/\/twitter.com\/DiarioOleEc\/status\/1717724013605134439?ref_src=twsrc%5Etfw\">October 27, 2023<\/a><\/p><\/blockquote><\/div>\n<div class=\"custom-text \" readability=\"34\">\n<p><strong>Y si hablara con Zubeld\u00eda, \u00bfqu\u00e9 recaudos le dir\u00eda de tomar sobre Fortaleza? \u00bfCu\u00e1l considera el mayor atributo de su equipo?<\/strong><\/p>\n<\/div>\n<div class=\"custom-text \" readability=\"36\">\n<p>Creo que Zubeld\u00eda habr\u00e1 mirado muchas partidas de Fortaleza, entonces no voy a ser yo quien le diga qu\u00e9 tiene que hacer con nosotros, ja. Nuestra estrategia es algo que no se revela, ja. <\/p>\n<\/div>\n<div class=\"custom-text \" readability=\"33\">\n<p>Tengo la certeza que Zubeld\u00eda y la Liga de Quito tienen excelentes personas que hacen los an\u00e1lisis y espero que podamos sorprenderlos. <strong>Definitivamente ser\u00e1 un gran partido.<\/strong><\/p>\n<\/div>\n<div class=\"sc-a7166897-0 exHLBh\" readability=\"6\">\n<section readability=\"2\"><picture><img alt=\"El gran gesto de Luis Zubeld\u00eda con los empleados de Liga de Quito\" src=\"http:\/\/hoycordobaweb.com\/wp-content\/uploads\/2023\/10\/el-presidente-de-fortaleza-con-ole-la-hinchada-como-jugador-numero-12-y-el-respeto-por-liga-6.jpg\" width=\"290\" height=\"290\" decoding=\"async\" data-nimg=\"future\" loading=\"lazy\"><\/picture>\n<p><span>Mir\u00e1 tambi\u00e9n<\/span><\/p>\n<hr>\n<h3>El gran gesto de Luis Zubeld\u00eda con los empleados de Liga de Quito<\/h3>\n<\/p>\n<\/section>\n<\/div>\n<div class=\"sc-a7166897-0 exHLBh\" readability=\"6.5\">\n<section readability=\"3\"><picture><img alt=\"Alexander Dom\u00ednguez sobre su tercera final de Sudamericana: &quot;Ahora lo vivo con tranquilidad&quot;\" src=\"http:\/\/hoycordobaweb.com\/wp-content\/uploads\/2023\/10\/el-presidente-de-fortaleza-con-ole-la-hinchada-como-jugador-numero-12-y-el-respeto-por-liga-7.jpg\" width=\"290\" height=\"290\" decoding=\"async\" data-nimg=\"future\" loading=\"lazy\"><\/picture>\n<p><span>Mir\u00e1 tambi\u00e9n<\/span><\/p>\n<hr>\n<h3>Alexander Dom\u00ednguez sobre su tercera final de Sudamericana: \u00abAhora lo vivo con tranquilidad\u00bb<\/h3>\n<\/p>\n<\/section>\n<\/div>\n<div class=\"sc-a7166897-0 exHLBh\" readability=\"6\">\n<section readability=\"2\"><picture><img alt=\"La millonaria diferencia entre los planteles de Fortaleza y Liga de Quito\" src=\"http:\/\/hoycordobaweb.com\/wp-content\/uploads\/2023\/10\/el-presidente-de-fortaleza-con-ole-la-hinchada-como-jugador-numero-12-y-el-respeto-por-liga-8.jpg\" width=\"290\" height=\"290\" decoding=\"async\" data-nimg=\"future\" loading=\"lazy\"><\/picture>\n<p><span>Mir\u00e1 tambi\u00e9n<\/span><\/p>\n<hr>\n<h3>La millonaria diferencia entre los planteles de Fortaleza y Liga de Quito<\/h3>\n<\/p>\n<\/section>\n<\/div>\n<div class=\"sc-a7166897-0 exHLBh\" readability=\"6\">\n<section readability=\"2\"><picture><img alt=\"Alarma en La Tri: se lesion\u00f3 Angelo Preciado\" src=\"http:\/\/hoycordobaweb.com\/wp-content\/uploads\/2023\/10\/el-presidente-de-fortaleza-con-ole-la-hinchada-como-jugador-numero-12-y-el-respeto-por-liga-9.jpg\" width=\"290\" height=\"290\" decoding=\"async\" data-nimg=\"future\" loading=\"lazy\"><\/picture>\n<p><span>Mir\u00e1 tambi\u00e9n<\/span><\/p>\n<hr>\n<h3>Alarma en La Tri: se lesion\u00f3 Angelo Preciado<\/h3>\n<\/p>\n<\/section>\n<\/div>\n<\/div>\n","protected":false},"excerpt":{"rendered":"<p>27\/10\/2023 00:14hs. Actualizado al 27\/10\/2023 02:24hs. Va cayendo gente al baile y de a poco, Punta del Este comienza a colmarse de ecuatorianos y brasile\u00f1os. La &#8216;ciudad de los dedos&#8217;, por la ic\u00f3nica escultura localizada en Playa Brava, abraza el turismo por una fecha especial: la final de la Copa Sudamericana 2023 que definir\u00e1n Fortaleza [&hellip;]<\/p>\n","protected":false},"author":1,"featured_media":68744,"comment_status":"open","ping_status":"closed","sticky":false,"template":"","format":"standard","meta":[],"categories":[16],"tags":[],"_links":{"self":[{"href":"http:\/\/hoycordobaweb.com\/index.php\/wp-json\/wp\/v2\/posts\/68743"}],"collection":[{"href":"http:\/\/hoycordobaweb.com\/index.php\/wp-json\/wp\/v2\/posts"}],"about":[{"href":"http:\/\/hoycordobaweb.com\/index.php\/wp-json\/wp\/v2\/types\/post"}],"author":[{"embeddable":true,"href":"http:\/\/hoycordobaweb.com\/index.php\/wp-json\/wp\/v2\/users\/1"}],"replies":[{"embeddable":true,"href":"http:\/\/hoycordobaweb.com\/index.php\/wp-json\/wp\/v2\/comments?post=68743"}],"version-history":[{"count":0,"href":"http:\/\/hoycordobaweb.com\/index.php\/wp-json\/wp\/v2\/posts\/68743\/revisions"}],"wp:featuredmedia":[{"embeddable":true,"href":"http:\/\/hoycordobaweb.com\/index.php\/wp-json\/wp\/v2\/media\/68744"}],"wp:attachment":[{"href":"http:\/\/hoycordobaweb.com\/index.php\/wp-json\/wp\/v2\/media?parent=68743"}],"wp:term":[{"taxonomy":"category","embeddable":true,"href":"http:\/\/hoycordobaweb.com\/index.php\/wp-json\/wp\/v2\/categories?post=68743"},{"taxonomy":"post_tag","embeddable":true,"href":"http:\/\/hoycordobaweb.com\/index.php\/wp-json\/wp\/v2\/tags?post=68743"}],"curies":[{"name":"wp","href":"https:\/\/api.w.org\/{rel}","templated":true}]}}