{"id":68726,"date":"2023-10-26T07:42:06","date_gmt":"2023-10-26T07:42:06","guid":{"rendered":"https:\/\/www.espinof.com\/reality\/the-floor-cerro-su-recorrido-arrasando-audiencias-proclamo-ganador-100-00-euros-premio"},"modified":"2023-10-26T07:42:06","modified_gmt":"2023-10-26T07:42:06","slug":"the-floor-cerro-su-recorrido-arrasando-en-audiencias-y-proclamo-el-ganador-de-los-100-00-euros-de-premio","status":"publish","type":"post","link":"http:\/\/hoycordobaweb.com\/index.php\/2023\/10\/26\/the-floor-cerro-su-recorrido-arrasando-en-audiencias-y-proclamo-el-ganador-de-los-100-00-euros-de-premio\/","title":{"rendered":"&#8216;The floor&#8217; cerr\u00f3 su recorrido arrasando en audiencias y proclam\u00f3 el ganador de los 100.00 euros de premio"},"content":{"rendered":"<p>Despu\u00e9s de ocho semanas de concurso, <a href=\"https:\/\/www.espinof.com\/tag\/the-floor\">&#8216;The floor&#8217;<\/a> llega a su fin: el concurso de Antena 3 acab\u00f3 su trayectoria liderando las audiencias y anunciando<strong> la victoria de Mireia, que se se hizo con los 100.000 euros del premio<\/strong>.<\/p>\n<p><!-- BREAK 1 --> <\/p>\n<h2>La l\u00edder de &#8216;The floor&#8217;<\/h2>\n<p>En septiembre comenz\u00f3 la emisi\u00f3n de &#8216;The floor&#8217; en Antena 3, el concurso presentado por Manel Fuentes en el que los <strong>concursantes estaban repartidos por un suelo de LED<\/strong>, cada uno asociado a una categor\u00eda, y deb\u00edan ir ret\u00e1ndose en duelos para ir ganando terreno.<\/p>\n<p><!-- BREAK 2 --><\/p>\n<p>Durante varios programas, fue Alberto quien acumul\u00f3 m\u00e1s casillas pero perdi\u00f3 hacia la mitad del concurso y, desde entonces, el grueso de las casillas ha ido saltando de un concursante a otro, ya que<strong> nadie consegu\u00eda aguantar tanto como el actor de doblaje<\/strong>.<\/p>\n<p><!-- BREAK 3 --> <\/p>\n<div class=\"article-asset article-asset-normal article-asset-center\">\n<div class=\"desvio-container\">\n<div class=\"desvio\">\n<div class=\"desvio-figure js-desvio-figure\"> <a href=\"https:\/\/www.espinof.com\/criticas\/suelo-lava-netflix-apuesta-volver-a-basico-simpatico-reality-competicion\"> <img alt=\"'\u00a1El suelo es lava!': Netflix apuesta por volver a lo b\u00e1sico con un simp\u00e1tico reality de competici\u00f3n \" src=\"http:\/\/hoycordobaweb.com\/wp-content\/uploads\/2023\/10\/the-floor-cerro-su-recorrido-arrasando-en-audiencias-y-proclamo-el-ganador-de-los-100-00-euros-de-premio.jpg\"> <\/a> <\/div><\/div><\/div>\n<\/div>\n<p>Finalmente, anoche fue la \u00faltima gala y Mireia tuvo que <strong>derrotar a Paco Luis <\/strong>en atletas ol\u00edmpicos, <strong>Juanan <\/strong>en modelos <strong>y Daniel <\/strong>en cocineros para poder declararse l\u00edder absoluta de &#8216;The floor&#8217; y recibir los 100.000 euros del premio.<\/p>\n<p><!-- BREAK 4 --><\/p>\n<p>El concurso es una adaptaci\u00f3n del formato original holand\u00e9s, y <strong>ha despuntado en audiencias &nbsp;durante sus ocho semanas de emisi\u00f3n<\/strong>. Arranc\u00f3 con un 16.9% de share y 1.432.000 espectadores y se ha mantenido l\u00edder de audiencias todos los mi\u00e9rcoles, hasta cerrar con un 13.9% y 1.136.000 espectadores, su segundo mejor dato desde el estreno.<\/p>\n<p><!-- BREAK 5 --><\/p>\n<p>En Espinof:<\/p>\n","protected":false},"excerpt":{"rendered":"<p>Despu\u00e9s de ocho semanas de concurso, &#8216;The floor&#8217; llega a su fin: el concurso de Antena 3 acab\u00f3 su trayectoria liderando las audiencias y anunciando la victoria de Mireia, que se se hizo con los 100.000 euros del premio. La l\u00edder de &#8216;The floor&#8217; En septiembre comenz\u00f3 la emisi\u00f3n de &#8216;The floor&#8217; en Antena 3, [&hellip;]<\/p>\n","protected":false},"author":1,"featured_media":68727,"comment_status":"open","ping_status":"closed","sticky":false,"template":"","format":"standard","meta":[],"categories":[10],"tags":[],"_links":{"self":[{"href":"http:\/\/hoycordobaweb.com\/index.php\/wp-json\/wp\/v2\/posts\/68726"}],"collection":[{"href":"http:\/\/hoycordobaweb.com\/index.php\/wp-json\/wp\/v2\/posts"}],"about":[{"href":"http:\/\/hoycordobaweb.com\/index.php\/wp-json\/wp\/v2\/types\/post"}],"author":[{"embeddable":true,"href":"http:\/\/hoycordobaweb.com\/index.php\/wp-json\/wp\/v2\/users\/1"}],"replies":[{"embeddable":true,"href":"http:\/\/hoycordobaweb.com\/index.php\/wp-json\/wp\/v2\/comments?post=68726"}],"version-history":[{"count":0,"href":"http:\/\/hoycordobaweb.com\/index.php\/wp-json\/wp\/v2\/posts\/68726\/revisions"}],"wp:featuredmedia":[{"embeddable":true,"href":"http:\/\/hoycordobaweb.com\/index.php\/wp-json\/wp\/v2\/media\/68727"}],"wp:attachment":[{"href":"http:\/\/hoycordobaweb.com\/index.php\/wp-json\/wp\/v2\/media?parent=68726"}],"wp:term":[{"taxonomy":"category","embeddable":true,"href":"http:\/\/hoycordobaweb.com\/index.php\/wp-json\/wp\/v2\/categories?post=68726"},{"taxonomy":"post_tag","embeddable":true,"href":"http:\/\/hoycordobaweb.com\/index.php\/wp-json\/wp\/v2\/tags?post=68726"}],"curies":[{"name":"wp","href":"https:\/\/api.w.org\/{rel}","templated":true}]}}