{"id":68692,"date":"2023-10-26T02:54:20","date_gmt":"2023-10-26T02:54:20","guid":{"rendered":"https:\/\/www.ole.com.ar\/river-plate\/miguel-angel-borja-doble-9-estadio-monumental-cesped_0_Sp3mq0zHzb.html"},"modified":"2023-10-26T02:54:20","modified_gmt":"2023-10-26T02:54:20","slug":"borja-los-mates-con-rondon-el-estamos-esperando-el-doble-9-y-a-que-le-recordo-el-estado-del-cesped-del-monumental","status":"publish","type":"post","link":"http:\/\/hoycordobaweb.com\/index.php\/2023\/10\/26\/borja-los-mates-con-rondon-el-estamos-esperando-el-doble-9-y-a-que-le-recordo-el-estado-del-cesped-del-monumental\/","title":{"rendered":"Borja: los mates con Rond\u00f3n, el \u00abestamos esperando el doble 9\u00bb y a qu\u00e9 le record\u00f3 el estado del c\u00e9sped del Monumental"},"content":{"rendered":"<p><img src=\"http:\/\/hoycordobaweb.com\/wp-content\/uploads\/2023\/10\/borja-los-mates-con-rondon-el-estamos-esperando-el-doble-9-y-a-que-le-recordo-el-estado-del-cesped-del-monumental.jpg\"><\/p>\n<p><time class=\"createDate\" datetime=\"2023-10-25T23:54:20-03:00\">25\/10\/2023 23:54hs.<\/time><time class=\"modificatedDate\" datetime=\"2023-10-25T23:54:20-03:00\"><\/time><\/p>\n<div id=\"storyBody\">\n<div class=\"custom-text \" readability=\"33.627071823204\">\n<p>Est\u00e1 cebado, <strong>Miguel \u00c1ngel Borja<\/strong>. Cuatro goles en dos partidos ratifican su momento en River. El colombiano <strong><a href=\"https:\/\/www.ole.com.ar\/river-plate\/miguel-angel-borja-doble-9-estadio-monumental-cesped_0_Sp3mq0zHzb.html\" target=\"_self\" title=\"marc\u00f3 un doblete frente a Col\u00f3n\" alt=\"marc\u00f3 un doblete frente a Col\u00f3n\" rel=\"noopener noreferrer\">marc\u00f3 un doblete frente a Col\u00f3n<\/a><\/strong> y repiti\u00f3 este mi\u00e9rcoles ante Independiente. Y as\u00ed justific\u00f3 su presencia entre los titulares aun cuando eso implique que quede relegado <strong>Salom\u00f3n Rond\u00f3n<\/strong>, el otro ariete del plantel y compa\u00f1ero suyo de habitaci\u00f3n.<\/p>\n<\/div>\n<div class=\"custom-text \" readability=\"34\">\n<p><strong>El hecho de que Borja y Rond\u00f3n compitan por un lugar en el equipo no erosiona el v\u00ednculo<\/strong>. Quiz\u00e1s hasta lo fortalece: el propio colombiano reconoci\u00f3 que en las v\u00edsperas de los partidos comparten horas de charla pero tambi\u00e9n rondas de infusi\u00f3n argenta.<\/p>\n<\/div>\n<div class=\"custom-text \" readability=\"39\">\n<p><strong>\u201cCon Salom\u00f3n charlamos cosas de compa\u00f1eros. Por momentos compartimos mate tambi\u00e9n, eso nos gusta. Y tambi\u00e9n ayuda a que la concentraci\u00f3n sea m\u00e1s amena. Eso es lo m\u00e1s importante\u201d<\/strong>, plante\u00f3 <strong>Borja <\/strong>despu\u00e9s de convertir con bises frente a Independiente y transform\u00e1ndose, as\u00ed, en el jugador de River con m\u00e1s goles en cl\u00e1sicos en 2023 (4).<\/p>\n<\/div>\n<div class=\"custom-text \" readability=\"37\">\n<p>Pero hubo m\u00e1s. Porque <strong>Borja <\/strong>hasta se anim\u00f3 a hacerle una sugerencia de pizarr\u00f3n de <strong>Mart\u00edn Demichelis<\/strong>. Con buena onda y tono de chanza, el Colibr\u00ed brome\u00f3:<strong> \u201cEstamos esperando ese doble 9, ja\u201d<\/strong>. Una idea tirada al aire que debe interpretarse completa: a Miguel \u00c1ngel ni se le pasa por la cabeza salir\u2026<\/p>\n<\/div>\n<div class=\"sc-e7b891c4-0 jPbnQF\"><img alt=\"El festejod e Borja en el Monumental (AFP).\" src=\"http:\/\/hoycordobaweb.com\/wp-content\/uploads\/2023\/10\/borja-los-mates-con-rondon-el-estamos-esperando-el-doble-9-y-a-que-le-recordo-el-estado-del-cesped-del-monumental-2.jpg\" width=\"720\" height=\"100\" decoding=\"async\" data-nimg=\"future\" loading=\"lazy\"><span class=\"epigraphe\">El festejod e Borja en el Monumental (AFP).<\/span><\/div>\n<div class=\"custom-text \" readability=\"36\">\n<p>Y es que en lo que va del a\u00f1o <strong>ya acumula 13 goles y est\u00e1 a apenas tres de Lucas Beltr\u00e1n<\/strong>, el top scorer de River en 2023 (<strong>Rond\u00f3n tiene 8<\/strong>). Una mirada parcial de una estad\u00edstica impecable: en N\u00fa\u00f1ez ya marc\u00f3 23 goles en 58 partidos. <strong>Y si se analizan s\u00f3lo los minutos netos de juego promedia uno cada 119 minutos.<\/strong><\/p>\n<\/div>\n<div class=\"custom-text \" readability=\"35\">\n<p>Pero hay m\u00e1s: <strong>Borja <\/strong>tambi\u00e9n est\u00e1 cerca de los dos goleadores de la Copa de la Liga Profesional. Con seis, <strong>apenas un gol lo separa de Luciano Gondou (Argentinos) y de Lucas Passerini (Belgrano).<\/strong> Con el nivel que viene mostrando\u2026<\/p>\n<\/div>\n<p><h2>Borja y su divertida reflexi\u00f3n sobre el campo de juego<\/h2>\n<\/p>\n<div class=\"sc-e7b891c4-0 jPbnQF\"><img alt=\"Borja toca y define (AFP).\" src=\"http:\/\/hoycordobaweb.com\/wp-content\/uploads\/2023\/10\/borja-los-mates-con-rondon-el-estamos-esperando-el-doble-9-y-a-que-le-recordo-el-estado-del-cesped-del-monumental-3.jpg\" width=\"720\" height=\"100\" decoding=\"async\" data-nimg=\"future\" loading=\"lazy\"><span class=\"epigraphe\">Borja toca y define (AFP).<\/span><\/div>\n<div class=\"custom-text \" readability=\"37\">\n<p><strong>El terreno de juego del Monumental estuvo seis puntos<\/strong>, seg\u00fan el comunicado emitido por River por el deterioro que sufri\u00f3 la cancha luego de los recitales de The Weekend. <strong>Miguel \u00c1ngel Borja<\/strong>, sin embargo, tuvo una reflexi\u00f3n simp\u00e1tica al referirse al tema.<\/p>\n<\/div>\n<div class=\"custom-text \" readability=\"36\">\n<p><strong>\u201cEstaba un poco complicado el campo de juego. Nos toc\u00f3 acordarnos de donde salimos cuando \u00e9ramos ni\u00f1os, ja. En Tierralta hab\u00eda muchos campos iguales. En eso pensamos\u201d<\/strong>, dijo <strong>Borja <\/strong>citando a su pueblo natal en Colombia.<\/p>\n<\/div>\n<div class=\"custom-text \" readability=\"36\">\n<p>Pero cuidado: <strong>el Colibr\u00ed no dej\u00f3 de reconocer el apoyo que lleg\u00f3 desde las tribunas<\/strong>. \u201cEl escenario nos favorece mucho, la hinchada te alienta y acompa\u00f1a siempre. Es algo que no podemos dejar de lado. Tenemos la confianza\u201d, plante\u00f3 el colombiano.<\/p>\n<\/div>\n<div class=\"custom-text \" readability=\"37\">\n<p>Advirtiendo, no obstante, que \u201cesperamos empezar a ganar de visitante, que es lo que queremos\u201d en relaci\u00f3n a las dificultades que se le presentaron a River para sumar de a tres fronteras afuera del Monumental.<\/p>\n<\/div>\n<div class=\"sc-a7166897-0 exHLBh\" readability=\"6\">\n<section readability=\"2\"><picture><img alt=\"El uno por uno de River en la goleada contra Independiente\" src=\"http:\/\/hoycordobaweb.com\/wp-content\/uploads\/2023\/10\/borja-los-mates-con-rondon-el-estamos-esperando-el-doble-9-y-a-que-le-recordo-el-estado-del-cesped-del-monumental-4.jpg\" width=\"290\" height=\"290\" decoding=\"async\" data-nimg=\"future\" loading=\"lazy\"><\/picture>\n<p><span>Mir\u00e1 tambi\u00e9n<\/span><\/p>\n<hr>\n<h3>El uno por uno de River en la goleada contra Independiente<\/h3>\n<\/p>\n<\/section>\n<\/div>\n<div class=\"sc-a7166897-0 exHLBh\" readability=\"6\">\n<section readability=\"2\"><picture><img alt=\"River-Independiente: la racha que estir\u00f3 Demichelis y la que cort\u00f3 Tevez\" src=\"http:\/\/hoycordobaweb.com\/wp-content\/uploads\/2023\/10\/borja-los-mates-con-rondon-el-estamos-esperando-el-doble-9-y-a-que-le-recordo-el-estado-del-cesped-del-monumental-5.jpg\" width=\"290\" height=\"290\" decoding=\"async\" data-nimg=\"future\" loading=\"lazy\"><\/picture>\n<p><span>Mir\u00e1 tambi\u00e9n<\/span><\/p>\n<hr>\n<h3>River-Independiente: la racha que estir\u00f3 Demichelis y la que cort\u00f3 Tevez<\/h3>\n<\/p>\n<\/section>\n<\/div>\n<\/div>\n","protected":false},"excerpt":{"rendered":"<p>25\/10\/2023 23:54hs. Est\u00e1 cebado, Miguel \u00c1ngel Borja. Cuatro goles en dos partidos ratifican su momento en River. El colombiano marc\u00f3 un doblete frente a Col\u00f3n y repiti\u00f3 este mi\u00e9rcoles ante Independiente. Y as\u00ed justific\u00f3 su presencia entre los titulares aun cuando eso implique que quede relegado Salom\u00f3n Rond\u00f3n, el otro ariete del plantel y compa\u00f1ero [&hellip;]<\/p>\n","protected":false},"author":1,"featured_media":68693,"comment_status":"open","ping_status":"closed","sticky":false,"template":"","format":"standard","meta":[],"categories":[16],"tags":[],"_links":{"self":[{"href":"http:\/\/hoycordobaweb.com\/index.php\/wp-json\/wp\/v2\/posts\/68692"}],"collection":[{"href":"http:\/\/hoycordobaweb.com\/index.php\/wp-json\/wp\/v2\/posts"}],"about":[{"href":"http:\/\/hoycordobaweb.com\/index.php\/wp-json\/wp\/v2\/types\/post"}],"author":[{"embeddable":true,"href":"http:\/\/hoycordobaweb.com\/index.php\/wp-json\/wp\/v2\/users\/1"}],"replies":[{"embeddable":true,"href":"http:\/\/hoycordobaweb.com\/index.php\/wp-json\/wp\/v2\/comments?post=68692"}],"version-history":[{"count":0,"href":"http:\/\/hoycordobaweb.com\/index.php\/wp-json\/wp\/v2\/posts\/68692\/revisions"}],"wp:featuredmedia":[{"embeddable":true,"href":"http:\/\/hoycordobaweb.com\/index.php\/wp-json\/wp\/v2\/media\/68693"}],"wp:attachment":[{"href":"http:\/\/hoycordobaweb.com\/index.php\/wp-json\/wp\/v2\/media?parent=68692"}],"wp:term":[{"taxonomy":"category","embeddable":true,"href":"http:\/\/hoycordobaweb.com\/index.php\/wp-json\/wp\/v2\/categories?post=68692"},{"taxonomy":"post_tag","embeddable":true,"href":"http:\/\/hoycordobaweb.com\/index.php\/wp-json\/wp\/v2\/tags?post=68692"}],"curies":[{"name":"wp","href":"https:\/\/api.w.org\/{rel}","templated":true}]}}