{"id":68675,"date":"2023-10-25T07:31:17","date_gmt":"2023-10-25T07:31:17","guid":{"rendered":"https:\/\/www.espinof.com\/anime\/my-daemon-desvela-su-nuevo-trailer-demonio-muy-cuqui-mundo-postapocaliptico-nuevo-anime-director-summer-ghost-tiene-fecha-estreno-netflix"},"modified":"2023-10-25T07:31:17","modified_gmt":"2023-10-25T07:31:17","slug":"my-daemon-desvela-su-nuevo-trailer-con-un-demonio-muy-cuqui-y-un-mundo-postapocaliptico-el-nuevo-anime-del-director-de-summer-ghost-tiene-fecha-de-estreno-en-netflix","status":"publish","type":"post","link":"http:\/\/hoycordobaweb.com\/index.php\/2023\/10\/25\/my-daemon-desvela-su-nuevo-trailer-con-un-demonio-muy-cuqui-y-un-mundo-postapocaliptico-el-nuevo-anime-del-director-de-summer-ghost-tiene-fecha-de-estreno-en-netflix\/","title":{"rendered":"&#8216;My Daemon&#8217; desvela su nuevo tr\u00e1iler con un demonio muy cuqui y un mundo postapocal\u00edptico: el nuevo anime del director de &#8216;Summer Ghost&#8217; tiene fecha de estreno en Netflix"},"content":{"rendered":"<p>Aunque va confirmando con mucho tiempo sus proyectos, a veces <strong>Netflix <\/strong>no los revela del todo hasta que pr\u00e1cticamente los tenemos encima. Esto es un poco lo que le ha pasado a &#8216;<strong>My Daemon&#8217;<\/strong>, uno de los animes originales que la plataforma va a estrenar antes de que termine el a\u00f1o y que ya ha dejado ver su vistazo m\u00e1s completo.<\/p>\n<p><!-- BREAK 1 --> <\/p>\n<h2>No sin mi demonio<\/h2>\n<p><strong>&#8216;My Daemon&#8217; <\/strong>se ambienta en un futuro cercano con cierto toque postapocal\u00edptico, en el que una explosi\u00f3n nuclear ha conectado la Tierra con el Infierno y creado una gran poluci\u00f3n por el camino. Un d\u00eda <strong>Kento <\/strong>se encuentra con <strong>Anna<\/strong>, un peque\u00f1o demonio, en el bosque y decide criarlo, y ambos se adentran en una aventura para encontrar a la madre perdida de Kento.<\/p>\n<p><!-- BREAK 2 --><\/p>\n<div class=\"article-asset-video article-asset-large article-asset-center\">\n<div class=\"asset-content\">\n<p> <iframe width=\"650\" height=\"366\" src=\"\/\/www.youtube.com\/embed\/6djy8LvVKRM\" allowfullscreen>[embedded content]<\/iframe> <\/p>\n<\/p><\/div>\n<\/div>\n<p>La serie est\u00e1 animada desde Igloo Studio, un estudio tailand\u00e9s que en su momento particip\u00f3 en &#8216;<a href=\"https:\/\/www.espinof.com\/criticas\/love-death-robots-temporada-3-serie-animacion-netflix-abrumador-espectaculo-visual-que-aprende-fallos-sus-predecesoras\">Love, Death &amp; Robots<\/a>&#8216; tambi\u00e9n para Netflix, y est\u00e1 dirigida por <strong>Otsuichi (Hirotaka Adachi)<\/strong>, <strong>el director de &#8216;Summer Ghost&#8217;.<\/strong><\/p>\n<p><!-- BREAK 3 --> <\/p>\n<p>Ya se ha confirmado que &#8216;My Daemon&#8217; llegar\u00e1 <strong>el pr\u00f3ximo 23 de noviembre <\/strong>a Netflix, y aunque todav\u00eda no se sabe con seguridad de cu\u00e1ntos episodios constar\u00e1 es muy posible que ronde entre los 8 y los 13 episodios, como es habitual con este tipo de series originales.<\/p>\n<p><!-- BREAK 4 --><\/p>\n<div class=\"article-asset article-asset-normal article-asset-center\">\n<div class=\"desvio-container\">\n<div class=\"desvio\">\n<div class=\"desvio-figure js-desvio-figure\"> <a href=\"https:\/\/www.espinof.com\/listas\/spy-x-family-the-apothecary-diaries-captain-tsubasa-final-shingeki-no-kyojin-mucho-cuando-se-estrenan-animes-otono-2023-donde-verlos-streaming\"> <img alt=\"'Spy x Family', 'The Apothecary Diaries', 'Captain Tsubasa', el final de 'Shingeki no Kyojin', y mucho m\u00e1s: cu\u00e1ndo se estrenan los animes de oto\u00f1o 2023 y d\u00f3nde verlos en streaming\" src=\"http:\/\/hoycordobaweb.com\/wp-content\/uploads\/2023\/10\/my-daemon-desvela-su-nuevo-trailer-con-un-demonio-muy-cuqui-y-un-mundo-postapocaliptico-el-nuevo-anime-del-director-de-summer-ghost-tiene-fecha-de-estreno-en-netflix.jpg\"> <\/a> <\/div><\/div><\/div>\n<\/div>\n<p>Por ahora la premisa es bastante interesante, aunque el CGI puede echar un poco para atr\u00e1s de entrada&#8230; Pero en peores nos hemos visto con algunas series de animaci\u00f3n similares y la historia puede que consiga levantar del todo el anime de &#8216;My Daemon&#8217;. <strong>Este final de a\u00f1o viene bastante cargadito en Netflix<\/strong>, porque el anime de &#8216;<a href=\"https:\/\/www.espinof.com\/tag\/pluto\">Pluto<\/a>&#8216; se estrena esta misma semana y en noviembre tambi\u00e9n arranca &#8216;<a href=\"https:\/\/www.espinof.com\/tag\/scott-pilgrim-takes-off\">Scott Pilgrim da el salto<\/a>&#8216;. No vamos cortos de animes en Netflix, no.<\/p>\n<p><!-- BREAK 5 --><\/p>\n<p>En Espinof:<\/p>\n","protected":false},"excerpt":{"rendered":"<p>Aunque va confirmando con mucho tiempo sus proyectos, a veces Netflix no los revela del todo hasta que pr\u00e1cticamente los tenemos encima. Esto es un poco lo que le ha pasado a &#8216;My Daemon&#8217;, uno de los animes originales que la plataforma va a estrenar antes de que termine el a\u00f1o y que ya ha [&hellip;]<\/p>\n","protected":false},"author":1,"featured_media":68676,"comment_status":"open","ping_status":"closed","sticky":false,"template":"","format":"standard","meta":[],"categories":[10],"tags":[],"_links":{"self":[{"href":"http:\/\/hoycordobaweb.com\/index.php\/wp-json\/wp\/v2\/posts\/68675"}],"collection":[{"href":"http:\/\/hoycordobaweb.com\/index.php\/wp-json\/wp\/v2\/posts"}],"about":[{"href":"http:\/\/hoycordobaweb.com\/index.php\/wp-json\/wp\/v2\/types\/post"}],"author":[{"embeddable":true,"href":"http:\/\/hoycordobaweb.com\/index.php\/wp-json\/wp\/v2\/users\/1"}],"replies":[{"embeddable":true,"href":"http:\/\/hoycordobaweb.com\/index.php\/wp-json\/wp\/v2\/comments?post=68675"}],"version-history":[{"count":0,"href":"http:\/\/hoycordobaweb.com\/index.php\/wp-json\/wp\/v2\/posts\/68675\/revisions"}],"wp:featuredmedia":[{"embeddable":true,"href":"http:\/\/hoycordobaweb.com\/index.php\/wp-json\/wp\/v2\/media\/68676"}],"wp:attachment":[{"href":"http:\/\/hoycordobaweb.com\/index.php\/wp-json\/wp\/v2\/media?parent=68675"}],"wp:term":[{"taxonomy":"category","embeddable":true,"href":"http:\/\/hoycordobaweb.com\/index.php\/wp-json\/wp\/v2\/categories?post=68675"},{"taxonomy":"post_tag","embeddable":true,"href":"http:\/\/hoycordobaweb.com\/index.php\/wp-json\/wp\/v2\/tags?post=68675"}],"curies":[{"name":"wp","href":"https:\/\/api.w.org\/{rel}","templated":true}]}}