{"id":68658,"date":"2023-10-24T17:41:17","date_gmt":"2023-10-24T17:41:17","guid":{"rendered":"https:\/\/www.mujerhoy.com\/moda\/no-te-pierdas\/reina-letizia-vestido-azul-look-espectacular-tenerife-20231024185409-nt.html"},"modified":"2023-10-24T17:41:17","modified_gmt":"2023-10-24T17:41:17","slug":"la-reina-letizia-sorprende-en-tenerife-con-un-espectacular-look-azul-klein-de-efecto-estilizador","status":"publish","type":"post","link":"http:\/\/hoycordobaweb.com\/index.php\/2023\/10\/24\/la-reina-letizia-sorprende-en-tenerife-con-un-espectacular-look-azul-klein-de-efecto-estilizador\/","title":{"rendered":"La reina Letizia sorprende en Tenerife con un espectacular look azul Klein de efecto estilizador"},"content":{"rendered":"<p><!-- AUTHOR --> <\/p>\n<div class=\"voc-author-timesocial \"> <!-- AUTHOR --> <\/p>\n<div class=\"voc-author-timesocial__signature\"> <!-- IMAGE AUTHOR --> <picture class=\"voc-image-signature\"> <img class=\"voc-image-signature__img\" src=\"http:\/\/hoycordobaweb.com\/wp-content\/uploads\/2023\/10\/la-reina-letizia-sorprende-en-tenerife-con-un-espectacular-look-azul-klein-de-efecto-estilizador.jpg\" alt=\"Raquel Rodr\u00edguez\"> <\/picture> <!-- INFO AUTHOR --> <\/div><\/div>\n<p> <!-- COMPONENTS --> <\/p>\n<p class=\"voc-paragraph\">La<br \/>\n<strong> reina Letizia <\/strong>se ha propuesto sorprendernos en Tenerife y lo ha conseguido. Y es que, aunque esper\u00e1bamos un look m\u00e1s sencillo y discreto debido al motivo por el que ha viajado a la isla canaria, ha aprovechado para<br \/>\n<strong> lucir espectacular<\/strong> en un acto celebrado por la tarde.\n<\/p>\n<p class=\"voc-paragraph\">Durante la ma\u00f1ana, <a data-voc-vtm-id=\"in-text-traffic\" href=\"https:\/\/www.mujerhoy.com\/temas\/personajes\/reina-dona-letizia.html\" title=\"www.mujerhoy.com\">do\u00f1a Letizia <\/a>ha estado visitando las zonas afectadas por el incendio forestal que Tenerife sufri\u00f3 en verano y para ello escogi\u00f3<br \/>\n<a data-voc-vtm-id=\"in-text-traffic\" href=\"https:\/\/www.mujerhoy.com\/moda\/no-te-pierdas\/reina-letizia-mocasines-gabardina-look-comodo-tenerife-20231024131558-nt.html\" title=\"www.mujerhoy.com\"> un look c\u00f3modo con pantalones de Mango<\/a>. Una propuesta adecuada para la cita que nada tiene que ver con la que ha escogido horas despu\u00e9s.\n<\/p>\n<p class=\"voc-paragraph\">Tras una ma\u00f1ana de encuentros con diferentes personalidades involucradas con la cat\u00e1strofe como alcaldes y t\u00e9cnicos responsables de la extinci\u00f3n del incendio, tanto el rey Felipe VI como la reina Letizia han presidido un <strong>acto institucional <\/strong>celebrado en homenaje a todos los involucrados en lo sucedido.\n<\/p>\n<p class=\"voc-paragraph\">Se trata de un acto celebrado en el Auditorio Ad\u00e1n Mart\u00edn de Santa Cruz de Tenerife en el que se ha homenajeado y puesto en valor a las dotaciones, efectivos, colectivos, colegios oficiales y corporaciones que han intervenido desde que se declar\u00f3 el <strong>incendio forestal<\/strong>.\n<\/p>\n<div class=\"voc-detail-photo-zoom\"> <picture data-toggle=\"modal\" data-target=\"#photoZoomModal-994\" target=\"modal\">\n<div class=\"voc-img-icon-link\"> <img loading=\"lazy\" data-original=\"\/\/static3.mujerhoy.com\/www\/multimedia\/202310\/24\/media\/cortadas\/reina-letizia-tenerife-kbuC--460x637@MujerHoy.JPG\" class=\"lazy adsviu_analyse\" alt=\"La reina Letizia con un vestido azul. \/ LIMITED PICTURES\"> <noscript> <img src=\"http:\/\/hoycordobaweb.com\/wp-content\/uploads\/2023\/10\/la-reina-letizia-sorprende-en-tenerife-con-un-espectacular-look-azul-klein-de-efecto-estilizador.webp\" alt=\"La reina Letizia con un vestido azul. \/ LIMITED PICTURES\"> <\/noscript> <i class=\"voc-icons zoom voc-multimedia-box voc-ico-l\"><\/i> <\/div><figcaption class=\"figure-caption\">La reina Letizia con un vestido azul. \/ LIMITED PICTURES<\/figcaption><\/picture>\n<\/div>\n<div id=\"photoZoomModal-994\" class=\"voc-lightbox modal fade voc-lightbox--photo-zoom\" role=\"dialog\" data-voc-photozoom-lightbox>\n<div class=\"voc-lightbox__dialog\" role=\"document\">\n<div class=\"voc-lightbox__content\"> <!-- Modal header --> <!-- Modal content --> <\/p>\n<div class=\"voc-lightbox__photo-container\"> <picture class> <img loading=\"lazy\" data-original=\"\/\/static3.mujerhoy.com\/www\/multimedia\/202310\/24\/media\/cortadas\/reina-letizia-tenerife-kbuC--460x637@MujerHoy.JPG\" alt=\"La reina Letizia con un vestido azul. \/ LIMITED PICTURES\" class=\"lazy\"> <noscript> <img src=\"http:\/\/hoycordobaweb.com\/wp-content\/uploads\/2023\/10\/la-reina-letizia-sorprende-en-tenerife-con-un-espectacular-look-azul-klein-de-efecto-estilizador.webp\" alt=\"La reina Letizia con un vestido azul. \/ LIMITED PICTURES\"> <\/noscript> <\/picture> <\/div><\/div><\/div>\n<\/div>\n<p class=\"voc-paragraph\">Y para la cita, ha sorprendido luciendo uno de sus looks m\u00e1s bonitos del a\u00f1o. Como decimos, no esper\u00e1bamos ver a la monarca un una propuesta estil\u00edstica tan arreglada, pero ya sabes, Letizia aprovecha cada ocasi\u00f3n para demostrar que sabe c\u00f3mo sacarse el m\u00e1ximo partido y c\u00f3mo ser<br \/>\n<strong> la m\u00e1s elegante <\/strong>all\u00e1 donde va.\n<\/p>\n<p class=\"voc-paragraph\">En esta ocasi\u00f3n, lo ha hecho recurriendo a uno de sus trucos estil\u00edsticos favoritos: el <strong>look monocolor<\/strong>. Y no, nada de rojo ni rosa, esta vez lo ha hecho con el azul klein, un color que ya ha llevado en otras ocasiones y que le favorece much\u00edsimo. \u00bfEl resultado? Un <strong>outfit espectacular<\/strong>.\n<\/p>\n<p class=\"voc-paragraph\">Y aunque lo parezca, no es un look estrenado. Se trata de un dos piezas que ya <a data-voc-vtm-id=\"in-text-traffic\" href=\"https:\/\/www.mujerhoy.com\/moda\/no-te-pierdas\/letizia-ortiz-reina-espana-look-made-in-spain-mas-favorecedor-verano-mallorca-galcon-studio-20210802101121-nt.html\" title=\"www.mujerhoy.com\">llev\u00f3 en el Atl\u00e1ntida Mallorca Film Fest de 2021<\/a> de <strong>Galcon Studio<\/strong>, una firma de dise\u00f1o, fabricaci\u00f3n y distribuci\u00f3n 100% espa\u00f1ola, que fue puesta en marcha en junio de 2021 por tres emprendedores espa\u00f1oles, Pilar, Teresa y Ernesto, bajo el liderazgo de Pilar Gonz\u00e1lez Alc\u00f3n, que tras siete a\u00f1os dise\u00f1ando para otras firmas del lujo sector, la cofund\u00f3.\n<\/p>\n<div class=\"voc-detail-photo-zoom\"> <picture data-toggle=\"modal\" data-target=\"#photoZoomModal-251\" target=\"modal\">\n<div class=\"voc-img-icon-link\"> <img loading=\"lazy\" data-original=\"\/\/static2.mujerhoy.com\/www\/multimedia\/202310\/24\/media\/cortadas\/zapatos-detalonados-letizia-kfOB--460x637@MujerHoy.JPG\" class=\"lazy adsviu_analyse\" alt=\"Los zapatos de la reina Letizia. \/ LIMITED PICTURES\"> <noscript> <img src=\"http:\/\/hoycordobaweb.com\/wp-content\/uploads\/2023\/10\/la-reina-letizia-sorprende-en-tenerife-con-un-espectacular-look-azul-klein-de-efecto-estilizador-1.webp\" alt=\"Los zapatos de la reina Letizia. \/ LIMITED PICTURES\"> <\/noscript> <i class=\"voc-icons zoom voc-multimedia-box voc-ico-l\"><\/i> <\/div><figcaption class=\"figure-caption\">Los zapatos de la reina Letizia. \/ LIMITED PICTURES<\/figcaption><\/picture>\n<\/div>\n<div id=\"photoZoomModal-251\" class=\"voc-lightbox modal fade voc-lightbox--photo-zoom\" role=\"dialog\" data-voc-photozoom-lightbox>\n<div class=\"voc-lightbox__dialog\" role=\"document\">\n<div class=\"voc-lightbox__content\"> <!-- Modal header --> <!-- Modal content --> <\/p>\n<div class=\"voc-lightbox__photo-container\"> <picture class> <img loading=\"lazy\" data-original=\"\/\/static2.mujerhoy.com\/www\/multimedia\/202310\/24\/media\/cortadas\/zapatos-detalonados-letizia-kfOB--460x637@MujerHoy.JPG\" alt=\"Los zapatos de la reina Letizia. \/ LIMITED PICTURES\" class=\"lazy\"> <noscript> <img src=\"http:\/\/hoycordobaweb.com\/wp-content\/uploads\/2023\/10\/la-reina-letizia-sorprende-en-tenerife-con-un-espectacular-look-azul-klein-de-efecto-estilizador-1.webp\" alt=\"Los zapatos de la reina Letizia. \/ LIMITED PICTURES\"> <\/noscript> <\/picture> <\/div><\/div><\/div>\n<\/div>\n<p class=\"voc-paragraph\">Do\u00f1a Letizia no dud\u00f3 en apoyar este nuevo proyecto con este look que parece haberle gustado much\u00edsimo. Y lo combin\u00f3 de la misma forma que lo hizo en la anterior ocasi\u00f3n: con<br \/>\n<strong> zapatos plateados<\/strong>. Aunque esta vez, siguiendo la tendencia de <a data-voc-vtm-id=\"in-text-traffic\" href=\"https:\/\/www.mujerhoy.com\/moda\/no-te-pierdas\/kitten-heels-zapatos-favoritos-reina-letizia-comodos-elegantes-20231004073711-nt.html\" title=\"www.mujerhoy.com\">los kitten heels<\/a>, ha optado por un modelo m\u00e1s bajo.\n<\/p>\n<p class=\"voc-paragraph\">En concreto, escogi\u00f3 unos <strong>salones destalonados de Magrit<\/strong>, que se unieron tambi\u00e9n a unos pendientes de doble aro de Pertegaz que le aportaban luz al rostro, adem\u00e1s de su anillo de Coreterno habitual. Un lookazo que se ha sacado de la manga y al que le damos una matr\u00edcula de honor.\n<\/p>\n<p> <!-- TOPICS --> <\/p>\n","protected":false},"excerpt":{"rendered":"<p>La reina Letizia se ha propuesto sorprendernos en Tenerife y lo ha conseguido. Y es que, aunque esper\u00e1bamos un look m\u00e1s sencillo y discreto debido al motivo por el que ha viajado a la isla canaria, ha aprovechado para lucir espectacular en un acto celebrado por la tarde. Durante la ma\u00f1ana, do\u00f1a Letizia ha estado [&hellip;]<\/p>\n","protected":false},"author":1,"featured_media":68659,"comment_status":"closed","ping_status":"closed","sticky":false,"template":"","format":"standard","meta":[],"categories":[1],"tags":[],"_links":{"self":[{"href":"http:\/\/hoycordobaweb.com\/index.php\/wp-json\/wp\/v2\/posts\/68658"}],"collection":[{"href":"http:\/\/hoycordobaweb.com\/index.php\/wp-json\/wp\/v2\/posts"}],"about":[{"href":"http:\/\/hoycordobaweb.com\/index.php\/wp-json\/wp\/v2\/types\/post"}],"author":[{"embeddable":true,"href":"http:\/\/hoycordobaweb.com\/index.php\/wp-json\/wp\/v2\/users\/1"}],"replies":[{"embeddable":true,"href":"http:\/\/hoycordobaweb.com\/index.php\/wp-json\/wp\/v2\/comments?post=68658"}],"version-history":[{"count":0,"href":"http:\/\/hoycordobaweb.com\/index.php\/wp-json\/wp\/v2\/posts\/68658\/revisions"}],"wp:featuredmedia":[{"embeddable":true,"href":"http:\/\/hoycordobaweb.com\/index.php\/wp-json\/wp\/v2\/media\/68659"}],"wp:attachment":[{"href":"http:\/\/hoycordobaweb.com\/index.php\/wp-json\/wp\/v2\/media?parent=68658"}],"wp:term":[{"taxonomy":"category","embeddable":true,"href":"http:\/\/hoycordobaweb.com\/index.php\/wp-json\/wp\/v2\/categories?post=68658"},{"taxonomy":"post_tag","embeddable":true,"href":"http:\/\/hoycordobaweb.com\/index.php\/wp-json\/wp\/v2\/tags?post=68658"}],"curies":[{"name":"wp","href":"https:\/\/api.w.org\/{rel}","templated":true}]}}