{"id":68646,"date":"2023-10-25T02:08:16","date_gmt":"2023-10-25T02:08:16","guid":{"rendered":"https:\/\/www.ole.com.ar\/futbol-primera\/video-polemico-penal-huracan-2-1-argentinos_0_SHMlYQOPBB.html"},"modified":"2023-10-25T02:08:16","modified_gmt":"2023-10-25T02:08:16","slug":"video-el-polemico-penal-a-huracan-en-el-2-a-1-a-argentinos","status":"publish","type":"post","link":"http:\/\/hoycordobaweb.com\/index.php\/2023\/10\/25\/video-el-polemico-penal-a-huracan-en-el-2-a-1-a-argentinos\/","title":{"rendered":"Video: el pol\u00e9mico penal a Hurac\u00e1n en el 2 a 1 a Argentinos"},"content":{"rendered":"<p><img src=\"http:\/\/hoycordobaweb.com\/wp-content\/uploads\/2023\/10\/video-el-polemico-penal-a-huracan-en-el-2-a-1-a-argentinos.jpg\"><\/p>\n<div><img src=\"http:\/\/hoycordobaweb.com\/wp-content\/uploads\/2023\/10\/video-el-polemico-penal-a-huracan-en-el-2-a-1-a-argentinos.jpg\" class=\"ff-og-image-inserted\"><\/div>\n<div readability=\"31.943333333333\">\n<p><strong><a href=\"https:\/\/www.ole.com.ar\/tema\/nicolas-lamolina.html\" title=\"Nicolas Lamolina\" alt=\"Nicolas Lamolina\" class=\"slug\">Nicol\u00e1s Lamolina<\/a><\/strong> no es un refer\u00ed caracterizado por cobrar penales que generen dudas, pero este martes en La Paternal<strong> sancion\u00f3 uno muy pol\u00e9mico <\/strong>a favor de<a href=\"https:\/\/www.ole.com.ar\/futbol-primera\/argentinos-huracan-copa-liga-profesional-descenso-copas_0_1dwQ94wJTM.html\" target=\"_self\" title=\" Hurac\u00e1n ante Argentinos\" alt=\" Hurac\u00e1n ante Argentinos\" rel=\"noopener noreferrer\"> Hurac\u00e1n ante Argentinos<\/a>. En un centro desde la derecha, Di Cesare disput\u00f3 la posici\u00f3n con F\u00e9rtoli y el futbolista del Globo cay\u00f3 al piso.<\/p>\n<\/div>\n<div readability=\"40\">\n<p>El juez se sostuvo en su postura sin necesidad de ir al VAR, se\u00f1al de que desde la cabina de Ezeiza no advirtieron un error claro y manifiesto como para cambiar el fallo. Pussetto convirti\u00f3 el 2 a 1 del equipo de Diego Mart\u00ednez sobre el de Pablo Guede. Fue clave: los de Parque Patricios salieron de la zona de descenso, a la espera de los resultados de Colon, ante Arsenal, y de Tigre, frente a Lan\u00fas.<\/p>\n<\/div>\n<div readability=\"36\">\n<p>De la repetici\u00f3n de la jugada se observa un estiramiento de la camiseta de F\u00e9rtoli, aunque <strong>no da certezas de que esa acci\u00f3n fue provocada por Di Cesare y si gener\u00f3 sujeci\u00f3n o desestabilizaci\u00f3n, los conceptos que debe advertir el refer\u00ed para sancionar penal.<\/strong><\/p>\n<\/div>\n","protected":false},"excerpt":{"rendered":"<p>Nicol\u00e1s Lamolina no es un refer\u00ed caracterizado por cobrar penales que generen dudas, pero este martes en La Paternal sancion\u00f3 uno muy pol\u00e9mico a favor de Hurac\u00e1n ante Argentinos. En un centro desde la derecha, Di Cesare disput\u00f3 la posici\u00f3n con F\u00e9rtoli y el futbolista del Globo cay\u00f3 al piso. El juez se sostuvo en [&hellip;]<\/p>\n","protected":false},"author":1,"featured_media":68647,"comment_status":"open","ping_status":"closed","sticky":false,"template":"","format":"standard","meta":[],"categories":[16],"tags":[],"_links":{"self":[{"href":"http:\/\/hoycordobaweb.com\/index.php\/wp-json\/wp\/v2\/posts\/68646"}],"collection":[{"href":"http:\/\/hoycordobaweb.com\/index.php\/wp-json\/wp\/v2\/posts"}],"about":[{"href":"http:\/\/hoycordobaweb.com\/index.php\/wp-json\/wp\/v2\/types\/post"}],"author":[{"embeddable":true,"href":"http:\/\/hoycordobaweb.com\/index.php\/wp-json\/wp\/v2\/users\/1"}],"replies":[{"embeddable":true,"href":"http:\/\/hoycordobaweb.com\/index.php\/wp-json\/wp\/v2\/comments?post=68646"}],"version-history":[{"count":0,"href":"http:\/\/hoycordobaweb.com\/index.php\/wp-json\/wp\/v2\/posts\/68646\/revisions"}],"wp:featuredmedia":[{"embeddable":true,"href":"http:\/\/hoycordobaweb.com\/index.php\/wp-json\/wp\/v2\/media\/68647"}],"wp:attachment":[{"href":"http:\/\/hoycordobaweb.com\/index.php\/wp-json\/wp\/v2\/media?parent=68646"}],"wp:term":[{"taxonomy":"category","embeddable":true,"href":"http:\/\/hoycordobaweb.com\/index.php\/wp-json\/wp\/v2\/categories?post=68646"},{"taxonomy":"post_tag","embeddable":true,"href":"http:\/\/hoycordobaweb.com\/index.php\/wp-json\/wp\/v2\/tags?post=68646"}],"curies":[{"name":"wp","href":"https:\/\/api.w.org\/{rel}","templated":true}]}}