{"id":68644,"date":"2023-10-25T02:38:20","date_gmt":"2023-10-25T02:38:20","guid":{"rendered":"https:\/\/www.ole.com.ar\/ecuador\/liga-pro\/audios-fecha-10-ligapro_0_MKNYKp5BqR.html"},"modified":"2023-10-25T02:38:20","modified_gmt":"2023-10-25T02:38:20","slug":"todos-los-audios-del-var-de-la-fecha-10-de-la-ligapro","status":"publish","type":"post","link":"http:\/\/hoycordobaweb.com\/index.php\/2023\/10\/25\/todos-los-audios-del-var-de-la-fecha-10-de-la-ligapro\/","title":{"rendered":"Todos los audios del VAR de la fecha 10 de la LigaPro"},"content":{"rendered":"<p><img src=\"http:\/\/hoycordobaweb.com\/wp-content\/uploads\/2023\/10\/todos-los-audios-del-var-de-la-fecha-10-de-la-ligapro.jpg\"><\/p>\n<div><img src=\"http:\/\/hoycordobaweb.com\/wp-content\/uploads\/2023\/10\/todos-los-audios-del-var-de-la-fecha-10-de-la-ligapro.jpg\" class=\"ff-og-image-inserted\"><\/div>\n<div readability=\"32.317901234568\">\n<p>Finalmente la espera lleg\u00f3 a su fin. <strong>Este martes se conocieron los primeros audios del VAR de <a href=\"https:\/\/www.ole.com.ar\/tema\/ligapro.html\" title=\"LigaPro\" alt=\"LigaPro\" class=\"slug\">LigaPro<\/a><\/strong>: a trav\u00e9s de sus redes, la <strong><a href=\"https:\/\/www.ole.com.ar\/tema\/federacion-ecuatoriana-futbol.html\" title=\"Federaci\u00f3n Ecuatoriana F\u00fatbol\" alt=\"Federaci\u00f3n Ecuatoriana F\u00fatbol\" class=\"slug\">Federaci\u00f3n Ecuatoriana de F\u00fatbol<\/a><\/strong> public\u00f3 las conversaciones entre los jueces centrales y los encargados del videoarbitraje, <strong>sobre algunas de las pol\u00e9micas que tuvo la fecha 10 de la Fase 2.<\/strong><\/p>\n<\/div>\n<div readability=\"35.649350649351\">\n<p>Tal como lo hace Conmebol con sus competencias de clubes y selecci\u00f3n, <strong>lo hizo con videos did\u00e1cticos que explican algunas de situaciones que llevaron a la intervenci\u00f3n del <a href=\"https:\/\/www.ole.com.ar\/tema\/var.html\" title=\"VAR\" alt=\"VAR\" class=\"slug\">VAR <\/a><\/strong>en los partidos de la Serie A. Una voz en off detalla qu\u00e9 ocurri\u00f3 y el accionar de los \u00e1rbitros para determinar qu\u00e9 sancionar.<\/p>\n<\/div>\n<p><h3>Barcelona vs. Libertad<\/h3>\n<\/p>\n<p><h3><strong>Gualaceo vs. Aucas<\/strong><\/h3>\n<\/p>\n<p><h3><strong>Orense vs. El Nacional<\/strong><\/h3><\/p>\n","protected":false},"excerpt":{"rendered":"<p>Finalmente la espera lleg\u00f3 a su fin. Este martes se conocieron los primeros audios del VAR de LigaPro: a trav\u00e9s de sus redes, la Federaci\u00f3n Ecuatoriana de F\u00fatbol public\u00f3 las conversaciones entre los jueces centrales y los encargados del videoarbitraje, sobre algunas de las pol\u00e9micas que tuvo la fecha 10 de la Fase 2. Tal [&hellip;]<\/p>\n","protected":false},"author":1,"featured_media":68645,"comment_status":"open","ping_status":"closed","sticky":false,"template":"","format":"standard","meta":[],"categories":[16],"tags":[],"_links":{"self":[{"href":"http:\/\/hoycordobaweb.com\/index.php\/wp-json\/wp\/v2\/posts\/68644"}],"collection":[{"href":"http:\/\/hoycordobaweb.com\/index.php\/wp-json\/wp\/v2\/posts"}],"about":[{"href":"http:\/\/hoycordobaweb.com\/index.php\/wp-json\/wp\/v2\/types\/post"}],"author":[{"embeddable":true,"href":"http:\/\/hoycordobaweb.com\/index.php\/wp-json\/wp\/v2\/users\/1"}],"replies":[{"embeddable":true,"href":"http:\/\/hoycordobaweb.com\/index.php\/wp-json\/wp\/v2\/comments?post=68644"}],"version-history":[{"count":0,"href":"http:\/\/hoycordobaweb.com\/index.php\/wp-json\/wp\/v2\/posts\/68644\/revisions"}],"wp:featuredmedia":[{"embeddable":true,"href":"http:\/\/hoycordobaweb.com\/index.php\/wp-json\/wp\/v2\/media\/68645"}],"wp:attachment":[{"href":"http:\/\/hoycordobaweb.com\/index.php\/wp-json\/wp\/v2\/media?parent=68644"}],"wp:term":[{"taxonomy":"category","embeddable":true,"href":"http:\/\/hoycordobaweb.com\/index.php\/wp-json\/wp\/v2\/categories?post=68644"},{"taxonomy":"post_tag","embeddable":true,"href":"http:\/\/hoycordobaweb.com\/index.php\/wp-json\/wp\/v2\/tags?post=68644"}],"curies":[{"name":"wp","href":"https:\/\/api.w.org\/{rel}","templated":true}]}}