{"id":68638,"date":"2023-10-24T21:37:57","date_gmt":"2023-10-24T21:37:57","guid":{"rendered":"https:\/\/ladecimaweb.com\/?p=21231"},"modified":"2023-10-24T21:37:57","modified_gmt":"2023-10-24T21:37:57","slug":"nos-invaden-los-choros-dicen-los-vecinos-de-comercial-y-zona-sur","status":"publish","type":"post","link":"http:\/\/hoycordobaweb.com\/index.php\/2023\/10\/24\/nos-invaden-los-choros-dicen-los-vecinos-de-comercial-y-zona-sur\/","title":{"rendered":"\u201cNos invaden los choros\u201d, dicen los vecinos de Comercial y zona sur"},"content":{"rendered":"<div class=\"boldgrid-section\">\n<div class=\"container\">\n<div class=\"row\">\n<div class=\"col-md-12 col-xs-12 col-sm-12\">\n<p>Vecinos de Comercial y otros barrios aleda\u00f1os (Carb\u00f3, Mirizzi, Cortaderos, Felipe Varela) se manifestaron esta tarde por la inseguridad reinante en el sector.&nbsp;<\/p>\n<p class=\"\"><a href=\"https:\/\/ladecimaweb.com\/asesinan-a-un-vecino-de-barrio-comercial\/\">El reclamo por la inseguridad se renueva luego del salvaje asesinato contra un trabajador de Comercial, el vecino de la calle Ischil\u00edn, Juan Carlos Luna (56), padre de cuatro hijos.<\/a><\/p>\n<p class=\"\">La D\u00e9cima entrevist\u00f3 a los vecinos que esta tarde se manifestaron cortando media calzada en la avenida V\u00e9lez Sarsfield al 6000.<\/p>\n<p class=\"\"><img loading=\"lazy\" class=\"alignnone size-full wp-image-21234\" src=\"http:\/\/hoycordobaweb.com\/wp-content\/uploads\/2023\/10\/nos-invaden-los-choros-dicen-los-vecinos-de-comercial-y-zona-sur.jpg\" alt=\"\" width=\"1600\" height=\"901\" srcset=\"http:\/\/hoycordobaweb.com\/wp-content\/uploads\/2023\/10\/nos-invaden-los-choros-dicen-los-vecinos-de-comercial-y-zona-sur.jpg 1600w, http:\/\/hoycordobaweb.com\/wp-content\/uploads\/2023\/10\/nos-invaden-los-choros-dicen-los-vecinos-de-comercial-y-zona-sur-2.jpg 788w, http:\/\/hoycordobaweb.com\/wp-content\/uploads\/2023\/10\/nos-invaden-los-choros-dicen-los-vecinos-de-comercial-y-zona-sur-3.jpg 768w, http:\/\/hoycordobaweb.com\/wp-content\/uploads\/2023\/10\/nos-invaden-los-choros-dicen-los-vecinos-de-comercial-y-zona-sur-4.jpg 1536w\" sizes=\"(max-width: 1600px) 100vw, 1600px\" \/><\/p>\n<p class=\"\">&#8220;Es total la inseguridad, ya no se puede salir siquiera a hacer las compras o llevar los chicos al colegio porque le roban las mochilas&#8221;, dice una se\u00f1ora de lentes que sostiene un cartel. &#8220;Golpean a las ancianas, arrebatan las carteras en las paradas de los colectivos y los patrulleros no se ven, reci\u00e9n llegan a la hora&#8221;, agrega.&nbsp;<\/p>\n<p>&#8220;No podemos hacer nada: ir a la plaza o hacer las compras&#8221;, sostiene otra vecina. <strong>&#8220;Nos arrebatan, estamos invadidos por los chorros,<\/strong>&nbsp; <strong>desde que tengo vida nunca fue as\u00ed la vida en el barrio.<\/strong> La polic\u00eda viene despu\u00e9s de que pas\u00f3 el hecho&#8221;, acusa.&nbsp;<\/p>\n<p class=\"\">Una mam\u00e1 cuenta tambi\u00e9n su padecimiento: &#8220;Yo lo llevo al colegio todos los d\u00edas, no se puede estar, est\u00e1n todo el tiempo robando&#8221;. Y sentencia: &#8220;Es un desastre este barrio, la polic\u00eda no anda nunca&#8221;.&nbsp;&nbsp;<\/p>\n<p class=\"\"><img loading=\"lazy\" class=\"alignnone size-full wp-image-21235\" src=\"http:\/\/hoycordobaweb.com\/wp-content\/uploads\/2023\/10\/nos-invaden-los-choros-dicen-los-vecinos-de-comercial-y-zona-sur-1.jpg\" alt=\"\" width=\"1600\" height=\"901\" srcset=\"http:\/\/hoycordobaweb.com\/wp-content\/uploads\/2023\/10\/nos-invaden-los-choros-dicen-los-vecinos-de-comercial-y-zona-sur-5.jpg 1600w, http:\/\/hoycordobaweb.com\/wp-content\/uploads\/2023\/10\/nos-invaden-los-choros-dicen-los-vecinos-de-comercial-y-zona-sur-6.jpg 788w, http:\/\/hoycordobaweb.com\/wp-content\/uploads\/2023\/10\/nos-invaden-los-choros-dicen-los-vecinos-de-comercial-y-zona-sur-7.jpg 768w, http:\/\/hoycordobaweb.com\/wp-content\/uploads\/2023\/10\/nos-invaden-los-choros-dicen-los-vecinos-de-comercial-y-zona-sur-8.jpg 1536w\" sizes=\"(max-width: 1600px) 100vw, 1600px\" \/><\/p>\n<p>En la manifestaci\u00f3n fueron mayor\u00eda las mujeres.&nbsp;<\/p>\n<p>&#8220;Es much\u00edsima la inseguridad, a todos nos complican la vida, las personas que salen a trabajar o los chicos que van al colegio le roban cuando salen&#8221;, dice una mujer mayor.&nbsp;<\/p>\n<p>Otra mam\u00e1 junto a su hijo de ocho a\u00f1os se\u00f1ala: &#8220;Imaginese la inseguridad que siento, buscarlo y llevarlo al colegio, no poder dejar la casa sola, siento temor por todos lados&#8221;. Y agrega: &#8220;Reci\u00e9n ahora que pas\u00f3 este hecho (el crimen del vecino) se ve la Polic\u00eda&#8221;.<\/p>\n<p>&nbsp;<\/p>\n<p><iframe loading=\"lazy\" title=\"Reclamo vecinal por la inseguridad en la zona sur\" width=\"800\" height=\"450\" src=\"https:\/\/www.youtube.com\/embed\/mZGMo-d1B5k?feature=oembed\" frameborder=\"0\" allow=\"accelerometer; autoplay; clipboard-write; encrypted-media; gyroscope; picture-in-picture; web-share\" allowfullscreen><\/iframe><\/p>\n<p class=\"\">&nbsp;<\/p>\n<p class=\"\"><a href=\"https:\/\/youtube.com\/shorts\/xZzCpWA1SXQ?si=eMTCS_i9jJUKUbbQ\">M\u00c1S VIDEOS <\/a><\/p>\n<p class=\"\">&nbsp;<\/p>\n<p>&nbsp;<\/p>\n<p>&nbsp;<\/p>\n<\/div>\n<\/div>\n<\/div>\n<\/div>\n<p>La entrada <a rel=\"nofollow\" href=\"https:\/\/ladecimaweb.com\/nos-invaden-los-choros-dicen-los-vecinos-de-comercial-y-zona-sur\/\">&#8220;Nos invaden los choros&#8221;, dicen los vecinos de Comercial y zona sur<\/a> se public\u00f3 primero en <a rel=\"nofollow\" href=\"https:\/\/ladecimaweb.com\">LaDecima<\/a>.<\/p>\n","protected":false},"excerpt":{"rendered":"<p>Vecinos de Comercial y otros barrios aleda\u00f1os (Carb\u00f3, Mirizzi, Cortaderos, Felipe Varela) se manifestaron esta tarde por la inseguridad reinante en el sector.&nbsp; El reclamo por la inseguridad se renueva luego del salvaje asesinato contra un trabajador de Comercial, el vecino de la calle Ischil\u00edn, Juan Carlos Luna (56), padre de cuatro hijos. La D\u00e9cima [&hellip;]<\/p>\n","protected":false},"author":1,"featured_media":68639,"comment_status":"closed","ping_status":"closed","sticky":false,"template":"","format":"standard","meta":[],"categories":[19],"tags":[],"_links":{"self":[{"href":"http:\/\/hoycordobaweb.com\/index.php\/wp-json\/wp\/v2\/posts\/68638"}],"collection":[{"href":"http:\/\/hoycordobaweb.com\/index.php\/wp-json\/wp\/v2\/posts"}],"about":[{"href":"http:\/\/hoycordobaweb.com\/index.php\/wp-json\/wp\/v2\/types\/post"}],"author":[{"embeddable":true,"href":"http:\/\/hoycordobaweb.com\/index.php\/wp-json\/wp\/v2\/users\/1"}],"replies":[{"embeddable":true,"href":"http:\/\/hoycordobaweb.com\/index.php\/wp-json\/wp\/v2\/comments?post=68638"}],"version-history":[{"count":0,"href":"http:\/\/hoycordobaweb.com\/index.php\/wp-json\/wp\/v2\/posts\/68638\/revisions"}],"wp:featuredmedia":[{"embeddable":true,"href":"http:\/\/hoycordobaweb.com\/index.php\/wp-json\/wp\/v2\/media\/68639"}],"wp:attachment":[{"href":"http:\/\/hoycordobaweb.com\/index.php\/wp-json\/wp\/v2\/media?parent=68638"}],"wp:term":[{"taxonomy":"category","embeddable":true,"href":"http:\/\/hoycordobaweb.com\/index.php\/wp-json\/wp\/v2\/categories?post=68638"},{"taxonomy":"post_tag","embeddable":true,"href":"http:\/\/hoycordobaweb.com\/index.php\/wp-json\/wp\/v2\/tags?post=68638"}],"curies":[{"name":"wp","href":"https:\/\/api.w.org\/{rel}","templated":true}]}}