{"id":68621,"date":"2023-10-23T18:23:11","date_gmt":"2023-10-23T18:23:11","guid":{"rendered":"https:\/\/fono.fcm.unc.edu.ar\/?p=11352"},"modified":"2023-10-23T18:23:11","modified_gmt":"2023-10-23T18:23:11","slug":"60-aniversario-plan-de-acciones-y-herramientas-para-prevenir-atender-y-sancionar-las-violencias-de-genero-en-el-ambito-de-la-unc","status":"publish","type":"post","link":"http:\/\/hoycordobaweb.com\/index.php\/2023\/10\/23\/60-aniversario-plan-de-acciones-y-herramientas-para-prevenir-atender-y-sancionar-las-violencias-de-genero-en-el-ambito-de-la-unc\/","title":{"rendered":"60\u00b0 Aniversario \u2013 Plan de Acciones y Herramientas para prevenir, atender y sancionar las violencias de g\u00e9nero en el \u00e1mbito de la UNC"},"content":{"rendered":"<div class=\"post-content\" readability=\"32.364179104478\">\n<p><img loading=\"lazy\" class=\"alignright size-fusion-400 wp-image-11353\" src=\"https:\/\/fono.fcm.unc.edu.ar\/wp-content\/uploads\/sites\/14\/2023\/10\/394639495_348625830870063_533003060263523124_n-400x401.jpg\" alt width=\"400\" height=\"401\" srcset=\"https:\/\/fono.fcm.unc.edu.ar\/wp-content\/uploads\/sites\/14\/2023\/10\/394639495_348625830870063_533003060263523124_n-66x66.jpg 66w, https:\/\/fono.fcm.unc.edu.ar\/wp-content\/uploads\/sites\/14\/2023\/10\/394639495_348625830870063_533003060263523124_n-150x150.jpg 150w, https:\/\/fono.fcm.unc.edu.ar\/wp-content\/uploads\/sites\/14\/2023\/10\/394639495_348625830870063_533003060263523124_n-200x201.jpg 200w, https:\/\/fono.fcm.unc.edu.ar\/wp-content\/uploads\/sites\/14\/2023\/10\/394639495_348625830870063_533003060263523124_n-300x300.jpg 300w, https:\/\/fono.fcm.unc.edu.ar\/wp-content\/uploads\/sites\/14\/2023\/10\/394639495_348625830870063_533003060263523124_n-400x401.jpg 400w, https:\/\/fono.fcm.unc.edu.ar\/wp-content\/uploads\/sites\/14\/2023\/10\/394639495_348625830870063_533003060263523124_n-600x602.jpg 600w, https:\/\/fono.fcm.unc.edu.ar\/wp-content\/uploads\/sites\/14\/2023\/10\/394639495_348625830870063_533003060263523124_n-768x770.jpg 768w, https:\/\/fono.fcm.unc.edu.ar\/wp-content\/uploads\/sites\/14\/2023\/10\/394639495_348625830870063_533003060263523124_n-800x802.jpg 800w, https:\/\/fono.fcm.unc.edu.ar\/wp-content\/uploads\/sites\/14\/2023\/10\/394639495_348625830870063_533003060263523124_n-1021x1024.jpg 1021w, https:\/\/fono.fcm.unc.edu.ar\/wp-content\/uploads\/sites\/14\/2023\/10\/394639495_348625830870063_533003060263523124_n.jpg 1074w\" sizes=\"(max-width: 400px) 100vw, 400px\">Si est\u00e1s atravesando una situaci\u00f3n de de violencia de g\u00e9nero, comunicate con el equipo del Plan de Acciones y Herramientas para prevenir, atender y sancionar las violencias de g\u00e9nero en el \u00e1mbito de la UNC<\/p>\n<p>Contactos:<br \/>\u2705 Correo: <a href=\"mailto:violenciasdegenero@rectorado.unc.edu.ar\">violenciasdegenero@rectorado.unc.edu.ar<\/a><br \/>\u2705 Instagram:&nbsp;<a class=\"x1i10hfl xjbqb8w x6umtig x1b1mbwd xaqea5y xav7gou x9f619 x1ypdohk xt0psk2 xe8uvvx xdj266r x11i5rnm xat24cr x1mh8g0r xexx8yu x4uap5 x18d9i69 xkhd6sd x16tdsg8 x1hl2dhg xggy1nq x1a2a7pz notranslate _a6hd\" role=\"link\" href=\"https:\/\/www.instagram.com\/plandeaccionesunc\/\">@plandeaccionesunc<\/a><br \/>\u2705 WhatsApp: 351 652 1473<\/p>\n<\/p><\/div>\n","protected":false},"excerpt":{"rendered":"<p>Si est\u00e1s atravesando una situaci\u00f3n de de violencia de g\u00e9nero, comunicate con el equipo del Plan de Acciones y Herramientas para prevenir, atender y sancionar las violencias de g\u00e9nero en el \u00e1mbito de la UNC Contactos:\u2705 Correo: violenciasdegenero@rectorado.unc.edu.ar\u2705 Instagram:&nbsp;@plandeaccionesunc\u2705 WhatsApp: 351 652 1473<\/p>\n","protected":false},"author":1,"featured_media":0,"comment_status":"closed","ping_status":"closed","sticky":false,"template":"","format":"standard","meta":[],"categories":[1],"tags":[],"_links":{"self":[{"href":"http:\/\/hoycordobaweb.com\/index.php\/wp-json\/wp\/v2\/posts\/68621"}],"collection":[{"href":"http:\/\/hoycordobaweb.com\/index.php\/wp-json\/wp\/v2\/posts"}],"about":[{"href":"http:\/\/hoycordobaweb.com\/index.php\/wp-json\/wp\/v2\/types\/post"}],"author":[{"embeddable":true,"href":"http:\/\/hoycordobaweb.com\/index.php\/wp-json\/wp\/v2\/users\/1"}],"replies":[{"embeddable":true,"href":"http:\/\/hoycordobaweb.com\/index.php\/wp-json\/wp\/v2\/comments?post=68621"}],"version-history":[{"count":0,"href":"http:\/\/hoycordobaweb.com\/index.php\/wp-json\/wp\/v2\/posts\/68621\/revisions"}],"wp:attachment":[{"href":"http:\/\/hoycordobaweb.com\/index.php\/wp-json\/wp\/v2\/media?parent=68621"}],"wp:term":[{"taxonomy":"category","embeddable":true,"href":"http:\/\/hoycordobaweb.com\/index.php\/wp-json\/wp\/v2\/categories?post=68621"},{"taxonomy":"post_tag","embeddable":true,"href":"http:\/\/hoycordobaweb.com\/index.php\/wp-json\/wp\/v2\/tags?post=68621"}],"curies":[{"name":"wp","href":"https:\/\/api.w.org\/{rel}","templated":true}]}}