{"id":68581,"date":"2023-10-24T02:42:04","date_gmt":"2023-10-24T02:42:04","guid":{"rendered":"http:\/\/hoycordobaweb.com\/index.php\/2023\/10\/24\/polemica-en-el-futbol-argentino-afa-elimino-el-tercer-descenso-de-la-primera-nacional\/"},"modified":"2023-10-24T02:42:04","modified_gmt":"2023-10-24T02:42:04","slug":"polemica-en-el-futbol-argentino-afa-elimino-el-tercer-descenso-de-la-primera-nacional","status":"publish","type":"post","link":"http:\/\/hoycordobaweb.com\/index.php\/2023\/10\/24\/polemica-en-el-futbol-argentino-afa-elimino-el-tercer-descenso-de-la-primera-nacional\/","title":{"rendered":"Pol\u00e9mica en el <b>futbol argentino<\/b>: AFA elimin\u00f3 el tercer descenso de la Primera Nacional"},"content":{"rendered":"<p>Este lunes un comunicado de la Asociaci\u00f3n del <b>F\u00fatbol Argentino<\/b> (AFA) sorprendi\u00f3 a todos. Inform\u00f3 por medio de un bolet\u00edn oficial que qued\u00f3&nbsp;&#8230; <\/p>\n","protected":false},"excerpt":{"rendered":"<p>Este lunes un comunicado de la Asociaci\u00f3n del F\u00fatbol Argentino (AFA) sorprendi\u00f3 a todos. Inform\u00f3 por medio de un bolet\u00edn oficial que qued\u00f3&nbsp;&#8230;<\/p>\n","protected":false},"author":1,"featured_media":0,"comment_status":"closed","ping_status":"closed","sticky":false,"template":"","format":"standard","meta":[],"categories":[22],"tags":[],"_links":{"self":[{"href":"http:\/\/hoycordobaweb.com\/index.php\/wp-json\/wp\/v2\/posts\/68581"}],"collection":[{"href":"http:\/\/hoycordobaweb.com\/index.php\/wp-json\/wp\/v2\/posts"}],"about":[{"href":"http:\/\/hoycordobaweb.com\/index.php\/wp-json\/wp\/v2\/types\/post"}],"author":[{"embeddable":true,"href":"http:\/\/hoycordobaweb.com\/index.php\/wp-json\/wp\/v2\/users\/1"}],"replies":[{"embeddable":true,"href":"http:\/\/hoycordobaweb.com\/index.php\/wp-json\/wp\/v2\/comments?post=68581"}],"version-history":[{"count":0,"href":"http:\/\/hoycordobaweb.com\/index.php\/wp-json\/wp\/v2\/posts\/68581\/revisions"}],"wp:attachment":[{"href":"http:\/\/hoycordobaweb.com\/index.php\/wp-json\/wp\/v2\/media?parent=68581"}],"wp:term":[{"taxonomy":"category","embeddable":true,"href":"http:\/\/hoycordobaweb.com\/index.php\/wp-json\/wp\/v2\/categories?post=68581"},{"taxonomy":"post_tag","embeddable":true,"href":"http:\/\/hoycordobaweb.com\/index.php\/wp-json\/wp\/v2\/tags?post=68581"}],"curies":[{"name":"wp","href":"https:\/\/api.w.org\/{rel}","templated":true}]}}