{"id":68573,"date":"2023-10-22T14:59:32","date_gmt":"2023-10-22T14:59:32","guid":{"rendered":"https:\/\/fono.fcm.unc.edu.ar\/?p=11337"},"modified":"2023-10-22T14:59:32","modified_gmt":"2023-10-22T14:59:32","slug":"60-aniversario-22-de-octubre-dia-internacional-de-la-toma-de-conciencia-de-la-tartamudez","status":"publish","type":"post","link":"http:\/\/hoycordobaweb.com\/index.php\/2023\/10\/22\/60-aniversario-22-de-octubre-dia-internacional-de-la-toma-de-conciencia-de-la-tartamudez\/","title":{"rendered":"60\u00b0 Aniversario \u2013 22 de octubre: D\u00eda Internacional de la Toma de Conciencia de la Tartamudez"},"content":{"rendered":"<h2 class=\"fusion-post-title\">60\u00b0 Aniversario \u2013 22 de octubre: D\u00eda Internacional de la Toma de Conciencia de la Tartamudez<\/h2>\n<div class=\"post-content\" readability=\"45\">\n<p><img loading=\"lazy\" class=\"alignright size-fusion-400 wp-image-11338\" src=\"https:\/\/fono.fcm.unc.edu.ar\/wp-content\/uploads\/sites\/14\/2023\/10\/394279511_177173005441740_780941708411779655_n-400x399.jpg\" alt width=\"400\" height=\"399\" srcset=\"https:\/\/fono.fcm.unc.edu.ar\/wp-content\/uploads\/sites\/14\/2023\/10\/394279511_177173005441740_780941708411779655_n-66x66.jpg 66w, https:\/\/fono.fcm.unc.edu.ar\/wp-content\/uploads\/sites\/14\/2023\/10\/394279511_177173005441740_780941708411779655_n-150x150.jpg 150w, https:\/\/fono.fcm.unc.edu.ar\/wp-content\/uploads\/sites\/14\/2023\/10\/394279511_177173005441740_780941708411779655_n-200x199.jpg 200w, https:\/\/fono.fcm.unc.edu.ar\/wp-content\/uploads\/sites\/14\/2023\/10\/394279511_177173005441740_780941708411779655_n-300x300.jpg 300w, https:\/\/fono.fcm.unc.edu.ar\/wp-content\/uploads\/sites\/14\/2023\/10\/394279511_177173005441740_780941708411779655_n-400x399.jpg 400w, https:\/\/fono.fcm.unc.edu.ar\/wp-content\/uploads\/sites\/14\/2023\/10\/394279511_177173005441740_780941708411779655_n-600x598.jpg 600w, https:\/\/fono.fcm.unc.edu.ar\/wp-content\/uploads\/sites\/14\/2023\/10\/394279511_177173005441740_780941708411779655_n-768x766.jpg 768w, https:\/\/fono.fcm.unc.edu.ar\/wp-content\/uploads\/sites\/14\/2023\/10\/394279511_177173005441740_780941708411779655_n-800x798.jpg 800w, https:\/\/fono.fcm.unc.edu.ar\/wp-content\/uploads\/sites\/14\/2023\/10\/394279511_177173005441740_780941708411779655_n-1024x1021.jpg 1024w, https:\/\/fono.fcm.unc.edu.ar\/wp-content\/uploads\/sites\/14\/2023\/10\/394279511_177173005441740_780941708411779655_n.jpg 1077w\" sizes=\"(max-width: 400px) 100vw, 400px\">El 22 de octubre es el D\u00eda Internacional de la Toma de Conciencia de la Tartamudez.<br \/>La tartamudez o disfluencia es una dificultad o trastorno de la fluidez del habla, caracterizada por interrupciones, repetici\u00f3n de sonidos, prolongaciones o bloqueos. Alrededor del 5% de la poblaci\u00f3n infantil empieza tener disfluencias a edades tempranas, promediando los tres a\u00f1os, aunque tambi\u00e9n pueden manifestarse en edad escolar o en la adolescencia. Si un ni\u00f1o comienza a manifestar dificultades para hablar de manera frecuente y adem\u00e1s acompa\u00f1a esa dificultad con movimientos de la cara o del cuerpo, se debe consultar con un fonoaudi\u00f3logo, quien realizar\u00e1 el diagn\u00f3stico y el tratamiento. Cuanto antes se intervenga, m\u00e1s favorable es el pron\u00f3stico.<br \/>La celebraci\u00f3n del 22 de octubre pretende concienciar a la poblaci\u00f3n para eliminar la discriminaci\u00f3n social hacia las personas tartamudas, desmitificando lo negativo, el prejuicio y la burla.<\/p>\n<\/p><\/div>\n","protected":false},"excerpt":{"rendered":"<p>60\u00b0 Aniversario \u2013 22 de octubre: D\u00eda Internacional de la Toma de Conciencia de la Tartamudez El 22 de octubre es el D\u00eda Internacional de la Toma de Conciencia de la Tartamudez.La tartamudez o disfluencia es una dificultad o trastorno de la fluidez del habla, caracterizada por interrupciones, repetici\u00f3n de sonidos, prolongaciones o bloqueos. Alrededor [&hellip;]<\/p>\n","protected":false},"author":1,"featured_media":0,"comment_status":"closed","ping_status":"closed","sticky":false,"template":"","format":"standard","meta":[],"categories":[1],"tags":[],"_links":{"self":[{"href":"http:\/\/hoycordobaweb.com\/index.php\/wp-json\/wp\/v2\/posts\/68573"}],"collection":[{"href":"http:\/\/hoycordobaweb.com\/index.php\/wp-json\/wp\/v2\/posts"}],"about":[{"href":"http:\/\/hoycordobaweb.com\/index.php\/wp-json\/wp\/v2\/types\/post"}],"author":[{"embeddable":true,"href":"http:\/\/hoycordobaweb.com\/index.php\/wp-json\/wp\/v2\/users\/1"}],"replies":[{"embeddable":true,"href":"http:\/\/hoycordobaweb.com\/index.php\/wp-json\/wp\/v2\/comments?post=68573"}],"version-history":[{"count":0,"href":"http:\/\/hoycordobaweb.com\/index.php\/wp-json\/wp\/v2\/posts\/68573\/revisions"}],"wp:attachment":[{"href":"http:\/\/hoycordobaweb.com\/index.php\/wp-json\/wp\/v2\/media?parent=68573"}],"wp:term":[{"taxonomy":"category","embeddable":true,"href":"http:\/\/hoycordobaweb.com\/index.php\/wp-json\/wp\/v2\/categories?post=68573"},{"taxonomy":"post_tag","embeddable":true,"href":"http:\/\/hoycordobaweb.com\/index.php\/wp-json\/wp\/v2\/tags?post=68573"}],"curies":[{"name":"wp","href":"https:\/\/api.w.org\/{rel}","templated":true}]}}