{"id":68553,"date":"2023-10-22T21:44:23","date_gmt":"2023-10-22T21:44:23","guid":{"rendered":"https:\/\/www.ole.com.ar\/futbol-internacional\/espana\/barcelona-marc-guiu-gol-joven-debut-athletic_0_ipT3bFIzxo.html"},"modified":"2023-10-22T21:44:23","modified_gmt":"2023-10-22T21:44:23","slug":"barcelona-debuto-con-17-anos-y-la-metio-34-segundos-despues-de-entrar","status":"publish","type":"post","link":"http:\/\/hoycordobaweb.com\/index.php\/2023\/10\/22\/barcelona-debuto-con-17-anos-y-la-metio-34-segundos-despues-de-entrar\/","title":{"rendered":"Barcelona: debut\u00f3 con 17 a\u00f1os y la meti\u00f3 34 segundos despu\u00e9s de entrar"},"content":{"rendered":"<p><img src=\"http:\/\/hoycordobaweb.com\/wp-content\/uploads\/2023\/10\/barcelona-debuto-con-17-anos-y-la-metio-34-segundos-despues-de-entrar.jpg\"><\/p>\n<p><time class=\"createDate\" datetime=\"2023-10-22T18:44:23-03:00\">22\/10\/2023 18:44hs.<\/time><time class=\"modificatedDate\" datetime=\"2023-10-22T19:09:007-03:00\"> Actualizado al 22\/10\/2023 19:09hs.<\/time><\/p>\n<div id=\"storyBody\">\n<div class=\"custom-text \" readability=\"41\">\n<p>\u00bfNace una estrella en el f\u00fatbol espa\u00f1ol? <strong>Marc Guiu<\/strong>, al menos en su presentaci\u00f3n en sociedad, parece haber sido tocado por la varita m\u00e1gica. Con apenas 17 a\u00f1os, el delantero del Barcelona integr\u00f3 el banco de suplentes ante el Athletic y a los 78 minutos de juego le toc\u00f3 la hora de su debut oficial en Primera. M\u00e1s perfecto, imposible. \u00bfPor qu\u00e9? Porque segundos despu\u00e9s pic\u00f3 al vac\u00edo, recibi\u00f3 el pase largo de Joao F\u00e9lix, control\u00f3 y defini\u00f3 ante la salida de Unai Sim\u00f3n <strong>para darle el triunfo al Barsa de Xavi. Incre\u00edble. Hist\u00f3rico.<\/strong><\/p>\n<\/div>\n<p><h2><strong>Mir\u00e1 el gol:<\/strong><\/h2>\n<\/p>\n<div class=\"sc-7ce6049-0 dwIKul\">\n<div class=\"sc-7ce6049-1 bdcBBS videoText\" id=\"contentTitleundefinedSYhzahKY\"><svg fill=\"#ffffff\"><symbol id=\"play\" viewBox=\"0 0 512 512\"><path d=\"M512 256C512 397.4 397.4 512 256 512C114.6 512 0 397.4 0 256C0 114.6 114.6 0 256 0C397.4 0 512 114.6 512 256zM176 168V344C176 352.7 180.7 360.7 188.3 364.9C195.8 369.2 205.1 369 212.5 364.5L356.5 276.5C363.6 272.1 368 264.4 368 256C368 247.6 363.6 239.9 356.5 235.5L212.5 147.5C205.1 142.1 195.8 142.8 188.3 147.1C180.7 151.3 176 159.3 176 168V168z\" \/><\/symbol><use xlink:href=\"#play\" \/><\/svg><\/p>\n<div class=\"right\">\n<p>Barcelona<!-- --> &#8211;<!-- --> <span>22-10-2023<\/span><\/p>\n<h2 class=\"title-vid\">El gol de Marc Guiu, el debutante de 17 a\u00f1os del Barcelona que convirti\u00f3 en la primera pelota que toc\u00f3<\/h2>\n<\/div>\n<\/div>\n<p><span class=\"back\" id=\"spanBackundefinedSYhzahKY\"><\/span><\/div>\n<div class=\"custom-text \" readability=\"43\">\n<p>Para este partido, al DT del conjunto cul\u00e9 le faltaron varios titulares como Pedri, Lewandowski y Kound\u00e9. Por ese motivo, el entrenador decidi\u00f3 optar por llevar a Guiu al banco, como ya hab\u00eda ocurrido en el partido ante el Granada. En aquella oportunidad, el joven surgido de La Masia no lleg\u00f3 a ingresar. Pero esta vez, <strong>con el partido 0 a 0, Marc entr\u00f3 a los 78&#8217;41\u00bb de juego en lugar de Ferm\u00edn. Y a los 80&#8217;15\u00bb, la pelota enviada por \u00e9l super\u00f3 la l\u00ednea del arco del rival para el 1-0 que ser\u00eda el resultado final del encuentro.<\/strong><\/p>\n<\/div>\n<div class=\"custom-text \" readability=\"45\">\n<p>Nacido el 4 de enero del 2006 en Sant Celoni, Catalunya, Guiu lleva ocho partidos con la selecci\u00f3n Sub 17 de Espa\u00f1a. Proveniente de La Mas\u00eda, donde estuvo durante diez a\u00f1os, se convirti\u00f3 en el h\u00e9roe del triunfo ante los de Bilbao y, obviamente, no lo pod\u00eda creer. <strong>\u00abMe falta el aire, je&#8230; Aqu\u00ed estoy, disfrutando el momento. Esto no me lo imaginaba, pero llevo trabajando toda la vida para aprovechar las oportunidades y me ha llegado\u00bb.<\/strong> Emocionado, valor\u00f3 lo que se hace en esa f\u00e1brica de cracks del club: \u00abLa Mas\u00eda funciona. Se est\u00e1 haciendo un gran trabajo y se ha de aprovechar en momentos dif\u00edciles para el club como ahora\u00bb.<\/p>\n<\/div>\n<div class=\"sc-e7b891c4-0 jPbnQF\"><img alt=\"Marc Guiu ya defini\u00f3 ante la salida de Unai Sim\u00f3n.\" src=\"http:\/\/hoycordobaweb.com\/wp-content\/uploads\/2023\/10\/barcelona-debuto-con-17-anos-y-la-metio-34-segundos-despues-de-entrar-2.jpg\" width=\"720\" height=\"100\" decoding=\"async\" data-nimg=\"future\" loading=\"lazy\"><span class=\"epigraphe\">Marc Guiu ya defini\u00f3 ante la salida de Unai Sim\u00f3n.<\/span><\/div>\n<div class=\"custom-text \" readability=\"34\">\n<p>El joven maravilla cont\u00f3 las palabras que le dedic\u00f3 su compa\u00f1ero I\u00f1igo Mart\u00ednez en el vestuario post partido: \u00abMe ha dicho que hoy no voy a poder dormir, que lo disfrute\u00bb.<\/p>\n<\/div>\n<div class=\"custom-text \" readability=\"36\">\n<p>Xavi, en tanto, elogi\u00f3 a Guiu: <strong>\u00abTiene buen ojo para el gol, tiene talento. Me gusta mucho.<\/strong> Con las lesiones que tenemos hay que mirar lo que contamos en casa y ac\u00e1 hay mucho talento\u00bb.<\/p>\n<\/div>\n<div class=\"sc-a7166897-0 exHLBh\" readability=\"6.5\">\n<section readability=\"3\"><picture><img alt=\"Selecci\u00f3n vs. Barcelona: distinto m\u00e9todo, igual ambici\u00f3n\" src=\"http:\/\/hoycordobaweb.com\/wp-content\/uploads\/2023\/10\/barcelona-debuto-con-17-anos-y-la-metio-34-segundos-despues-de-entrar-3.jpg\" width=\"290\" height=\"290\" decoding=\"async\" data-nimg=\"future\" loading=\"lazy\"><\/picture>\n<p><span>Mir\u00e1 tambi\u00e9n<\/span><\/p>\n<hr>\n<h3>Selecci\u00f3n vs. Barcelona: distinto m\u00e9todo, igual ambici\u00f3n<\/h3>\n<\/p>\n<\/section>\n<\/div>\n<\/div>\n","protected":false},"excerpt":{"rendered":"<p>22\/10\/2023 18:44hs. Actualizado al 22\/10\/2023 19:09hs. \u00bfNace una estrella en el f\u00fatbol espa\u00f1ol? Marc Guiu, al menos en su presentaci\u00f3n en sociedad, parece haber sido tocado por la varita m\u00e1gica. Con apenas 17 a\u00f1os, el delantero del Barcelona integr\u00f3 el banco de suplentes ante el Athletic y a los 78 minutos de juego le toc\u00f3 [&hellip;]<\/p>\n","protected":false},"author":1,"featured_media":68554,"comment_status":"open","ping_status":"closed","sticky":false,"template":"","format":"standard","meta":[],"categories":[16],"tags":[],"_links":{"self":[{"href":"http:\/\/hoycordobaweb.com\/index.php\/wp-json\/wp\/v2\/posts\/68553"}],"collection":[{"href":"http:\/\/hoycordobaweb.com\/index.php\/wp-json\/wp\/v2\/posts"}],"about":[{"href":"http:\/\/hoycordobaweb.com\/index.php\/wp-json\/wp\/v2\/types\/post"}],"author":[{"embeddable":true,"href":"http:\/\/hoycordobaweb.com\/index.php\/wp-json\/wp\/v2\/users\/1"}],"replies":[{"embeddable":true,"href":"http:\/\/hoycordobaweb.com\/index.php\/wp-json\/wp\/v2\/comments?post=68553"}],"version-history":[{"count":0,"href":"http:\/\/hoycordobaweb.com\/index.php\/wp-json\/wp\/v2\/posts\/68553\/revisions"}],"wp:featuredmedia":[{"embeddable":true,"href":"http:\/\/hoycordobaweb.com\/index.php\/wp-json\/wp\/v2\/media\/68554"}],"wp:attachment":[{"href":"http:\/\/hoycordobaweb.com\/index.php\/wp-json\/wp\/v2\/media?parent=68553"}],"wp:term":[{"taxonomy":"category","embeddable":true,"href":"http:\/\/hoycordobaweb.com\/index.php\/wp-json\/wp\/v2\/categories?post=68553"},{"taxonomy":"post_tag","embeddable":true,"href":"http:\/\/hoycordobaweb.com\/index.php\/wp-json\/wp\/v2\/tags?post=68553"}],"curies":[{"name":"wp","href":"https:\/\/api.w.org\/{rel}","templated":true}]}}