{"id":68521,"date":"2023-10-19T18:02:17","date_gmt":"2023-10-19T18:02:17","guid":{"rendered":"https:\/\/fono.fcm.unc.edu.ar\/?p=11322"},"modified":"2023-10-19T18:02:17","modified_gmt":"2023-10-19T18:02:17","slug":"60-aniversario-19-de-octubre-dia-internacional-de-la-lucha-contra-el-cancer-de-mama","status":"publish","type":"post","link":"http:\/\/hoycordobaweb.com\/index.php\/2023\/10\/19\/60-aniversario-19-de-octubre-dia-internacional-de-la-lucha-contra-el-cancer-de-mama\/","title":{"rendered":"60\u00b0 Aniversario \u2013 19 de octubre: D\u00eda Internacional de la Lucha contra el C\u00e1ncer de Mama"},"content":{"rendered":"<h2 class=\"fusion-post-title\">60\u00b0 Aniversario \u2013 19 de octubre: D\u00eda Internacional de la Lucha contra el C\u00e1ncer de Mama<\/h2>\n<div class=\"post-content\" readability=\"36\">\n<p><img loading=\"lazy\" class=\"alignright size-fusion-400 wp-image-11323\" src=\"https:\/\/fono.fcm.unc.edu.ar\/wp-content\/uploads\/sites\/14\/2023\/10\/393175457_362318496136747_8307438183061185397_n-400x401.jpg\" alt width=\"400\" height=\"401\" srcset=\"https:\/\/fono.fcm.unc.edu.ar\/wp-content\/uploads\/sites\/14\/2023\/10\/393175457_362318496136747_8307438183061185397_n-66x66.jpg 66w, https:\/\/fono.fcm.unc.edu.ar\/wp-content\/uploads\/sites\/14\/2023\/10\/393175457_362318496136747_8307438183061185397_n-150x150.jpg 150w, https:\/\/fono.fcm.unc.edu.ar\/wp-content\/uploads\/sites\/14\/2023\/10\/393175457_362318496136747_8307438183061185397_n-200x201.jpg 200w, https:\/\/fono.fcm.unc.edu.ar\/wp-content\/uploads\/sites\/14\/2023\/10\/393175457_362318496136747_8307438183061185397_n-300x300.jpg 300w, https:\/\/fono.fcm.unc.edu.ar\/wp-content\/uploads\/sites\/14\/2023\/10\/393175457_362318496136747_8307438183061185397_n-400x401.jpg 400w, https:\/\/fono.fcm.unc.edu.ar\/wp-content\/uploads\/sites\/14\/2023\/10\/393175457_362318496136747_8307438183061185397_n-600x602.jpg 600w, https:\/\/fono.fcm.unc.edu.ar\/wp-content\/uploads\/sites\/14\/2023\/10\/393175457_362318496136747_8307438183061185397_n-768x770.jpg 768w, https:\/\/fono.fcm.unc.edu.ar\/wp-content\/uploads\/sites\/14\/2023\/10\/393175457_362318496136747_8307438183061185397_n-800x802.jpg 800w, https:\/\/fono.fcm.unc.edu.ar\/wp-content\/uploads\/sites\/14\/2023\/10\/393175457_362318496136747_8307438183061185397_n-1021x1024.jpg 1021w, https:\/\/fono.fcm.unc.edu.ar\/wp-content\/uploads\/sites\/14\/2023\/10\/393175457_362318496136747_8307438183061185397_n.jpg 1074w\" sizes=\"(max-width: 400px) 100vw, 400px\">Por iniciativa de la Organizaci\u00f3n Mundial de la Salud el 19 de octubre de cada a\u00f1o se celebra el D\u00eda Internacional de la lucha contra el C\u00e1ncer de Mama con el objetivo de crear conciencia y promover que cada vez m\u00e1s mujeres accedan a controles, diagn\u00f3sticos y tratamientos oportunos y efectivos.<\/p>\n<\/p><\/div>\n","protected":false},"excerpt":{"rendered":"<p>60\u00b0 Aniversario \u2013 19 de octubre: D\u00eda Internacional de la Lucha contra el C\u00e1ncer de Mama Por iniciativa de la Organizaci\u00f3n Mundial de la Salud el 19 de octubre de cada a\u00f1o se celebra el D\u00eda Internacional de la lucha contra el C\u00e1ncer de Mama con el objetivo de crear conciencia y promover que cada [&hellip;]<\/p>\n","protected":false},"author":1,"featured_media":0,"comment_status":"closed","ping_status":"closed","sticky":false,"template":"","format":"standard","meta":[],"categories":[1],"tags":[],"_links":{"self":[{"href":"http:\/\/hoycordobaweb.com\/index.php\/wp-json\/wp\/v2\/posts\/68521"}],"collection":[{"href":"http:\/\/hoycordobaweb.com\/index.php\/wp-json\/wp\/v2\/posts"}],"about":[{"href":"http:\/\/hoycordobaweb.com\/index.php\/wp-json\/wp\/v2\/types\/post"}],"author":[{"embeddable":true,"href":"http:\/\/hoycordobaweb.com\/index.php\/wp-json\/wp\/v2\/users\/1"}],"replies":[{"embeddable":true,"href":"http:\/\/hoycordobaweb.com\/index.php\/wp-json\/wp\/v2\/comments?post=68521"}],"version-history":[{"count":0,"href":"http:\/\/hoycordobaweb.com\/index.php\/wp-json\/wp\/v2\/posts\/68521\/revisions"}],"wp:attachment":[{"href":"http:\/\/hoycordobaweb.com\/index.php\/wp-json\/wp\/v2\/media?parent=68521"}],"wp:term":[{"taxonomy":"category","embeddable":true,"href":"http:\/\/hoycordobaweb.com\/index.php\/wp-json\/wp\/v2\/categories?post=68521"},{"taxonomy":"post_tag","embeddable":true,"href":"http:\/\/hoycordobaweb.com\/index.php\/wp-json\/wp\/v2\/tags?post=68521"}],"curies":[{"name":"wp","href":"https:\/\/api.w.org\/{rel}","templated":true}]}}