{"id":68507,"date":"2023-10-21T12:03:49","date_gmt":"2023-10-21T12:03:49","guid":{"rendered":"https:\/\/www.mujerhoy.com\/moda\/tendencias\/merceditas-originales-looks-comodos-otono-20231021140343-nt.html"},"modified":"2023-10-21T12:03:49","modified_gmt":"2023-10-21T12:03:49","slug":"merceditas-originales-para-tus-looks-de-diario-comodos-y-elegantes","status":"publish","type":"post","link":"http:\/\/hoycordobaweb.com\/index.php\/2023\/10\/21\/merceditas-originales-para-tus-looks-de-diario-comodos-y-elegantes\/","title":{"rendered":"Merceditas originales para tus looks de diario c\u00f3modos y elegantes"},"content":{"rendered":"<p><!-- AUTHOR --> <\/p>\n<div class=\"voc-author-timesocial \"> <!-- AUTHOR --> <\/p>\n<div class=\"voc-author-timesocial__signature\"> <!-- IMAGE AUTHOR --> <picture class=\"voc-image-signature\"> <img class=\"voc-image-signature__img\" src=\"http:\/\/hoycordobaweb.com\/wp-content\/uploads\/2023\/10\/merceditas-originales-para-tus-looks-de-diario-comodos-y-elegantes.jpg\" alt=\"Raquel Rodr\u00edguez\"> <\/picture> <!-- INFO AUTHOR --> <\/div><\/div>\n<p> <!-- COMPONENTS --> <\/p>\n<p class=\"voc-paragraph\">Las <a data-voc-vtm-id=\"in-text-traffic\" href=\"https:\/\/www.mujerhoy.com\/moda\/no-te-pierdas\/merceditas-comodas-zapato-tendencia-lowcost-zara-mango-hym-20230906144441-nt.html\" title=\"www.mujerhoy.com\">merceditas <\/a>son los <strong>zapatos favoritos de la temporada<\/strong>. Cero dudas. Est\u00e1n por todas partes, se han adaptado a todos los gustos y estilos y cada vez son m\u00e1s las que deciden usarlas para sus looks de oto\u00f1o. Pero, \u00bfcu\u00e1l es el mejor modelo?\n<\/p>\n<p class=\"voc-paragraph\">Pues bien, puedes escoger cualquier <a data-voc-vtm-id=\"in-text-traffic\" href=\"https:\/\/www.mujerhoy.com\/moda\/tendencias\/merceditas-tacon-zapato-tendencia-francesas-mango-stradivarius-20230929075914-nt.html\" title=\"www.mujerhoy.com\">dise\u00f1o cl\u00e1sico<\/a> y que m\u00e1s se ci\u00f1e al modelo tradicional. Sin embargo, si quieres <strong>marcar la diferencia<\/strong> y ser la m\u00e1s original de todas, te recomendamos que fiches esta selecci\u00f3n que te traemos. \u00a1Te van a encantar!\n<\/p>\n<div class=\"voc-detail__cmp\">\n<div class=\"voc-article-container\">\n<article class=\"voc-article voc-article--cmp-photo-text\" readability=\"26\">\n<div class=\"voc-img-container\" readability=\"7\"> <picture>\n<div class=\"voc-horizontal voc-img-icon-link\"> <img class=\"lazy adsviu_analyse\" loading=\"lazy\" data-original=\"\/\/static3.mujerhoy.com\/www\/multimedia\/202310\/19\/media\/cortadas\/merceditas-alohas-kL7--624x624@MujerHoy.jpg\" alt=\"Las merceditas de Alohas.\"> <\/div>\n<\/picture>\n<p class=\"figure-caption \"> Las merceditas de Alohas. <span class=\"voc-photo-author\"> <\/span> <\/p>\n<\/p><\/div>\n<\/article><\/div>\n<\/div>\n<p><h3 class=\"voc-detail__title\"> Tira m\u00faltiple<br \/>\n<\/h3>\n<\/p>\n<p class=\"voc-paragraph\">Este modelo de <strong>Alohas <\/strong>es la prueba de que existen merceditas aptas para los estilos m\u00e1s cl\u00e1sicos, pero con dise\u00f1os sofisticados. Es un modelo acharolado en color granate que se caracteriza por tener varias tiras. Cuestan 170 euros.\n<\/p>\n<div class=\"voc-detail__cmp\">\n<div class=\"voc-article-container\">\n<article class=\"voc-article voc-article--cmp-photo-text\" readability=\"26\">\n<div class=\"voc-img-container\" readability=\"7\"> <picture>\n<div class=\"voc-horizontal voc-img-icon-link\"> <img class=\"lazy adsviu_analyse\" loading=\"lazy\" data-original=\"\/\/static.mujerhoy.com\/www\/multimedia\/202310\/19\/media\/cortadas\/merceditas-lomas-kL7--624x624@MujerHoy.jpg\" alt=\"Las merceditas de leopardo.\"> <\/div>\n<\/picture>\n<p class=\"figure-caption \"> Las merceditas de leopardo. <span class=\"voc-photo-author\"> <\/span> <\/p>\n<\/p><\/div>\n<\/article><\/div>\n<\/div>\n<p><h3 class=\"voc-detail__title\"> Leopardo<br \/>\n<\/h3>\n<\/p>\n<p class=\"voc-paragraph\">El leopardo es un estampado que, escogido en peuqe\u00f1as dosis, aporta un toque ideal a un look de b\u00e1sicos. Y hacerlo con el calzado es la mejor opci\u00f3n. Y estas merceditas con tiras cruzadas en el empeine de <strong>Lomas Shoes<\/strong> son una buena propuesta. Cuestan 190 euros.\n<\/p>\n<div class=\"voc-detail__cmp\">\n<div class=\"voc-article-container\">\n<article class=\"voc-article voc-article--cmp-photo-text\" readability=\"26\">\n<div class=\"voc-img-container\" readability=\"7\"> <picture>\n<div class=\"voc-horizontal voc-img-icon-link\"> <img class=\"lazy adsviu_analyse\" loading=\"lazy\" data-original=\"\/\/static2.mujerhoy.com\/www\/multimedia\/202310\/19\/media\/cortadas\/merceditas-puntera-negra-kL7--624x624@MujerHoy.jpg\" alt=\"Las merceditas de Augusta.\"> <\/div>\n<\/picture>\n<p class=\"figure-caption \"> Las merceditas de Augusta. <span class=\"voc-photo-author\"> <\/span> <\/p>\n<\/p><\/div>\n<\/article><\/div>\n<\/div>\n<p><h3 class=\"voc-detail__title\"> Puntera negra<br \/>\n<\/h3>\n<\/p>\n<p class=\"voc-paragraph\">Recordando al ic\u00f3nico zapato bicolor de Chanel, este modelo de <strong>Augusta <\/strong>nos encanta. No pasa desapercibido, pero tambi\u00e9n es apto para lo looks m\u00e1s elegantes. Y es made in spain. Cuesta 195 euros.\n<\/p>\n<div class=\"voc-detail__cmp\">\n<div class=\"voc-article-container\">\n<article class=\"voc-article voc-article--cmp-photo-text\" readability=\"26\">\n<div class=\"voc-img-container\" readability=\"7\"> <picture>\n<div class=\"voc-horizontal voc-img-icon-link\"> <img class=\"lazy adsviu_analyse\" loading=\"lazy\" data-original=\"\/\/static3.mujerhoy.com\/www\/multimedia\/202310\/19\/media\/cortadas\/merceditas-polin-et-moi-kL7--624x624@MujerHoy.jpg\" alt=\"Las merceditas de Pol\u00edn et moi.\"> <\/div>\n<\/picture>\n<p class=\"figure-caption \"> Las merceditas de Pol\u00edn et moi. <span class=\"voc-photo-author\"> <\/span> <\/p>\n<\/p><\/div>\n<\/article><\/div>\n<\/div>\n<p><h3 class=\"voc-detail__title\"> Tira de carey<br \/>\n<\/h3>\n<\/p>\n<p class=\"voc-paragraph\">Esta bailarina plana en color arena de<br \/>\n<strong> Pol\u00edn et moi <\/strong>nos encanta. Es un modelo elegante de un exterior confeccionado en un suave ante, con puntera en forma de punta y pasador en el empeine en forma de cadena en carey. Cuesta 85,95 euros.\n<\/p>\n<div class=\"voc-detail__cmp\">\n<div class=\"voc-article-container\">\n<article class=\"voc-article voc-article--cmp-photo-text\" readability=\"26\">\n<div class=\"voc-img-container\" readability=\"7\"> <picture>\n<div class=\"voc-horizontal voc-img-icon-link\"> <img class=\"lazy adsviu_analyse\" loading=\"lazy\" data-original=\"\/\/static1.mujerhoy.com\/www\/multimedia\/202310\/19\/media\/cortadas\/mercditas-mardecleo-kL7--624x624@MujerHoy.jpg\" alt=\"Las merceditas de Mardecleo.\"> <\/div>\n<\/picture>\n<p class=\"figure-caption \"> Las merceditas de Mardecleo. <span class=\"voc-photo-author\"> <\/span> <\/p>\n<\/p><\/div>\n<\/article><\/div>\n<\/div>\n<p><h3 class=\"voc-detail__title\"> De espiga<br \/>\n<\/h3>\n<\/p>\n<p class=\"voc-paragraph\">Este modelo de <strong>Mardecleo <\/strong>huele a oto\u00f1o. El zapato es un calzado tipo gales en tejido de espiga en color negro y citrus. Tiene el escote semi-redondo y un cierre con cordones cruzados en negro, rematados con borlas negras de piel. Cuesta 84,99 euros.\n<\/p>\n<div class=\"voc-detail__cmp\">\n<div class=\"voc-article-container\">\n<article class=\"voc-article voc-article--cmp-photo-text\">\n<div class=\"voc-img-container\"> <picture>\n<div class=\"voc-horizontal voc-img-icon-link\"> <img class=\"lazy adsviu_analyse\" loading=\"lazy\" data-original=\"\/\/static3.mujerhoy.com\/www\/multimedia\/202310\/19\/media\/cortadas\/merceditas-adeba-kL7--624x624@MujerHoy.jpg\" alt=\"Las merceditas de Adeba.\"> <\/div>\n<\/picture>\n<p class=\"figure-caption \"> Las merceditas de Adeba. <span class=\"voc-photo-author\"> <\/span> <\/p>\n<\/p><\/div>\n<\/article><\/div>\n<\/div>\n<p><h3 class=\"voc-detail__title\"> Con lazo<br \/>\n<\/h3>\n<\/p>\n<p class=\"voc-paragraph\">Si buscas un dise\u00f1o m\u00e1s femenino, apuesta por este modelo de <strong>Adeba <\/strong>de terciopelo. Nos encanya si dise\u00f1o con puntera triangular y lazada en el forntal. Cuesta 199 euros.\n<\/p>\n<div class=\"voc-detail__cmp\">\n<div class=\"voc-article-container\">\n<article class=\"voc-article voc-article--cmp-photo-text\" readability=\"26\">\n<div class=\"voc-img-container\" readability=\"7\"> <picture>\n<div class=\"voc-horizontal voc-img-icon-link\"> <img class=\"lazy adsviu_analyse\" loading=\"lazy\" data-original=\"\/\/static2.mujerhoy.com\/www\/multimedia\/202310\/19\/media\/cortadas\/merceditas-angel-alarcon-kL7--624x624@MujerHoy.jpg\" alt=\"Las merceditas de \u00c1ngel Alarc\u00f3n.\"> <\/div>\n<\/picture>\n<p class=\"figure-caption \"> Las merceditas de \u00c1ngel Alarc\u00f3n. <span class=\"voc-photo-author\"> <\/span> <\/p>\n<\/p><\/div>\n<\/article><\/div>\n<\/div>\n<p><h3 class=\"voc-detail__title\"> Punta cuadrada<br \/>\n<\/h3>\n<\/p>\n<p class=\"voc-paragraph\">Por \u00faltimo, ficha este dise\u00f1o de punta cuadrada de <strong>\u00c1ngel Alarc\u00f3n<\/strong>. Se ha colado en nuetra lista por su punetra diferente, pero tambi\u00e9n por el tac\u00f3n que sobresale por la parte trasera y por el tejido plateado. Cuesta 95,90 euros.\n<\/p>\n<p> <!-- TOPICS --> <\/p>\n","protected":false},"excerpt":{"rendered":"<p>Las merceditas son los zapatos favoritos de la temporada. Cero dudas. Est\u00e1n por todas partes, se han adaptado a todos los gustos y estilos y cada vez son m\u00e1s las que deciden usarlas para sus looks de oto\u00f1o. Pero, \u00bfcu\u00e1l es el mejor modelo? Pues bien, puedes escoger cualquier dise\u00f1o cl\u00e1sico y que m\u00e1s se [&hellip;]<\/p>\n","protected":false},"author":1,"featured_media":68508,"comment_status":"closed","ping_status":"closed","sticky":false,"template":"","format":"standard","meta":[],"categories":[1],"tags":[],"_links":{"self":[{"href":"http:\/\/hoycordobaweb.com\/index.php\/wp-json\/wp\/v2\/posts\/68507"}],"collection":[{"href":"http:\/\/hoycordobaweb.com\/index.php\/wp-json\/wp\/v2\/posts"}],"about":[{"href":"http:\/\/hoycordobaweb.com\/index.php\/wp-json\/wp\/v2\/types\/post"}],"author":[{"embeddable":true,"href":"http:\/\/hoycordobaweb.com\/index.php\/wp-json\/wp\/v2\/users\/1"}],"replies":[{"embeddable":true,"href":"http:\/\/hoycordobaweb.com\/index.php\/wp-json\/wp\/v2\/comments?post=68507"}],"version-history":[{"count":0,"href":"http:\/\/hoycordobaweb.com\/index.php\/wp-json\/wp\/v2\/posts\/68507\/revisions"}],"wp:featuredmedia":[{"embeddable":true,"href":"http:\/\/hoycordobaweb.com\/index.php\/wp-json\/wp\/v2\/media\/68508"}],"wp:attachment":[{"href":"http:\/\/hoycordobaweb.com\/index.php\/wp-json\/wp\/v2\/media?parent=68507"}],"wp:term":[{"taxonomy":"category","embeddable":true,"href":"http:\/\/hoycordobaweb.com\/index.php\/wp-json\/wp\/v2\/categories?post=68507"},{"taxonomy":"post_tag","embeddable":true,"href":"http:\/\/hoycordobaweb.com\/index.php\/wp-json\/wp\/v2\/tags?post=68507"}],"curies":[{"name":"wp","href":"https:\/\/api.w.org\/{rel}","templated":true}]}}