{"id":68443,"date":"2023-10-21T00:48:52","date_gmt":"2023-10-21T00:48:52","guid":{"rendered":"https:\/\/www.ole.com.ar\/futbol-internacional\/papu-gomez-seleccion-campeon-sancion-doping-mundial_0_uesjwLrqk9.html"},"modified":"2023-10-21T00:48:52","modified_gmt":"2023-10-21T00:48:52","slug":"del-papu-dance-a-la-oscuridad","status":"publish","type":"post","link":"http:\/\/hoycordobaweb.com\/index.php\/2023\/10\/21\/del-papu-dance-a-la-oscuridad\/","title":{"rendered":"Del Papu dance a la oscuridad"},"content":{"rendered":"<p><img src=\"http:\/\/hoycordobaweb.com\/wp-content\/uploads\/2023\/10\/del-papu-dance-a-la-oscuridad.jpg\"><\/p>\n<p><time class=\"createDate\" datetime=\"2023-10-20T21:48:52-03:00\">20\/10\/2023 21:48hs.<\/time><time class=\"modificatedDate\" datetime=\"2023-10-20T21:48:52-03:00\"><\/time><\/p>\n<div id=\"storyBody\">\n<div class=\"custom-text \" readability=\"38\">\n<p>Alejandro G\u00f3mez era la historia <strong>del que arranca de abajo y alcanza una gloria que supera toda proyecci\u00f3n<\/strong> que sobre \u00e9l se hac\u00eda. Sobresali\u00f3 en Arsenal, pas\u00f3 a San Lorenzo y de all\u00ed salt\u00f3 a <strong>Europa, donde desarroll\u00f3 una extensa carrera<\/strong> que alcanz\u00f3 un pico en el Calcio, en el sorprendente Atalanta de Gian Piero Gasperini.<\/p>\n<\/div>\n<div class=\"custom-text \" readability=\"37\">\n<p>Se gan\u00f3 <strong>la atenci\u00f3n de Lionel Scaloni<\/strong>, y con el viento a favor de cierta precariedad en el estado f\u00edsico de algunos jugadores al llegar a Qatar, fue<strong> titular en el primer partido del Mundial <\/strong>y tambi\u00e9n tuvo minutos en el pase de octavos a cuartos, ante Australia.<\/p>\n<\/div>\n<div class=\"custom-text \" readability=\"36\">\n<p>Aunque una lesi\u00f3n lo margin\u00f3 del torneo, fue <strong>campe\u00f3n del mundo con Argentina<\/strong>, adem\u00e1s de convertirse en una figura simp\u00e1tica y popular por sus festejos de goles (el \u201cPapu dance\u201d) y sus posteos divertidos.<\/p>\n<\/div>\n<div class=\"custom-text \" readability=\"40\">\n<p>Despu\u00e9s de eso, feos nubarrones empezaron a <strong>oscurecer lo que era un feliz final de carrera<\/strong>. De Atalanta hab\u00eda salido eyectado por una pelea con su entrenador, fue campe\u00f3n en Sevilla, y de all\u00ed tambi\u00e9n arregl\u00f3 su salida. Las \u00faltimas veces que hab\u00eda sido noticia fueron cuando <strong>anunci\u00f3 que consideraba retirarse<\/strong> porque no consegu\u00eda club y cuando, finalmente, fich\u00f3 por el modesto Monza italiano.<\/p>\n<\/div>\n<div class=\"custom-text \" readability=\"35\">\n<p>A la <strong>Selecci\u00f3n Argentina nunca volvieron a llamarlo<\/strong>: su lesi\u00f3n, su inactividad y un <strong>fuerte distanciamiento con sus compa\u00f1eros<\/strong> por razones que ninguno dio a conocer (rumores sobran) lo borraron del mapa.<\/p>\n<\/div>\n<div class=\"custom-text \" readability=\"37\">\n<p>La par\u00e1bola se est\u00e1 cerrando de la peor manera: su contrato con el Monza puede ser abortado por<strong> una sanci\u00f3n de dos a\u00f1os (hoy tiene 35) por doping<\/strong>. M\u00e1s all\u00e1 de lo dif\u00edcil que es entender el procedimiento, Papu admite haber tomado sin aval m\u00e9dico un jarabe con una sustancia prohibida (la infracci\u00f3n habr\u00eda sido en noviembre, lo que hasta <strong>pod\u00eda dejarlo afuera del Mundial<\/strong>).<\/p>\n<\/div>\n<div class=\"custom-text \" readability=\"36\">\n<p>Fluctu\u00f3 entre el glamour, la picard\u00eda, la rebeld\u00eda y la irresponsabilidad, pero <strong>es triste<\/strong>: no es el final que su carrera merec\u00eda.<\/p>\n<\/div>\n<div class=\"sc-e7b891c4-0 jPbnQF\"><img alt=\"Fue titular en el debut en el Mundial (Foto: Fernando de la Orden).\" src=\"http:\/\/hoycordobaweb.com\/wp-content\/uploads\/2023\/10\/del-papu-dance-a-la-oscuridad-2.jpg\" width=\"720\" height=\"100\" decoding=\"async\" data-nimg=\"future\" loading=\"lazy\"><span class=\"epigraphe\">Fue titular en el debut en el Mundial (Foto: Fernando de la Orden).<\/span><\/div>\n<div class=\"sc-7ce6049-0 dwIKul\">\n<div class=\"sc-7ce6049-1 bdcBBS videoText\" id=\"contentTitleundefinedcLQlxLd8\"><svg fill=\"#ffffff\"><symbol id=\"play\" viewBox=\"0 0 512 512\"><path d=\"M512 256C512 397.4 397.4 512 256 512C114.6 512 0 397.4 0 256C0 114.6 114.6 0 256 0C397.4 0 512 114.6 512 256zM176 168V344C176 352.7 180.7 360.7 188.3 364.9C195.8 369.2 205.1 369 212.5 364.5L356.5 276.5C363.6 272.1 368 264.4 368 256C368 247.6 363.6 239.9 356.5 235.5L212.5 147.5C205.1 142.1 195.8 142.8 188.3 147.1C180.7 151.3 176 159.3 176 168V168z\" \/><\/symbol><use xlink:href=\"#play\" \/><\/svg><\/p>\n<div class=\"right\">\n<p>Papu dance<!-- --> &#8211;<!-- --> <span>20-10-2023<\/span><\/p>\n<h2 class=\"title-vid\">El Papu G\u00f3mez la rompe con su baile viral en Italia.<\/h2>\n<\/div>\n<\/div>\n<p><span class=\"back\" id=\"spanBackundefinedcLQlxLd8\"><\/span><\/div>\n<div class=\"sc-a7166897-0 exHLBh\" readability=\"6\">\n<section readability=\"2\"><picture><img alt=\"Exclusivo Ol\u00e9: qu\u00e9 dice el Papu G\u00f3mez de lo que pas\u00f3 y c\u00f3mo se siente \" src=\"http:\/\/hoycordobaweb.com\/wp-content\/uploads\/2023\/10\/del-papu-dance-a-la-oscuridad-3.jpg\" width=\"290\" height=\"290\" decoding=\"async\" data-nimg=\"future\" loading=\"lazy\"><\/picture>\n<p><span>Mir\u00e1 tambi\u00e9n<\/span><\/p>\n<hr>\n<h3>Exclusivo Ol\u00e9: qu\u00e9 dice el Papu G\u00f3mez de lo que pas\u00f3 y c\u00f3mo se siente<br \/>\n<\/h3>\n<\/p>\n<\/section>\n<\/div>\n<div class=\"sc-a7166897-0 exHLBh\" readability=\"6\">\n<section readability=\"2\"><picture><img alt=\"Preguntas y respuestas del caso Papu G\u00f3mez\" src=\"http:\/\/hoycordobaweb.com\/wp-content\/uploads\/2023\/10\/del-papu-dance-a-la-oscuridad-4.jpg\" width=\"290\" height=\"290\" decoding=\"async\" data-nimg=\"future\" loading=\"lazy\"><\/picture>\n<p><span>Mir\u00e1 tambi\u00e9n<\/span><\/p>\n<hr>\n<h3>Preguntas y respuestas del caso Papu G\u00f3mez<\/h3>\n<\/p>\n<\/section>\n<\/div>\n<\/div>\n","protected":false},"excerpt":{"rendered":"<p>20\/10\/2023 21:48hs. Alejandro G\u00f3mez era la historia del que arranca de abajo y alcanza una gloria que supera toda proyecci\u00f3n que sobre \u00e9l se hac\u00eda. Sobresali\u00f3 en Arsenal, pas\u00f3 a San Lorenzo y de all\u00ed salt\u00f3 a Europa, donde desarroll\u00f3 una extensa carrera que alcanz\u00f3 un pico en el Calcio, en el sorprendente Atalanta de [&hellip;]<\/p>\n","protected":false},"author":1,"featured_media":68444,"comment_status":"open","ping_status":"closed","sticky":false,"template":"","format":"standard","meta":[],"categories":[16],"tags":[],"_links":{"self":[{"href":"http:\/\/hoycordobaweb.com\/index.php\/wp-json\/wp\/v2\/posts\/68443"}],"collection":[{"href":"http:\/\/hoycordobaweb.com\/index.php\/wp-json\/wp\/v2\/posts"}],"about":[{"href":"http:\/\/hoycordobaweb.com\/index.php\/wp-json\/wp\/v2\/types\/post"}],"author":[{"embeddable":true,"href":"http:\/\/hoycordobaweb.com\/index.php\/wp-json\/wp\/v2\/users\/1"}],"replies":[{"embeddable":true,"href":"http:\/\/hoycordobaweb.com\/index.php\/wp-json\/wp\/v2\/comments?post=68443"}],"version-history":[{"count":0,"href":"http:\/\/hoycordobaweb.com\/index.php\/wp-json\/wp\/v2\/posts\/68443\/revisions"}],"wp:featuredmedia":[{"embeddable":true,"href":"http:\/\/hoycordobaweb.com\/index.php\/wp-json\/wp\/v2\/media\/68444"}],"wp:attachment":[{"href":"http:\/\/hoycordobaweb.com\/index.php\/wp-json\/wp\/v2\/media?parent=68443"}],"wp:term":[{"taxonomy":"category","embeddable":true,"href":"http:\/\/hoycordobaweb.com\/index.php\/wp-json\/wp\/v2\/categories?post=68443"},{"taxonomy":"post_tag","embeddable":true,"href":"http:\/\/hoycordobaweb.com\/index.php\/wp-json\/wp\/v2\/tags?post=68443"}],"curies":[{"name":"wp","href":"https:\/\/api.w.org\/{rel}","templated":true}]}}