{"id":68439,"date":"2023-10-21T02:56:33","date_gmt":"2023-10-21T02:56:33","guid":{"rendered":"https:\/\/www.ole.com.ar\/boca-juniors\/video-rio-janeiro-vamos-ganar-boca-union-libertadores-copa-liga_0_RDnCAYc1a8.html"},"modified":"2023-10-21T02:56:33","modified_gmt":"2023-10-21T02:56:33","slug":"en-rio-de-janeiro-vamos-a-ganar-el-canto-de-la-bombonera-despues-de-la-victoria-de-boca-ante-union","status":"publish","type":"post","link":"http:\/\/hoycordobaweb.com\/index.php\/2023\/10\/21\/en-rio-de-janeiro-vamos-a-ganar-el-canto-de-la-bombonera-despues-de-la-victoria-de-boca-ante-union\/","title":{"rendered":"\u00abEn R\u00edo de Janeiro vamos a ganar\u00bb: el canto de la Bombonera despu\u00e9s de la victoria de Boca ante Uni\u00f3n"},"content":{"rendered":"<p><img src=\"http:\/\/hoycordobaweb.com\/wp-content\/uploads\/2023\/10\/en-rio-de-janeiro-vamos-a-ganar-el-canto-de-la-bombonera-despues-de-la-victoria-de-boca-ante-union.jpg\"><\/p>\n<div><img src=\"http:\/\/hoycordobaweb.com\/wp-content\/uploads\/2023\/10\/en-rio-de-janeiro-vamos-a-ganar-el-canto-de-la-bombonera-despues-de-la-victoria-de-boca-ante-union.jpg\" class=\"ff-og-image-inserted\"><\/div>\n<div readability=\"9.6425531914894\">\n<p><strong>\u00abEn R\u00edo de Janeiro vamos a ganar, en R\u00edo de Janeiro vamos a ganar&#8230;\u00bb. <\/strong>Explot\u00f3 la Bombonera despu\u00e9s del triunfo de <a href=\"https:\/\/www.ole.com.ar\/tema\/boca-juniors.html\" title=\"Boca Juniors\" alt=\"Boca Juniors\" class=\"slug\">Boca<\/a> 2-1 ante <a href=\"https:\/\/www.ole.com.ar\/tema\/union.html\" title=\"Uni\u00f3n\" alt=\"Uni\u00f3n\" class=\"slug\">Uni\u00f3n.<\/a> \u00bfEl pedido? A 15 d\u00edas de la final ante Fluminense, no pod\u00eda ser otro: <strong>la <a href=\"https:\/\/www.ole.com.ar\/tema\/copa-libertadores.html\" title=\"Copa Libertadores\" alt=\"Copa Libertadores\" class=\"slug\">Copa Libertadores.<\/a><\/strong><\/p>\n<\/div>\n<div readability=\"14\">\n<p>Luego de que Yael Falc\u00f3n P\u00e9rez pitara el final del partido que cerr\u00f3 la fecha 9 de la Copa de la Liga, <strong>los hinchas de Boca explotaron. <\/strong>Muchas sonrisas se iluminaron en la tribuna de la Bombonera. Claro, <strong>el Xeneize no ganaba por el certamen local desde la fecha 5,<\/strong> cuando gole\u00f3 3-0 a Central C\u00f3rdoba en Santiago del Estero. Le urg\u00eda un triunfo a los de Jorge Almir\u00f3n en este campeonato, <strong>m\u00e1s all\u00e1 de que los ojos de los fan\u00e1ticos y del plantel est\u00e1n puestos en el 4 de noviembre. <\/strong><\/p>\n<\/div>\n<div readability=\"20\">\n<p>Pero, evidentemente, esas sonrisas, como se mencion\u00f3 reci\u00e9n,<strong> tambi\u00e9n aparec\u00eda la ilusi\u00f3n por la S\u00e9ptima. <\/strong>Porque, despu\u00e9s de que los jugadores le agradecieran al p\u00fablico, la cancha de Boca estall\u00f3.<strong> \u00abEn R\u00edo de Janeiro vamos a ganar, en R\u00edo de Janeiro vamos a ganar. Y la vuelta, y la vuelta queremos dar&#8230;\u00bb, <\/strong>core\u00f3 toda la Bombonera, desde los m\u00e1s grandes hasta los m\u00e1s chicos. <\/p>\n<\/div>\n<div readability=\"13\">\n<p>Una mezcla de sensaciones para los hinchas de Boca, pero el estado de \u00e1nimo, en ese c\u00famulo, al menos en la noche de este viernes, fue el mismo: la felicidad.<strong> Y restan solo dos semanas para la gran final&#8230;<\/strong><\/p>\n<\/div>\n","protected":false},"excerpt":{"rendered":"<p>\u00abEn R\u00edo de Janeiro vamos a ganar, en R\u00edo de Janeiro vamos a ganar&#8230;\u00bb. Explot\u00f3 la Bombonera despu\u00e9s del triunfo de Boca 2-1 ante Uni\u00f3n. \u00bfEl pedido? A 15 d\u00edas de la final ante Fluminense, no pod\u00eda ser otro: la Copa Libertadores. Luego de que Yael Falc\u00f3n P\u00e9rez pitara el final del partido que cerr\u00f3 [&hellip;]<\/p>\n","protected":false},"author":1,"featured_media":68440,"comment_status":"open","ping_status":"closed","sticky":false,"template":"","format":"standard","meta":[],"categories":[16],"tags":[],"_links":{"self":[{"href":"http:\/\/hoycordobaweb.com\/index.php\/wp-json\/wp\/v2\/posts\/68439"}],"collection":[{"href":"http:\/\/hoycordobaweb.com\/index.php\/wp-json\/wp\/v2\/posts"}],"about":[{"href":"http:\/\/hoycordobaweb.com\/index.php\/wp-json\/wp\/v2\/types\/post"}],"author":[{"embeddable":true,"href":"http:\/\/hoycordobaweb.com\/index.php\/wp-json\/wp\/v2\/users\/1"}],"replies":[{"embeddable":true,"href":"http:\/\/hoycordobaweb.com\/index.php\/wp-json\/wp\/v2\/comments?post=68439"}],"version-history":[{"count":0,"href":"http:\/\/hoycordobaweb.com\/index.php\/wp-json\/wp\/v2\/posts\/68439\/revisions"}],"wp:featuredmedia":[{"embeddable":true,"href":"http:\/\/hoycordobaweb.com\/index.php\/wp-json\/wp\/v2\/media\/68440"}],"wp:attachment":[{"href":"http:\/\/hoycordobaweb.com\/index.php\/wp-json\/wp\/v2\/media?parent=68439"}],"wp:term":[{"taxonomy":"category","embeddable":true,"href":"http:\/\/hoycordobaweb.com\/index.php\/wp-json\/wp\/v2\/categories?post=68439"},{"taxonomy":"post_tag","embeddable":true,"href":"http:\/\/hoycordobaweb.com\/index.php\/wp-json\/wp\/v2\/tags?post=68439"}],"curies":[{"name":"wp","href":"https:\/\/api.w.org\/{rel}","templated":true}]}}