{"id":68385,"date":"2023-10-20T02:26:08","date_gmt":"2023-10-20T02:26:08","guid":{"rendered":"https:\/\/www.ole.com.ar\/ecuador\/liga-pro\/liga-quito-invitado-especial-enrique-vera-rambert-uruguay-copa-sudamericana-fortaleza-final_0_mBfCntdXe1.html"},"modified":"2023-10-20T02:26:08","modified_gmt":"2023-10-20T02:26:08","slug":"la-leyenda-de-ldu-que-acompanara-al-equipo-en-la-final-de-la-sudamericana","status":"publish","type":"post","link":"http:\/\/hoycordobaweb.com\/index.php\/2023\/10\/20\/la-leyenda-de-ldu-que-acompanara-al-equipo-en-la-final-de-la-sudamericana\/","title":{"rendered":"La leyenda de LDU que acompa\u00f1ar\u00e1 al equipo en la final de la Sudamericana"},"content":{"rendered":"<p><img src=\"http:\/\/hoycordobaweb.com\/wp-content\/uploads\/2023\/10\/la-leyenda-de-ldu-que-acompanara-al-equipo-en-la-final-de-la-sudamericana.jpg\"><\/p>\n<p><time class=\"createDate\" datetime=\"2023-10-19T23:26:008-03:00\">19\/10\/2023 23:26hs.<\/time><time class=\"modificatedDate\" datetime=\"2023-10-19T23:26:008-03:00\"><\/time><\/p>\n<div id=\"storyBody\">\n<div class=\"custom-text \" readability=\"33.31887755102\">\n<p>El popular refr\u00e1n \u201cm\u00e1s sabe el diablo por viejo que por diablo\u201d intenta reflejar que la experiencia adquirida con el tiempo muchas veces es m\u00e1s valiosa que la astucia o habilidad innata. Y en otra final continental, la novena en su historia, <a href=\"https:\/\/www.ole.com.ar\/tema\/liga-de-quito.html\" title=\"liga de quito\" alt=\"liga de quito\" class=\"slug\">Liga de Quito<\/a> buscar\u00e1 tirarle todo su repertorio encima a <a href=\"https:\/\/www.ole.com.ar\/tema\/fortaleza.html\" title=\"Fortaleza\" alt=\"Fortaleza\" class=\"slug\">Fortaleza<\/a> en lo que promete ser una definici\u00f3n muy pareja por la <a href=\"https:\/\/www.ole.com.ar\/tema\/copa-sudamericana.html\" title=\"Copa Sudamericana\" alt=\"Copa Sudamericana\" class=\"slug\">Copa Sudamericana<\/a>.<\/p>\n<\/div>\n<div class=\"custom-text \" readability=\"38\">\n<p>Dicho encuentro decisivo se llevar\u00e1 a cabo<strong> el pr\u00f3ximo s\u00e1bado 28 de octubre y en el Estadio Domingo Burgue\u00f1o Miguel de Maldonado, Uruguay<\/strong>. Y como el Albo no podr\u00e1 trasladar las cuatro copas internacionales que ostenta en su galardonada vitrina, en parte estar\u00e1n representadas por jugadores emblem\u00e1ticos que ayudaron a construir los hitos, <strong>como Enrique Vera. <\/strong><\/p>\n<\/div>\n<div class=\"custom-text \" readability=\"37\">\n<p>El paraguayo es un emblema para LDU y los hinchas se lo reconocen cada vez que pueden. Y de cara al cotejo en Punta del Este, la instituci\u00f3n capitalina se encarg\u00f3 de confirmar su presencia: <strong>\u00abUn encuentro con una Leyenda alba en Paraguay. Ser\u00e1 uno de los invitados de lujo de la delegaci\u00f3n alba a la final de la Sudamericana\u00bb<\/strong>, publicaron en sus canales oficiales.<\/p>\n<\/div>\n<div class=\"custom-embedhtml\" readability=\"6.0161870503597\">\n<blockquote class=\"twitter-tweet\" readability=\"6.4172661870504\">\n<p lang=\"es\" dir=\"ltr\">Un encuentro con una Leyenda alba en Paraguay \ud83c\uddf5\ud83c\uddfe. Ser\u00e1 uno de los invitados de lujo de la delegaci\u00f3n alba a la final de la <a href=\"https:\/\/twitter.com\/Sudamericana?ref_src=twsrc%5Etfw\">@Sudamericana<\/a> \ud83e\udd29.<\/p>\n<p>\u00bfQu\u00e9 es lo que m\u00e1s recuerdas del gran Enrique Vera? <a href=\"https:\/\/t.co\/jqbITBfY7g\">pic.twitter.com\/jqbITBfY7g<\/a><\/p>\n<p>\u2014 LDU Oficial (@LDU_Oficial) <a href=\"https:\/\/twitter.com\/LDU_Oficial\/status\/1715173870221529596?ref_src=twsrc%5Etfw\">October 20, 2023<\/a><\/p><\/blockquote><\/div>\n<div class=\"custom-text \" readability=\"42\">\n<p>Nacido en Asunci\u00f3n en marzo de 1979, Rambert, como lo apodaron por su garra y entrega caracter\u00edstica en cada juego (adem\u00e1s del parecido f\u00edsico con Sebasti\u00e1n Rambert), visti\u00f3 diversas camisetas en Ecuador, pero ninguna con la semblanza de Liga. Tras pasos por Aucas, Universidad Cat\u00f3lica y Olmedo, en 2006 el albirrojo pasaba al cuadro universitario y comenzar\u00eda una historia de amor, <strong>que dej\u00f3 un saldo de diez goles y nueve asistencias en 158 cotejos disputados.<\/strong><\/p>\n<\/div>\n<div class=\"sc-e7b891c4-0 jPbnQF\"><img alt=\"Enrique Vera, emblema de Liga de Quito.\" src=\"http:\/\/hoycordobaweb.com\/wp-content\/uploads\/2023\/10\/la-leyenda-de-ldu-que-acompanara-al-equipo-en-la-final-de-la-sudamericana-2.jpg\" width=\"720\" height=\"100\" decoding=\"async\" data-nimg=\"future\" loading=\"lazy\"><span class=\"epigraphe\">Enrique Vera, emblema de Liga de Quito.<\/span><\/div>\n<div class=\"custom-text \" readability=\"40\">\n<p>Campe\u00f3n del f\u00fatbol ecuatoriano en 2007, qued\u00f3 en lo m\u00e1s alto entre los laureados de Liga al conquistar <strong>la Copa Libertadores del 2008, la Recopa 2009 y la Sudamericana 2009<\/strong>. Era una pieza clave del sensacional elenco que comandaba Edgardo Bauza. Si hasta en la \u00e9lite espa\u00f1ola lo padecieron, cuando Vera le marc\u00f3 dos goles -ambos de cabeza- al Real Madrid, en el estreno de Cristiano Ronaldo y por la Copa de la Paz del 2009, en el m\u00edtico Santiago Bernab\u00e9u. <\/p>\n<\/div>\n<div class=\"custom-text \" readability=\"36\">\n<p>Tal fue su desempe\u00f1o con la casaca blanca que Gerardo Martino lo disfrut\u00f3 en un nivel alt\u00edsimo en la selecci\u00f3n paraguaya que sorprendi\u00f3 a propios y extra\u00f1os en el Mundial de Sud\u00e1frica 2010. El mediocampista defendi\u00f3 los colores de su pa\u00eds en 51 ocasiones y cinco de ellas fueron por la cita mundialista, con golazo incluido a Eslovaquia. <\/p>\n<\/div>\n<div class=\"sc-e7b891c4-0 jPbnQF\"><img alt=\"Vera y uno de sus recordados goles en Liga.\" src=\"http:\/\/hoycordobaweb.com\/wp-content\/uploads\/2023\/10\/la-leyenda-de-ldu-que-acompanara-al-equipo-en-la-final-de-la-sudamericana-3.jpg\" width=\"720\" height=\"100\" decoding=\"async\" data-nimg=\"future\" loading=\"lazy\"><span class=\"epigraphe\">Vera y uno de sus recordados goles en Liga.<\/span><\/div>\n<div class=\"custom-text \" readability=\"39\">\n<p>Todav\u00eda con su pelo largo y esa desfachatez que lo hac\u00eda brillar en el campo de juego, Rambert Vera se reuni\u00f3 con Esteban Paz y los directivos de Liga de Quito que se presentaron en Paraguay, en una reuni\u00f3n amistosa que organiz\u00f3 la Conmebol previo a la gran final. Inmediatamente, todo fan\u00e1tico albo comenz\u00f3 a preguntarse: \u00bfcon el Rey de Copas con nosotros, qui\u00e9n contra m\u00ed? <\/p>\n<\/div>\n<div class=\"sc-e7b891c4-0 jPbnQF\"><img alt=\"LDU Campe\u00f3n Libertadores 2008. \" src=\"http:\/\/hoycordobaweb.com\/wp-content\/uploads\/2023\/10\/la-leyenda-de-ldu-que-acompanara-al-equipo-en-la-final-de-la-sudamericana-4.jpg\" width=\"720\" height=\"100\" decoding=\"async\" data-nimg=\"future\" loading=\"lazy\"><span class=\"epigraphe\">LDU Campe\u00f3n Libertadores 2008. <\/span><\/div>\n<p><h2>La reuni\u00f3n en Paraguay entre Liga de Quito y Fortaleza<\/h2>\n<\/p>\n<div class=\"custom-text \" readability=\"38\">\n<p>Cada vez falta menos para el gran desaf\u00edo de la final de la Copa Sudamericana 2023, donde Liga de Quito enfrentar\u00e1 a Fortaleza de Brasil en el Estadio Domingo Burgue\u00f1o Miguel de Maldonado el 28 de octubre. Y para ultimar detalles del convocante compromiso, <strong>Conmebol llev\u00f3 a cabo una reuni\u00f3n, en la que estuvo presente Esteban Paz representando al Albo.<\/strong><\/p>\n<\/div>\n<div class=\"sc-e7b891c4-0 jPbnQF\"><img alt=\"LDU y Fortaleza firmaron un acuerdo contra el racismo y la violencia. (Conmebol)\" src=\"http:\/\/hoycordobaweb.com\/wp-content\/uploads\/2023\/10\/la-leyenda-de-ldu-que-acompanara-al-equipo-en-la-final-de-la-sudamericana-5.jpg\" width=\"720\" height=\"100\" decoding=\"async\" data-nimg=\"future\" loading=\"lazy\"><span class=\"epigraphe\">LDU y Fortaleza firmaron un acuerdo contra el racismo y la violencia. (Conmebol)<\/span><\/div>\n<div class=\"custom-text \" readability=\"39\">\n<p>Con Alejandro Dom\u00ednguez a la cabeza, representantes de ambos equipos, Brasil y Ecuador se reunieron en Luque este jueves. All\u00ed estuvo tambi\u00e9n Santiago Apunte Franco, embajador de Ecuador. Dicho encuentro <strong>se realiz\u00f3 con el fin de consensuar cuestiones vinculadas al \u00e1mbito operativo, log\u00edstico y de seguridad de cara a la final.<\/strong><\/p>\n<\/div>\n<div class=\"custom-text \" readability=\"36\">\n<p>Esteban Paz brind\u00f3 unas palabras de admiraci\u00f3n hacia la organizaci\u00f3n de la entidad de f\u00fatbol sudamericana. Y, adem\u00e1s, autoridades de ambas instituciones se comprometieron firmando un acuerdo contra el racismo y la violencia en el deporte. <\/p>\n<\/div>\n<div class=\"sc-a7166897-0 exHLBh\" readability=\"6.5\">\n<section readability=\"3\"><picture><img alt=\"Vojvoda y el deseo de Fortaleza por postergar su compromiso previo a la final de la Sudamericana\" src=\"http:\/\/hoycordobaweb.com\/wp-content\/uploads\/2023\/10\/la-leyenda-de-ldu-que-acompanara-al-equipo-en-la-final-de-la-sudamericana-6.jpg\" width=\"290\" height=\"290\" decoding=\"async\" data-nimg=\"future\" loading=\"lazy\"><\/picture>\n<p><span>Mir\u00e1 tambi\u00e9n<\/span><\/p>\n<hr>\n<h3>Vojvoda y el deseo de Fortaleza por postergar su compromiso previo a la final de la Sudamericana<\/h3>\n<\/p>\n<\/section>\n<\/div>\n<div class=\"sc-a7166897-0 exHLBh\" readability=\"6.5\">\n<section readability=\"3\"><picture><img alt=\"Fortaleza y Liga de Quito, contra el racismo y la violencia\" src=\"http:\/\/hoycordobaweb.com\/wp-content\/uploads\/2023\/10\/la-leyenda-de-ldu-que-acompanara-al-equipo-en-la-final-de-la-sudamericana-7.jpg\" width=\"290\" height=\"290\" decoding=\"async\" data-nimg=\"future\" loading=\"lazy\"><\/picture>\n<p><span>Mir\u00e1 tambi\u00e9n<\/span><\/p>\n<hr>\n<h3>Fortaleza y Liga de Quito, contra el racismo y la violencia<\/h3>\n<\/p>\n<\/section>\n<\/div>\n<div class=\"sc-a7166897-0 exHLBh\" readability=\"6\">\n<section readability=\"2\"><picture><img alt=\"Liga mira de reojo: Fortaleza no tuvo aniversario feliz y perdi\u00f3 en R\u00edo\" src=\"http:\/\/hoycordobaweb.com\/wp-content\/uploads\/2023\/10\/la-leyenda-de-ldu-que-acompanara-al-equipo-en-la-final-de-la-sudamericana-8.jpg\" width=\"290\" height=\"290\" decoding=\"async\" data-nimg=\"future\" loading=\"lazy\"><\/picture>\n<p><span>Mir\u00e1 tambi\u00e9n<\/span><\/p>\n<hr>\n<h3>Liga mira de reojo: Fortaleza no tuvo aniversario feliz y perdi\u00f3 en R\u00edo<\/h3>\n<\/p>\n<\/section>\n<\/div>\n<div class=\"sc-a7166897-0 exHLBh\" readability=\"6.5\">\n<section readability=\"3\"><picture><img alt=\"Sin Kendry P\u00e1ez, los convocados de La Tri Sub 17 al Mundial\" src=\"http:\/\/hoycordobaweb.com\/wp-content\/uploads\/2023\/10\/la-leyenda-de-ldu-que-acompanara-al-equipo-en-la-final-de-la-sudamericana-9.jpg\" width=\"290\" height=\"290\" decoding=\"async\" data-nimg=\"future\" loading=\"lazy\"><\/picture>\n<p><span>Mir\u00e1 tambi\u00e9n<\/span><\/p>\n<hr>\n<h3>Sin Kendry P\u00e1ez, los convocados de La Tri Sub 17 al Mundial<\/h3>\n<\/p>\n<\/section>\n<\/div>\n<div class=\"sc-a7166897-0 exHLBh\" readability=\"6\">\n<section readability=\"2\"><picture><img alt=\"Susto en Independiente del Valle: \u00bfqu\u00e9 pas\u00f3 con Mois\u00e9s Ram\u00edrez?\" src=\"http:\/\/hoycordobaweb.com\/wp-content\/uploads\/2023\/10\/la-leyenda-de-ldu-que-acompanara-al-equipo-en-la-final-de-la-sudamericana-10.jpg\" width=\"290\" height=\"290\" decoding=\"async\" data-nimg=\"future\" loading=\"lazy\"><\/picture>\n<p><span>Mir\u00e1 tambi\u00e9n<\/span><\/p>\n<hr>\n<h3>Susto en Independiente del Valle: \u00bfqu\u00e9 pas\u00f3 con Mois\u00e9s Ram\u00edrez?<\/h3>\n<\/p>\n<\/section>\n<\/div>\n<\/div>\n","protected":false},"excerpt":{"rendered":"<p>19\/10\/2023 23:26hs. El popular refr\u00e1n \u201cm\u00e1s sabe el diablo por viejo que por diablo\u201d intenta reflejar que la experiencia adquirida con el tiempo muchas veces es m\u00e1s valiosa que la astucia o habilidad innata. Y en otra final continental, la novena en su historia, Liga de Quito buscar\u00e1 tirarle todo su repertorio encima a Fortaleza [&hellip;]<\/p>\n","protected":false},"author":1,"featured_media":68386,"comment_status":"open","ping_status":"closed","sticky":false,"template":"","format":"standard","meta":[],"categories":[16],"tags":[],"_links":{"self":[{"href":"http:\/\/hoycordobaweb.com\/index.php\/wp-json\/wp\/v2\/posts\/68385"}],"collection":[{"href":"http:\/\/hoycordobaweb.com\/index.php\/wp-json\/wp\/v2\/posts"}],"about":[{"href":"http:\/\/hoycordobaweb.com\/index.php\/wp-json\/wp\/v2\/types\/post"}],"author":[{"embeddable":true,"href":"http:\/\/hoycordobaweb.com\/index.php\/wp-json\/wp\/v2\/users\/1"}],"replies":[{"embeddable":true,"href":"http:\/\/hoycordobaweb.com\/index.php\/wp-json\/wp\/v2\/comments?post=68385"}],"version-history":[{"count":0,"href":"http:\/\/hoycordobaweb.com\/index.php\/wp-json\/wp\/v2\/posts\/68385\/revisions"}],"wp:featuredmedia":[{"embeddable":true,"href":"http:\/\/hoycordobaweb.com\/index.php\/wp-json\/wp\/v2\/media\/68386"}],"wp:attachment":[{"href":"http:\/\/hoycordobaweb.com\/index.php\/wp-json\/wp\/v2\/media?parent=68385"}],"wp:term":[{"taxonomy":"category","embeddable":true,"href":"http:\/\/hoycordobaweb.com\/index.php\/wp-json\/wp\/v2\/categories?post=68385"},{"taxonomy":"post_tag","embeddable":true,"href":"http:\/\/hoycordobaweb.com\/index.php\/wp-json\/wp\/v2\/tags?post=68385"}],"curies":[{"name":"wp","href":"https:\/\/api.w.org\/{rel}","templated":true}]}}