{"id":68379,"date":"2023-10-19T11:41:51","date_gmt":"2023-10-19T11:41:51","guid":{"rendered":"https:\/\/ladecimaweb.com\/?p=20984"},"modified":"2023-10-19T11:41:51","modified_gmt":"2023-10-19T11:41:51","slug":"secuestran-tres-vehiculos-en-barrio-congreso","status":"publish","type":"post","link":"http:\/\/hoycordobaweb.com\/index.php\/2023\/10\/19\/secuestran-tres-vehiculos-en-barrio-congreso\/","title":{"rendered":"Secuestran tres veh\u00edculos en barrio Congreso"},"content":{"rendered":"<div class=\"boldgrid-section\">\n<div class=\"container\">\n<div class=\"row\">\n<div class=\"col-md-12 col-xs-12 col-sm-12\">\n<p class=\"\">En un domicilio ubicado en calles La Cautiva y Villa Dolores de B\u00b0 Congreso, luego de un operativo con seguimiento satelital, personal policial aprehendi\u00f3 a un hombre de 37 a\u00f1os, como as\u00ed tambi\u00e9n consigui\u00f3 recuperar un autom\u00f3vil VW Gol que habr\u00eda sido sustra\u00eddo recientemente en B\u00ba Ciudad Universitaria.<\/p>\n<p class=\"\"><img loading=\"lazy\" class=\"alignnone wp-image-20986\" src=\"http:\/\/hoycordobaweb.com\/wp-content\/uploads\/2023\/10\/secuestran-tres-vehiculos-en-barrio-congreso.jpg\" alt=\"\" width=\"424\" height=\"233\" srcset=\"http:\/\/hoycordobaweb.com\/wp-content\/uploads\/2023\/10\/secuestran-tres-vehiculos-en-barrio-congreso.jpg 1599w, http:\/\/hoycordobaweb.com\/wp-content\/uploads\/2023\/10\/secuestran-tres-vehiculos-en-barrio-congreso-1.jpg 800w, http:\/\/hoycordobaweb.com\/wp-content\/uploads\/2023\/10\/secuestran-tres-vehiculos-en-barrio-congreso-2.jpg 768w, http:\/\/hoycordobaweb.com\/wp-content\/uploads\/2023\/10\/secuestran-tres-vehiculos-en-barrio-congreso-3.jpg 1536w\" sizes=\"(max-width: 424px) 100vw, 424px\" \/><\/p>\n<p class=\"\">Asimismo, en el mismo lugar se procedi\u00f3 al secuestro de 3 ruedas completas, 4 Notebooks, 1 corta pernos, herramientas y otros dos veh\u00edculos: Un Fiat Spazio y un Chevrolet Onix, el primero con adulteraci\u00f3n en la numeraci\u00f3n de chasis y el segundo con pedido solicitado por una unidad judicial de esta ciudad.<\/p>\n<p class=\"\">De inmediato, el aprehendido y los rodados incautados fueron puestos a disposici\u00f3n del magistrado interviniente.<\/p>\n<p>&nbsp;<\/p>\n<p class=\"\">\n<div class=\"ubm_banner\"><a href=\"http:\/\/www.cba.gov.ar\/prevencion-incendios\" target=\"_blank\" rel=\"dofollow noopener noreferrer\"><img src=\"http:\/\/hoycordobaweb.com\/wp-content\/uploads\/2023\/10\/secuestran-tres-vehiculos-en-barrio-congreso.gif\" alt=\"\"><\/a><\/div>\n<\/div>\n<\/div>\n<\/div>\n<\/div>\n<p>La entrada <a rel=\"nofollow\" href=\"https:\/\/ladecimaweb.com\/secuestran-tres-vehiculos-en-barrio-congreso\/\">Secuestran tres veh\u00edculos en barrio Congreso<\/a> se public\u00f3 primero en <a rel=\"nofollow\" href=\"https:\/\/ladecimaweb.com\">LaDecima<\/a>.<\/p>\n","protected":false},"excerpt":{"rendered":"<p>En un domicilio ubicado en calles La Cautiva y Villa Dolores de B\u00b0 Congreso, luego de un operativo con seguimiento satelital, personal policial aprehendi\u00f3 a un hombre de 37 a\u00f1os, como as\u00ed tambi\u00e9n consigui\u00f3 recuperar un autom\u00f3vil VW Gol que habr\u00eda sido sustra\u00eddo recientemente en B\u00ba Ciudad Universitaria. Asimismo, en el mismo lugar se procedi\u00f3 [&hellip;]<\/p>\n","protected":false},"author":1,"featured_media":68380,"comment_status":"closed","ping_status":"closed","sticky":false,"template":"","format":"standard","meta":[],"categories":[19],"tags":[],"_links":{"self":[{"href":"http:\/\/hoycordobaweb.com\/index.php\/wp-json\/wp\/v2\/posts\/68379"}],"collection":[{"href":"http:\/\/hoycordobaweb.com\/index.php\/wp-json\/wp\/v2\/posts"}],"about":[{"href":"http:\/\/hoycordobaweb.com\/index.php\/wp-json\/wp\/v2\/types\/post"}],"author":[{"embeddable":true,"href":"http:\/\/hoycordobaweb.com\/index.php\/wp-json\/wp\/v2\/users\/1"}],"replies":[{"embeddable":true,"href":"http:\/\/hoycordobaweb.com\/index.php\/wp-json\/wp\/v2\/comments?post=68379"}],"version-history":[{"count":0,"href":"http:\/\/hoycordobaweb.com\/index.php\/wp-json\/wp\/v2\/posts\/68379\/revisions"}],"wp:featuredmedia":[{"embeddable":true,"href":"http:\/\/hoycordobaweb.com\/index.php\/wp-json\/wp\/v2\/media\/68380"}],"wp:attachment":[{"href":"http:\/\/hoycordobaweb.com\/index.php\/wp-json\/wp\/v2\/media?parent=68379"}],"wp:term":[{"taxonomy":"category","embeddable":true,"href":"http:\/\/hoycordobaweb.com\/index.php\/wp-json\/wp\/v2\/categories?post=68379"},{"taxonomy":"post_tag","embeddable":true,"href":"http:\/\/hoycordobaweb.com\/index.php\/wp-json\/wp\/v2\/tags?post=68379"}],"curies":[{"name":"wp","href":"https:\/\/api.w.org\/{rel}","templated":true}]}}