{"id":68375,"date":"2023-10-20T01:14:00","date_gmt":"2023-10-20T01:14:00","guid":{"rendered":"http:\/\/hoycordobaweb.com\/index.php\/2023\/10\/20\/el-parlamento-europeo-entrego-un-premio-a-mahsa-amini-y-a-la-lucha-de-las-mujeres-iranies\/"},"modified":"2023-10-20T01:14:00","modified_gmt":"2023-10-20T01:14:00","slug":"el-parlamento-europeo-entrego-un-premio-a-mahsa-amini-y-a-la-lucha-de-las-mujeres-iranies","status":"publish","type":"post","link":"http:\/\/hoycordobaweb.com\/index.php\/2023\/10\/20\/el-parlamento-europeo-entrego-un-premio-a-mahsa-amini-y-a-la-lucha-de-las-mujeres-iranies\/","title":{"rendered":"El Parlamento Europeo entreg\u00f3 un premio a Mahsa Amini y a la lucha de las mujeres iran\u00edes"},"content":{"rendered":"<p><img src=\"http:\/\/hoycordobaweb.com\/wp-content\/uploads\/2023\/10\/el-parlamento-europeo-entrego-un-premio-a-mahsa-amini-y-a-la-lucha-de-las-mujeres-iranies.jpg\"><\/p>\n<figure class=\"mb-3\"><img loading=\"lazy\" data-src=\"http:\/\/hoycordobaweb.com\/wp-content\/uploads\/2023\/10\/el-parlamento-europeo-entrego-un-premio-a-mahsa-amini-y-a-la-lucha-de-las-mujeres-iranies-2.jpg\" src=\"https:\/\/www.telam.com.ar\/assets\/img\/not_image.png\" class=\" lazy \" width=\"100%\" height=\"100%\" alt=\"Telam SE\"><figcaption><\/figcaption><\/figure>\n<p>La joven kurda Mahsa Amini, que muri\u00f3 hace m\u00e1s de un a\u00f1o tras ser detenida por presuntamente llevar mal puesto el velo, y el movimiento Mujer, Vida y Libertad fueron galardonados este jueves con el premio Sajarov 2023 del Parlamento Europeo, que destac\u00f3 as\u00ed la lucha de las mujeres por sus derechos en Ir\u00e1n.<\/p>\n<p><strong>El premio, que se concede cada a\u00f1o para reconocer la defensa de los derechos humanos, destaca la figura de Amini<\/strong>, que <strong>muri\u00f3 en septiembre del a\u00f1o pasado mientras estaba detenida por la Polic\u00eda de la Moral iran\u00ed<\/strong> por supuestamente llevar mal puesto el velo.<\/p>\n<p>Esta candidatura part\u00eda como gran favorita tras ser apoyada por los tres principales bloques del Parlamento Europeo, el de los populares, los socialdem\u00f3cratas y los liberales.<\/p>\n<p>La presidenta del Parlamento Europeo, <strong>Roberta Metsola, dijo al formular el anuncio que la muerte de Amini propici\u00f3 \u00abun movimiento impulsado por mujeres que est\u00e1 haciendo historia\u00bb.<\/strong><\/p>\n<p>Metsola a\u00f1adi\u00f3 que el premio era un <strong>\u00abtributo a las mujeres, hombres y j\u00f3venes en Ir\u00e1n que, a pesar de estar bajo una creciente presi\u00f3n, encabezan el impulso por un cambio\u00bb,<\/strong> consign\u00f3 la agencia de noticias AFP.<\/p>\n<p>El anuncio se produjo apenas dos semanas despu\u00e9s de que la activista iran\u00ed Narges Mohammadi, de 51 a\u00f1os y actualmente encarcelada en su pa\u00eds, fuera galardonada con el premio Nobel de la Paz.<\/p>\n<blockquote class=\"twitter-tweet\" readability=\"6.1935483870968\">\n<p lang=\"es\" dir=\"ltr\">VIDEO | La iran\u00ed Mahsa Amini y el movimiento \u00abMujer, Vida y Libertad\u00bb, premio S\u00e1jarov del Parlamento Europeo. <a href=\"https:\/\/t.co\/ghDgbGi3pd\">pic.twitter.com\/ghDgbGi3pd<\/a><\/p>\n<p>\u2014 EFE Noticias (@EFEnoticias) <a href=\"https:\/\/twitter.com\/EFEnoticias\/status\/1715097418654531992?ref_src=twsrc%5Etfw\">October 19, 2023<\/a><\/p><\/blockquote>\n<p>El 16 de septiembre de 2022, d\u00eda de la muerte de esta joven kurda iran\u00ed, \u00abes una fecha que permanecer\u00e1 en la infamia\u00bb, dijo tambi\u00e9n Metsola.<\/p>\n<p>Amini fue arrestada el a\u00f1o pasado por la Polic\u00eda de la Moral de Ir\u00e1n, por supuestamente quebrar el c\u00f3digo de vestimenta, que impone a las mujeres cubrirse la cabeza con un velo y llevar ropa discreta.<\/p>\n<p><strong>La joven, de 22 a\u00f1os, muri\u00f3 tres d\u00edas m\u00e1s tarde cuando se encontraba bajo custodia policial.<\/strong><\/p>\n<p>Seg\u00fan las autoridades, Amini fue trasladada a un centro policial para una charla explicativa respecto al c\u00f3digo de vestimenta, donde sufri\u00f3 un paro card\u00edaco mientras estaba bajo custodia y, si bien fue llevada de inmediato a un hospital, falleci\u00f3 a los tres d\u00edas.<\/p>\n<p>Esta versi\u00f3n fue rechazada por ONGs humanitarias y por una parte importante de la sociedad que protagonizaron unas masivas protestas que dieron lugar al movimiento Mujer, Vida y Libertad, tambi\u00e9n galardonado con el premio Sajarov 2023.<\/p>\n<p>Ese movimiento se apoya en<strong> \u00abtres palabras que se convirtieron en una consigna de todos aquellos en favor de la igualdad, la dignidad, y la libertad en Ir\u00e1n\u00bb, agreg\u00f3 la presidenta de la Euroc\u00e1mara.<\/strong><\/p>\n<p>Las manifestaciones y protestas surgidas tras la muerte de Amini fueron severamente reprimidas y las autoridades endurecieron a\u00fan m\u00e1s los controles sobre las mujeres iran\u00edes, adem\u00e1s de recortar sus derechos y accesos a lugares como salones de belleza, peluquer\u00edas y parques p\u00fablicos.<\/p>\n<p><strong>Seg\u00fan la organizaci\u00f3n no gubernamental Iran Human Rights, con sede en Noruega, m\u00e1s de 550 personas murieron por la represi\u00f3n durante las marchas.<\/strong><\/p>\n<p>Por su parte, las autoridades iran\u00edes consideran que los disturbios fueron orquestados desde el extranjero y acusaron a los pa\u00edses occidentales de apoyar a los manifestantes, los cuales difundieron en los medios de comunicaci\u00f3n mensajes \u00absubversivos y antiiran\u00edes\u00bb y pidieron el derrocamiento del Gobierno de Ir\u00e1n.<\/p>\n<blockquote class=\"twitter-tweet\" readability=\"4.4398148148148\">\n<p lang=\"es\" dir=\"ltr\"><a href=\"https:\/\/twitter.com\/hashtag\/VideoNoticias?src=hash&amp;ref_src=twsrc%5Etfw\">#VideoNoticias<\/a><br \/>La Euroc\u00e1mara concede el premio S\u00e1jarov a la iran\u00ed Mahsa Amini, muerta en detenci\u00f3n<br \/>\ud83d\udcf9 AFP<a href=\"https:\/\/t.co\/pWLgckSqnQ\">https:\/\/t.co\/pWLgckSqnQ<\/a> <a href=\"https:\/\/t.co\/7ertbagOTZ\">pic.twitter.com\/7ertbagOTZ<\/a><\/p>\n<p>\u2014 La Raz\u00f3n Digital (@LaRazon_Bolivia) <a href=\"https:\/\/twitter.com\/LaRazon_Bolivia\/status\/1715147835749044658?ref_src=twsrc%5Etfw\">October 19, 2023<\/a><\/p><\/blockquote>\n<p>Este a\u00f1o, la lista de candidatos al premio Sajarov inclu\u00eda a dos activistas nicarag\u00fcenses, Vilma N\u00fa\u00f1ez y el obispo Rolando \u00c1lvarez.<\/p>\n<p>Tambi\u00e9n qued\u00f3 entre los finalistas un movimiento de mujeres en favor de un aborto seguro, gratuito y legal, y que inclu\u00eda a la salvadore\u00f1a Morena Herrera.<\/p>\n<p>En la fase inicial, eurolegisladores de extrema derecha propusieron para el premio al millonario Elon Musk, propietario de la red X (antes Twitter), plataforma investigada en la UE por diseminar desinformaci\u00f3n.<\/p>\n<p>Sin embargo, la candidatura de Musk qued\u00f3 eliminada en la primera ronda de an\u00e1lisis.<\/p>\n<p>El premio Sajarov a la Libertad de Conciencia se concede anualmente por el Parlamento Europeo y rinde homenaje al f\u00edsico nuclear y disidente sovi\u00e9tico Andrei Sajarov, premio Nobel de la Paz de 1975.<\/p>\n<p>El ganador del premio es decidido por voto en el llamado Colegio de Presidentes, que re\u00fane al titular del Parlamento Europeo y a los jefes de los bloques partidarios.<\/p>\n<p>El galard\u00f3n es acompa\u00f1ado por una recompensa de 50.000 euros y ser\u00e1 entregado el 13 de diciembre en una sesi\u00f3n plenaria en la ciudad francesa de Estrasburgo.<\/p>\n<p>El a\u00f1o pasado fue concedido al pueblo ucraniano para honrar \u00absu lucha y coraje\u00bb frente a la invasi\u00f3n rusa a gran escala iniciada en febrero de 2022.<\/p>\n<p>En 1992 fue para las Madres de Plaza de Mayo, que fue la primera organizaci\u00f3n que lo gan\u00f3. <\/p>\n","protected":false},"excerpt":{"rendered":"<p>La joven kurda Mahsa Amini, que muri\u00f3 hace m\u00e1s de un a\u00f1o tras ser detenida por presuntamente llevar mal puesto el velo, y el movimiento Mujer, Vida y Libertad fueron galardonados este jueves con el premio Sajarov 2023 del Parlamento Europeo, que destac\u00f3 as\u00ed la lucha de las mujeres por sus derechos en Ir\u00e1n. El [&hellip;]<\/p>\n","protected":false},"author":1,"featured_media":68376,"comment_status":"open","ping_status":"closed","sticky":false,"template":"","format":"standard","meta":[],"categories":[24],"tags":[],"_links":{"self":[{"href":"http:\/\/hoycordobaweb.com\/index.php\/wp-json\/wp\/v2\/posts\/68375"}],"collection":[{"href":"http:\/\/hoycordobaweb.com\/index.php\/wp-json\/wp\/v2\/posts"}],"about":[{"href":"http:\/\/hoycordobaweb.com\/index.php\/wp-json\/wp\/v2\/types\/post"}],"author":[{"embeddable":true,"href":"http:\/\/hoycordobaweb.com\/index.php\/wp-json\/wp\/v2\/users\/1"}],"replies":[{"embeddable":true,"href":"http:\/\/hoycordobaweb.com\/index.php\/wp-json\/wp\/v2\/comments?post=68375"}],"version-history":[{"count":0,"href":"http:\/\/hoycordobaweb.com\/index.php\/wp-json\/wp\/v2\/posts\/68375\/revisions"}],"wp:featuredmedia":[{"embeddable":true,"href":"http:\/\/hoycordobaweb.com\/index.php\/wp-json\/wp\/v2\/media\/68376"}],"wp:attachment":[{"href":"http:\/\/hoycordobaweb.com\/index.php\/wp-json\/wp\/v2\/media?parent=68375"}],"wp:term":[{"taxonomy":"category","embeddable":true,"href":"http:\/\/hoycordobaweb.com\/index.php\/wp-json\/wp\/v2\/categories?post=68375"},{"taxonomy":"post_tag","embeddable":true,"href":"http:\/\/hoycordobaweb.com\/index.php\/wp-json\/wp\/v2\/tags?post=68375"}],"curies":[{"name":"wp","href":"https:\/\/api.w.org\/{rel}","templated":true}]}}