{"id":68347,"date":"2023-10-18T12:27:18","date_gmt":"2023-10-18T12:27:18","guid":{"rendered":"https:\/\/www.mujerhoy.com\/moda\/no-te-pierdas\/meryl-streep-look-oviedo-conjunto-estampado-botines-negros-rejuvenece-20231018124627-nt.html"},"modified":"2023-10-18T12:27:18","modified_gmt":"2023-10-18T12:27:18","slug":"meryl-streep-arrasa-en-oviedo-con-su-baile-divertido-y-su-look-comodo-un-conjunto-estampado-en-rojo-y-botines-negros","status":"publish","type":"post","link":"http:\/\/hoycordobaweb.com\/index.php\/2023\/10\/18\/meryl-streep-arrasa-en-oviedo-con-su-baile-divertido-y-su-look-comodo-un-conjunto-estampado-en-rojo-y-botines-negros\/","title":{"rendered":"Meryl Streep arrasa en Oviedo con su baile divertido y su look c\u00f3modo: un conjunto estampado en rojo y botines negros"},"content":{"rendered":"<p><!-- AUTHOR --><\/p>\n<div class=\"voc-author-timesocial \"><!-- AUTHOR --><\/p>\n<div class=\"voc-author-timesocial__signature\"><!-- IMAGE AUTHOR --><picture class=\"voc-image-signature\"><img class=\"voc-image-signature__img\" src=\"http:\/\/hoycordobaweb.com\/wp-content\/uploads\/2023\/10\/meryl-streep-arrasa-en-oviedo-con-su-baile-divertido-y-su-look-comodo-un-conjunto-estampado-en-rojo-y-botines-negros.jpg\" alt=\"Raquel Rodr\u00edguez\"><\/picture><!-- INFO AUTHOR --><\/div>\n<\/div>\n<p><!-- COMPONENTS --><\/p>\n<p class=\"voc-paragraph\">La llegada de <strong>Meryl Streep <\/strong>a Espa\u00f1a no ha dejado a nadie indiferente. Su presencia en Oviedo <a data-voc-vtm-id=\"in-text-traffic\" href=\"https:\/\/www.mujerhoy.com\/celebrities\/meryl-streep-premios-princesa-asturias-avalancha-fans-poder-hollywood-letizia-20231017125004-nt.html\" title=\"www.mujerhoy.com\">est\u00e1 causando furor<\/a> y todo se debe a que ha sido elegida para recibir el <strong>Premio Princesa de Asturias de las Artes 2023<\/strong>. Y como ya esper\u00e1bamos, sus looks ya est\u00e1n eclipsando a la mism\u00edsima reina Letizia, quien siempre triunfa en esta cita.\n<\/p>\n<p class=\"voc-paragraph\">La actriz con m\u00e1s nominaciones a los Oscar &#8211;<br \/>\n<a data-voc-vtm-id=\"in-text-traffic\" href=\"https:\/\/www.mujerhoy.com\/celebrities\/meryl-streep-premios-princesa-asturias-letizia-tragedia-fea-hollywood-20231015085845-nt.html\" title=\"www.mujerhoy.com\">estas son las tragedias que marcaron su vida<\/a>&#8211; ha tenido su primer acto oficial en Oviedo con motivo de esta gala de premios y ha dejado claro que sabe c\u00f3mo acertar -estil\u00edsticamente hablando- all\u00e1 donde va. \u00a1Tenemos todos los<br \/>\n<strong> detalles de su look<\/strong>!\n<\/p>\n<p class=\"voc-paragraph\">Al son de las gaitas, Meryl Streep ha sido <strong>recibida esta ma\u00f1ana <\/strong>y de manera oficial esta ma\u00f1ana en el Reconquista con m\u00faltiples aplausos y ovaciones del p\u00fablico que all\u00ed se hab\u00eda acercado para verla. Muy sonriente y animada, la int\u00e9rprete salud\u00f3 a los presentes y se mostr\u00f3 feliz de estar en Espa\u00f1a y, en concreto, en Asturias.\n<\/p>\n<p class=\"voc-paragraph\">Tras ello, tuvo un encuentro en la F\u00e1brica de Armas de La Vega con profesorado y alumnado de 3\u00ba y 4\u00ba de la ESO, Bachillerato y Formaci\u00f3n Profesional. Y el look escogido para este acto es ya toda una inspiraci\u00f3n para aquellas que buscar<br \/>\n<strong> ir c\u00f3modas y elegantes<\/strong>.\n<\/p>\n<div class=\"voc-detail-photo-zoom\"><picture data-toggle=\"modal\" data-target=\"#photoZoomModal-517\" target=\"modal\">\n<div class=\"voc-img-icon-link\"><img loading=\"lazy\" data-original=\"\/\/static3.mujerhoy.com\/www\/multimedia\/202310\/18\/media\/cortadas\/meryl-streep-look-kVsC--460x637@MujerHoy.JPG\" class=\"lazy adsviu_analyse\" alt=\"Meryl Streep con un look con un conjunto estampado. \/ LIMITED PICTURES\"><noscript><img src=\"http:\/\/hoycordobaweb.com\/wp-content\/uploads\/2023\/10\/meryl-streep-arrasa-en-oviedo-con-su-baile-divertido-y-su-look-comodo-un-conjunto-estampado-en-rojo-y-botines-negros.webp\" alt=\"Meryl Streep con un look con un conjunto estampado. \/ LIMITED PICTURES\"><\/noscript><i class=\"voc-icons zoom voc-multimedia-box voc-ico-l\"><\/i><\/div><figcaption class=\"figure-caption\">Meryl Streep con un look con un conjunto estampado. \/ LIMITED PICTURES<\/figcaption><\/picture><\/div>\n<div id=\"photoZoomModal-517\" class=\"voc-lightbox modal fade voc-lightbox--photo-zoom\" role=\"dialog\" data-voc-photozoom-lightbox>\n<div class=\"voc-lightbox__dialog\" role=\"document\">\n<div class=\"voc-lightbox__content\"><!-- Modal header --><!-- Modal content --><\/p>\n<div class=\"voc-lightbox__photo-container\"><picture class><img loading=\"lazy\" data-original=\"\/\/static3.mujerhoy.com\/www\/multimedia\/202310\/18\/media\/cortadas\/meryl-streep-look-kVsC--460x637@MujerHoy.JPG\" alt=\"Meryl Streep con un look con un conjunto estampado. \/ LIMITED PICTURES\" class=\"lazy\"><noscript><img src=\"http:\/\/hoycordobaweb.com\/wp-content\/uploads\/2023\/10\/meryl-streep-arrasa-en-oviedo-con-su-baile-divertido-y-su-look-comodo-un-conjunto-estampado-en-rojo-y-botines-negros.webp\" alt=\"Meryl Streep con un look con un conjunto estampado. \/ LIMITED PICTURES\"><\/noscript><\/picture><\/div>\n<\/div>\n<\/div>\n<\/div>\n<p class=\"voc-paragraph\">La actriz opt\u00f3 por una propuesta de look confortable protagonizada por un conjunto de dos piezas estampado que nos parece ideal para el d\u00eda a d\u00eda y que se puede adaptar a cualquier estaci\u00f3n del a\u00f1o. Era un look formado por una<br \/>\n<strong> camisa oversize y unos pantalones <\/strong>que son la prueba de que ir c\u00f3moda no est\u00e1 re\u00f1ido con ir estilosa y favorecida.\n<\/p>\n<p class=\"voc-paragraph\">Meryl llevaba una camisa de manga corta, con cuello solapa y cierre de botones frontal que iba a conjunto con unos pantalones tobilleros y ligeramente estrechos. Y lo mejor de todo es que ambas piezas estaban protagonizadas por un llamativo<br \/>\n<strong> estampado floral en color rojo y negro<\/strong>.\n<\/p>\n<div class=\"voc-detail-photo-zoom\"><picture data-toggle=\"modal\" data-target=\"#photoZoomModal-590\" target=\"modal\">\n<div class=\"voc-img-icon-link\"><img loading=\"lazy\" data-original=\"\/\/static.mujerhoy.com\/www\/multimedia\/202310\/18\/media\/cortadas\/meryl-streep-premio-princesa-asturias-kVsC--460x637@MujerHoy.JPG\" class=\"lazy adsviu_analyse\" alt=\"Mery Streep con un look rejuvenecedor. \/ LIMITED PICTURES\"><noscript><img src=\"http:\/\/hoycordobaweb.com\/wp-content\/uploads\/2023\/10\/meryl-streep-arrasa-en-oviedo-con-su-baile-divertido-y-su-look-comodo-un-conjunto-estampado-en-rojo-y-botines-negros-1.webp\" alt=\"Mery Streep con un look rejuvenecedor. \/ LIMITED PICTURES\"><\/noscript><i class=\"voc-icons zoom voc-multimedia-box voc-ico-l\"><\/i><\/div><figcaption class=\"figure-caption\">Mery Streep con un look rejuvenecedor. \/ LIMITED PICTURES<\/figcaption><\/picture><\/div>\n<div id=\"photoZoomModal-590\" class=\"voc-lightbox modal fade voc-lightbox--photo-zoom\" role=\"dialog\" data-voc-photozoom-lightbox>\n<div class=\"voc-lightbox__dialog\" role=\"document\">\n<div class=\"voc-lightbox__content\"><!-- Modal header --><!-- Modal content --><\/p>\n<div class=\"voc-lightbox__photo-container\"><picture class><img loading=\"lazy\" data-original=\"\/\/static.mujerhoy.com\/www\/multimedia\/202310\/18\/media\/cortadas\/meryl-streep-premio-princesa-asturias-kVsC--460x637@MujerHoy.JPG\" alt=\"Mery Streep con un look rejuvenecedor. \/ LIMITED PICTURES\" class=\"lazy\"><noscript><img src=\"http:\/\/hoycordobaweb.com\/wp-content\/uploads\/2023\/10\/meryl-streep-arrasa-en-oviedo-con-su-baile-divertido-y-su-look-comodo-un-conjunto-estampado-en-rojo-y-botines-negros-1.webp\" alt=\"Mery Streep con un look rejuvenecedor. \/ LIMITED PICTURES\"><\/noscript><\/picture><\/div>\n<\/div>\n<\/div>\n<\/div>\n<p class=\"voc-paragraph\">Un look original de esos que buscan un <strong>efecto antiedad<\/strong> al instante y que confirman que la edad no es un l\u00edmite para vestir prendas llamativas y coloridas. Todo lo contrario. De hecho, la propia Meryl recurre mucho a este truco y su imagen se caracteriza por prendas ligeras que suelen tener este tip de estilo.\n<\/p>\n<p class=\"voc-paragraph\">Y, \u00bfc\u00f3mo lo combin\u00f3? Pues lejos de recurrir a un tac\u00f3n elegante o incluso una bailarina, la actriz prefiri\u00f3 apostar todo a la comodidad recurriendo a unos <strong>botines de color negro<\/strong>. Un modelo de punta triangular y con un tac\u00f3n bajo y ancho que completaban a la perfecci\u00f3n con su outfit.\n<\/p>\n<p class=\"voc-paragraph\">Adem\u00e1s, a las puertas del hotel en el que se aloja, la vimos acompa\u00f1ar este conjunto estampado con una <strong>chaqueta negra<\/strong> corta con la que se protegi\u00f3 del fr\u00edo que ya ha llegado al pa\u00eds. Unas gafas de ver y un semirecogido completaban este look que es una antesala de lo que veremos en la gala de premios.\n<\/p>\n<p><!-- TOPICS --><\/p>\n","protected":false},"excerpt":{"rendered":"<p>La llegada de Meryl Streep a Espa\u00f1a no ha dejado a nadie indiferente. Su presencia en Oviedo est\u00e1 causando furor y todo se debe a que ha sido elegida para recibir el Premio Princesa de Asturias de las Artes 2023. Y como ya esper\u00e1bamos, sus looks ya est\u00e1n eclipsando a la mism\u00edsima reina Letizia, quien [&hellip;]<\/p>\n","protected":false},"author":1,"featured_media":68348,"comment_status":"closed","ping_status":"closed","sticky":false,"template":"","format":"standard","meta":[],"categories":[1],"tags":[],"_links":{"self":[{"href":"http:\/\/hoycordobaweb.com\/index.php\/wp-json\/wp\/v2\/posts\/68347"}],"collection":[{"href":"http:\/\/hoycordobaweb.com\/index.php\/wp-json\/wp\/v2\/posts"}],"about":[{"href":"http:\/\/hoycordobaweb.com\/index.php\/wp-json\/wp\/v2\/types\/post"}],"author":[{"embeddable":true,"href":"http:\/\/hoycordobaweb.com\/index.php\/wp-json\/wp\/v2\/users\/1"}],"replies":[{"embeddable":true,"href":"http:\/\/hoycordobaweb.com\/index.php\/wp-json\/wp\/v2\/comments?post=68347"}],"version-history":[{"count":0,"href":"http:\/\/hoycordobaweb.com\/index.php\/wp-json\/wp\/v2\/posts\/68347\/revisions"}],"wp:featuredmedia":[{"embeddable":true,"href":"http:\/\/hoycordobaweb.com\/index.php\/wp-json\/wp\/v2\/media\/68348"}],"wp:attachment":[{"href":"http:\/\/hoycordobaweb.com\/index.php\/wp-json\/wp\/v2\/media?parent=68347"}],"wp:term":[{"taxonomy":"category","embeddable":true,"href":"http:\/\/hoycordobaweb.com\/index.php\/wp-json\/wp\/v2\/categories?post=68347"},{"taxonomy":"post_tag","embeddable":true,"href":"http:\/\/hoycordobaweb.com\/index.php\/wp-json\/wp\/v2\/tags?post=68347"}],"curies":[{"name":"wp","href":"https:\/\/api.w.org\/{rel}","templated":true}]}}