{"id":68337,"date":"2023-10-19T02:39:37","date_gmt":"2023-10-19T02:39:37","guid":{"rendered":"https:\/\/www.ole.com.ar\/ecuador\/internacional\/fortaleza-vasco-da-gama-rio-janeiro-brasileairao-vojvoda_0_TdCK3mjVWq.html"},"modified":"2023-10-19T02:39:37","modified_gmt":"2023-10-19T02:39:37","slug":"liga-mira-de-reojo-fortaleza-no-tuvo-aniversario-feliz-y-perdio-en-rio","status":"publish","type":"post","link":"http:\/\/hoycordobaweb.com\/index.php\/2023\/10\/19\/liga-mira-de-reojo-fortaleza-no-tuvo-aniversario-feliz-y-perdio-en-rio\/","title":{"rendered":"Liga mira de reojo: Fortaleza no tuvo aniversario feliz y perdi\u00f3 en R\u00edo"},"content":{"rendered":"<p><img src=\"http:\/\/hoycordobaweb.com\/wp-content\/uploads\/2023\/10\/liga-mira-de-reojo-fortaleza-no-tuvo-aniversario-feliz-y-perdio-en-rio.jpg\"><\/p>\n<p><time class=\"createDate\" datetime=\"2023-10-18T23:39:37-03:00\">18\/10\/2023 23:39hs.<\/time><time class=\"modificatedDate\" datetime=\"2023-10-18T23:39:36-03:00\"><\/time><\/p>\n<div id=\"storyBody\">\n<div class=\"custom-text \" readability=\"32.090909090909\">\n<p>En la previa fue fiesta pura. Miles de hinchas de Fortaleza se congregaron para <a href=\"https:\/\/www.ole.com.ar\/ecuador\/internacional\/club-fortaleza-camiseta-brasil-escudo-colores-francia-torre-eiffel_0_xOgPOc0sXP.html\" target=\"_blank\" title=\"celebrar el aniversario n\u00famero 105 de la instituci\u00f3n\" alt=\"celebrar el aniversario n\u00famero 105 de la instituci\u00f3n\" rel=\"noopener noreferrer\">celebrar el aniversario n\u00famero 105 de la instituci\u00f3n<\/a> y en especial el buen andar del equipo que conduce t\u00e9cnicamente Juan Pablo Vojvoda, pr\u00f3ximo rival de Liga de Quito en la final de la Copa Sudamericana a celebrarse en Uruguay. Sin embargo, <strong>su traves\u00eda a R\u00edo de Janeiro fue una pesadilla y perdi\u00f3 1-0 con Vasco da Gama.<\/strong><\/p>\n<\/div>\n<div class=\"custom-text \" readability=\"37\">\n<p>Por la jornada 27 del Brasileirao, el Tricolor de A\u00e7o llegaba confiado y tras seis encuentros invicto (no ca\u00edda desde el 3 de septiembre ante Fluminense), pero no aprovech\u00f3 el empuje de su gente para quedar en puestos de Copa Libertadores (por debajo de Flamengo por dos unidades y un cotejo m\u00e1s disputado). <\/p>\n<\/div>\n<div class=\"custom-text \" readability=\"39\">\n<p>Pese al ajustado calendario y la proximidad de la final internacional, Fortaleza no cuid\u00f3 hombres y se plant\u00f3 con mayor\u00eda de habituales titulares en el Est\u00e1dio S\u00e3o Janu\u00e1rio. Con Juan Lucero como referencia de \u00e1rea, la visita protagoniz\u00f3 cuatro remates directos a puerta y le gener\u00f3 m\u00e1s de un temblor a L\u00e9o Jardim. Sin embargo, el uno de los vascos estuvo firme, sac\u00f3 todo lo que le tiraron y del otro lado contaron con contundente Dimitri Payet. <\/p>\n<\/div>\n<div class=\"custom-embedhtml\" readability=\"7.1477272727273\">\n<blockquote class=\"twitter-tweet\" readability=\"8.4090909090909\">\n<p lang=\"es\" dir=\"ltr\">\ud83c\udde7\ud83c\uddf7\ud83d\udc40Atento, Liga: en Fortaleza ya festejan&#8230; \u00bfla obtenci\u00f3n de la Copa Sudamericana? \ud83c\udfc6 <\/p>\n<p>Nada de eso, sino el aniversario n\u00famero 105 de la instituci\u00f3n brasile\u00f1a \ud83e\udd73\ud83e\udd41<a href=\"https:\/\/t.co\/6VEja0WWrX\">pic.twitter.com\/6VEja0WWrX<\/a><\/p>\n<p>\u2014 Diario Ol\u00e9 Ecuador (@DiarioOleEc) <a href=\"https:\/\/twitter.com\/DiarioOleEc\/status\/1714776759026028788?ref_src=twsrc%5Etfw\">October 18, 2023<\/a><\/p><\/blockquote><\/div>\n<div class=\"sc-e7b891c4-0 jPbnQF\"><img alt=\"Vasco da Gama y una victoria clave ante Fortaleza.\" src=\"http:\/\/hoycordobaweb.com\/wp-content\/uploads\/2023\/10\/liga-mira-de-reojo-fortaleza-no-tuvo-aniversario-feliz-y-perdio-en-rio-2.jpg\" width=\"720\" height=\"100\" decoding=\"async\" data-nimg=\"future\" loading=\"lazy\"><span class=\"epigraphe\">Vasco da Gama y una victoria clave ante Fortaleza.<\/span><\/div>\n<div class=\"custom-text \" readability=\"38\">\n<p>S\u00ed, justo un franc\u00e9s le ahog\u00f3 la fiesta de aniversario al Tricolor do Pici, que horas atr\u00e1s hab\u00edan lanzado su nueva camiseta con los colores de Francia y la Torre Eiffel estampada. Los comandados por Ram\u00f3n D\u00edaz aprovecharon el golazo del galo a 30&#8242; del final para defenderse con la posesi\u00f3n y arremeter con contragolpes veloces y directos. Solamente por las oportunas intervenciones de los arqueros no hubo m\u00e1s festejos en R\u00edo y el Time da Virada alcanz\u00f3 al Santos en la lucha por salir de la zona roja, aunque el Peixe deber\u00e1 jugar este jueves ante Bragantino.<\/p>\n<\/div>\n<div class=\"sc-e7b891c4-0 jPbnQF\"><img alt=\"Vasco da Gama y una victoria clave ante Fortaleza.\" src=\"http:\/\/hoycordobaweb.com\/wp-content\/uploads\/2023\/10\/liga-mira-de-reojo-fortaleza-no-tuvo-aniversario-feliz-y-perdio-en-rio-3.jpg\" width=\"720\" height=\"100\" decoding=\"async\" data-nimg=\"future\" loading=\"lazy\"><span class=\"epigraphe\">Vasco da Gama y una victoria clave ante Fortaleza.<\/span><\/div>\n<p><h2>Los pr\u00f3ximos compromisos de Fortaleza<\/h2>\n<\/p>\n<div class=\"custom-text \" readability=\"39\">\n<p>Fortaleza tendr\u00e1 por delante un fren\u00e9tico cierre de mes. En un octubre en el que solamente ven\u00eda cosechando victorias (2-0 al Corinthians y 3-2 al Am\u00e9rica MG, anteriormente), el Tricolor de A\u00e7o tiene una agenda apretada por delante: <strong>el s\u00e1bado 21 ser\u00e1 visitante de un Bah\u00eda<\/strong> urgido de puntos por la permanencia. Apenas tres d\u00edas despu\u00e9s, <strong>el 24\/10, ser\u00e1 local del l\u00edder Botafogo<\/strong>.<\/p>\n<\/div>\n<div class=\"custom-text \" readability=\"36\">\n<p>Contra los cariocas, el elenco de Juan Pablo Vojvoda tendr\u00e1 la despedida ante su gente, dado que el encuentro con Cruzeiro se postergar\u00e1 para quedar directamente afectado a la final de la Copa Sudamericana:<strong> el s\u00e1bado 28 en Punta del Este y frente a Liga de Quito.<\/strong><\/p>\n<\/div>\n<p><h2>Sao Paulo perdi\u00f3 contra Goi\u00e1s sin ecuatorianos en cancha<\/h2>\n<\/p>\n<div class=\"custom-text \" readability=\"40\">\n<p>El Soberano sinti\u00f3 la ausencia de Robert Arboleda, James Rodr\u00edguez y sus jugadores internacionales por la fecha FIFA. Y encima, con Jhegson M\u00e9ndez en el banco y sin minutos de juego, <strong>volvi\u00f3 a cosechar otra derrota: 2-0 en Goiania frente al Goi\u00e1s<\/strong>. Los comandados por Dorival Silvestre J\u00fanior permanecen en la posici\u00f3n 11 y, por ahora, en puestos de Sudamericana; mientras que el Verde consigui\u00f3 puntos clave en b\u00fasqueda de la permanencia (sigue en zona de descenso). <\/p>\n<\/div>\n<p><h2>Enner Valencia no estuvo en la ca\u00edda del Internacional de Porto Alegre<\/h2>\n<\/p>\n<div class=\"custom-text \" readability=\"39\">\n<p>Tras ser titular en el 0-0 de Ecuador ante Colombia en Quito, Enner Valencia no estuvo en la nueva derrota del Colorado, esta vez 1-0 como visitante del Bah\u00eda. Gabriel Teixeira marc\u00f3 el \u00fanico tanto de un encuentro en el que Lucca fue expulsado en la visita y el Inter lament\u00f3 la derrota n\u00famero 11 en 27 compromisos, situaci\u00f3n que lo deja apenas dos puntos por encima del Vasco da Gama (30 unidades), el \u00faltimo en salvarse al momento. <\/p>\n<\/div>\n<div class=\"sc-a7166897-0 exHLBh\" readability=\"6.5\">\n<section readability=\"3\"><picture><img alt=\"La nueva camiseta de Fortaleza: por qu\u00e9 es inspirada en la Torre Eiffel y con los colores de Francia\" src=\"http:\/\/hoycordobaweb.com\/wp-content\/uploads\/2023\/10\/liga-mira-de-reojo-fortaleza-no-tuvo-aniversario-feliz-y-perdio-en-rio-4.jpg\" width=\"290\" height=\"290\" decoding=\"async\" data-nimg=\"future\" loading=\"lazy\"><\/picture>\n<p><span>Mir\u00e1 tambi\u00e9n<\/span><\/p>\n<hr>\n<h3>La nueva camiseta de Fortaleza: por qu\u00e9 es inspirada en la Torre Eiffel y con los colores de Francia<\/h3>\n<\/p>\n<\/section>\n<\/div>\n<div class=\"sc-a7166897-0 exHLBh\" readability=\"6.5\">\n<section readability=\"3\"><picture><img alt=\"\u00bfQu\u00e9 dijo Gustavo Alfaro del empate de La Tri y el penal atajado por Mois\u00e9s Ram\u00edrez?\" src=\"http:\/\/hoycordobaweb.com\/wp-content\/uploads\/2023\/10\/liga-mira-de-reojo-fortaleza-no-tuvo-aniversario-feliz-y-perdio-en-rio-5.jpg\" width=\"290\" height=\"290\" decoding=\"async\" data-nimg=\"future\" loading=\"lazy\"><\/picture>\n<p><span>Mir\u00e1 tambi\u00e9n<\/span><\/p>\n<hr>\n<h3>\u00bfQu\u00e9 dijo Gustavo Alfaro del empate de La Tri y el penal atajado por Mois\u00e9s Ram\u00edrez?<\/h3>\n<\/p>\n<\/section>\n<\/div>\n<div class=\"sc-a7166897-0 exHLBh\" readability=\"6.5\">\n<section readability=\"3\"><picture><img alt=\"De Antonio Valencia para los jugadores: &quot;Que las cr\u00edticas no los distraigan del objetivo&quot;\" src=\"http:\/\/hoycordobaweb.com\/wp-content\/uploads\/2023\/10\/liga-mira-de-reojo-fortaleza-no-tuvo-aniversario-feliz-y-perdio-en-rio-6.jpg\" width=\"290\" height=\"290\" decoding=\"async\" data-nimg=\"future\" loading=\"lazy\"><\/picture>\n<p><span>Mir\u00e1 tambi\u00e9n<\/span><\/p>\n<hr>\n<h3>De Antonio Valencia para los jugadores: \u00abQue las cr\u00edticas no los distraigan del objetivo\u00bb<\/h3>\n<\/p>\n<\/section>\n<\/div>\n<div class=\"sc-a7166897-0 exHLBh\" readability=\"6.5\">\n<section readability=\"3\"><picture><img alt=\"\u00bfLesi\u00f3n o t\u00e1ctico? El motivo por el que Paolo Guerrero fue reemplazado ante Argentina\" src=\"http:\/\/hoycordobaweb.com\/wp-content\/uploads\/2023\/10\/liga-mira-de-reojo-fortaleza-no-tuvo-aniversario-feliz-y-perdio-en-rio-7.jpg\" width=\"290\" height=\"290\" decoding=\"async\" data-nimg=\"future\" loading=\"lazy\"><\/picture>\n<p><span>Mir\u00e1 tambi\u00e9n<\/span><\/p>\n<hr>\n<h3>\u00bfLesi\u00f3n o t\u00e1ctico? El motivo por el que Paolo Guerrero fue reemplazado ante Argentina<\/h3>\n<\/p>\n<\/section>\n<\/div>\n<div class=\"sc-a7166897-0 exHLBh\" readability=\"6\">\n<section readability=\"2\"><picture><img alt=\"El respaldo de S\u00e1nchez Bas a Enner Valencia tras el empate con Colombia\" src=\"http:\/\/hoycordobaweb.com\/wp-content\/uploads\/2023\/10\/liga-mira-de-reojo-fortaleza-no-tuvo-aniversario-feliz-y-perdio-en-rio-8.jpg\" width=\"290\" height=\"290\" decoding=\"async\" data-nimg=\"future\" loading=\"lazy\"><\/picture>\n<p><span>Mir\u00e1 tambi\u00e9n<\/span><\/p>\n<hr>\n<h3>El respaldo de S\u00e1nchez Bas a Enner Valencia tras el empate con Colombia<\/h3>\n<\/p>\n<\/section>\n<\/div>\n<\/div>\n","protected":false},"excerpt":{"rendered":"<p>18\/10\/2023 23:39hs. En la previa fue fiesta pura. Miles de hinchas de Fortaleza se congregaron para celebrar el aniversario n\u00famero 105 de la instituci\u00f3n y en especial el buen andar del equipo que conduce t\u00e9cnicamente Juan Pablo Vojvoda, pr\u00f3ximo rival de Liga de Quito en la final de la Copa Sudamericana a celebrarse en Uruguay. [&hellip;]<\/p>\n","protected":false},"author":1,"featured_media":68338,"comment_status":"open","ping_status":"closed","sticky":false,"template":"","format":"standard","meta":[],"categories":[16],"tags":[],"_links":{"self":[{"href":"http:\/\/hoycordobaweb.com\/index.php\/wp-json\/wp\/v2\/posts\/68337"}],"collection":[{"href":"http:\/\/hoycordobaweb.com\/index.php\/wp-json\/wp\/v2\/posts"}],"about":[{"href":"http:\/\/hoycordobaweb.com\/index.php\/wp-json\/wp\/v2\/types\/post"}],"author":[{"embeddable":true,"href":"http:\/\/hoycordobaweb.com\/index.php\/wp-json\/wp\/v2\/users\/1"}],"replies":[{"embeddable":true,"href":"http:\/\/hoycordobaweb.com\/index.php\/wp-json\/wp\/v2\/comments?post=68337"}],"version-history":[{"count":0,"href":"http:\/\/hoycordobaweb.com\/index.php\/wp-json\/wp\/v2\/posts\/68337\/revisions"}],"wp:featuredmedia":[{"embeddable":true,"href":"http:\/\/hoycordobaweb.com\/index.php\/wp-json\/wp\/v2\/media\/68338"}],"wp:attachment":[{"href":"http:\/\/hoycordobaweb.com\/index.php\/wp-json\/wp\/v2\/media?parent=68337"}],"wp:term":[{"taxonomy":"category","embeddable":true,"href":"http:\/\/hoycordobaweb.com\/index.php\/wp-json\/wp\/v2\/categories?post=68337"},{"taxonomy":"post_tag","embeddable":true,"href":"http:\/\/hoycordobaweb.com\/index.php\/wp-json\/wp\/v2\/tags?post=68337"}],"curies":[{"name":"wp","href":"https:\/\/api.w.org\/{rel}","templated":true}]}}