{"id":68318,"date":"2023-10-17T11:01:00","date_gmt":"2023-10-17T11:01:00","guid":{"rendered":"https:\/\/fm-comunicar.com.ar\/contenido\/20831\/se-realizo-la-primera-feria-agroecologica-en-colonia-caroya"},"modified":"2023-10-17T11:01:00","modified_gmt":"2023-10-17T11:01:00","slug":"se-realizo-la-primera-feria-agroecologica-en-colonia-caroya","status":"publish","type":"post","link":"http:\/\/hoycordobaweb.com\/index.php\/2023\/10\/17\/se-realizo-la-primera-feria-agroecologica-en-colonia-caroya\/","title":{"rendered":"Se realiz\u00f3 la primera Feria Agroecol\u00f3gica en Colonia Caroya"},"content":{"rendered":"<p>El principal prop\u00f3sito del evento fue a dar a conocer a los vecinos, la red de agricultura que se encuentra trabajando en la zona y en otros espacios aleda\u00f1os. La jornada cont\u00f3 con diferentes actividades l\u00fadicas para la familia.<img src=\"http:\/\/hoycordobaweb.com\/wp-content\/uploads\/2023\/10\/se-realizo-la-primera-feria-agroecologica-en-colonia-caroya.jpg\"><\/p>\n","protected":false},"excerpt":{"rendered":"<p>El principal prop\u00f3sito del evento fue a dar a conocer a los vecinos, la red de agricultura que se encuentra trabajando en la zona y en otros espacios aleda\u00f1os. La jornada cont\u00f3 con diferentes actividades l\u00fadicas para la familia.<\/p>\n","protected":false},"author":1,"featured_media":68319,"comment_status":"closed","ping_status":"closed","sticky":false,"template":"","format":"standard","meta":[],"categories":[18],"tags":[],"_links":{"self":[{"href":"http:\/\/hoycordobaweb.com\/index.php\/wp-json\/wp\/v2\/posts\/68318"}],"collection":[{"href":"http:\/\/hoycordobaweb.com\/index.php\/wp-json\/wp\/v2\/posts"}],"about":[{"href":"http:\/\/hoycordobaweb.com\/index.php\/wp-json\/wp\/v2\/types\/post"}],"author":[{"embeddable":true,"href":"http:\/\/hoycordobaweb.com\/index.php\/wp-json\/wp\/v2\/users\/1"}],"replies":[{"embeddable":true,"href":"http:\/\/hoycordobaweb.com\/index.php\/wp-json\/wp\/v2\/comments?post=68318"}],"version-history":[{"count":0,"href":"http:\/\/hoycordobaweb.com\/index.php\/wp-json\/wp\/v2\/posts\/68318\/revisions"}],"wp:featuredmedia":[{"embeddable":true,"href":"http:\/\/hoycordobaweb.com\/index.php\/wp-json\/wp\/v2\/media\/68319"}],"wp:attachment":[{"href":"http:\/\/hoycordobaweb.com\/index.php\/wp-json\/wp\/v2\/media?parent=68318"}],"wp:term":[{"taxonomy":"category","embeddable":true,"href":"http:\/\/hoycordobaweb.com\/index.php\/wp-json\/wp\/v2\/categories?post=68318"},{"taxonomy":"post_tag","embeddable":true,"href":"http:\/\/hoycordobaweb.com\/index.php\/wp-json\/wp\/v2\/tags?post=68318"}],"curies":[{"name":"wp","href":"https:\/\/api.w.org\/{rel}","templated":true}]}}