{"id":68284,"date":"2023-10-18T03:03:12","date_gmt":"2023-10-18T03:03:12","guid":{"rendered":"https:\/\/www.ole.com.ar\/seleccion\/argentina-eliminatorias-viene-brasil-uruguay-messi_0_sGtvVb2nRp.html"},"modified":"2023-10-18T03:03:12","modified_gmt":"2023-10-18T03:03:12","slug":"que-se-le-viene-a-la-seleccion-dos-clasicos-en-los-ultimos-dos-partidos-del-2023","status":"publish","type":"post","link":"http:\/\/hoycordobaweb.com\/index.php\/2023\/10\/18\/que-se-le-viene-a-la-seleccion-dos-clasicos-en-los-ultimos-dos-partidos-del-2023\/","title":{"rendered":"Qu\u00e9 se le viene a la Selecci\u00f3n: dos cl\u00e1sicos en los \u00faltimos dos partidos del 2023"},"content":{"rendered":"<p><img src=\"http:\/\/hoycordobaweb.com\/wp-content\/uploads\/2023\/10\/que-se-le-viene-a-la-seleccion-dos-clasicos-en-los-ultimos-dos-partidos-del-2023.jpg\"><\/p>\n<p><time class=\"createDate\" datetime=\"2023-10-18T00:03:12-03:00\">18\/10\/2023 00:03hs.<\/time><time class=\"modificatedDate\" datetime=\"2023-10-18T00:03:12-03:00\"><\/time><\/p>\n<div id=\"storyBody\">\n<div class=\"custom-text \" readability=\"31.909090909091\">\n<p>Despu\u00e9s del cierre de esta fecha 4, las <a href=\"https:\/\/www.ole.com.ar\/tema\/eliminatorias-sudamericanas.html\" title=\"Eliminatorias Sudamericanas\" alt=\"Eliminatorias Sudamericanas\" class=\"slug\">Eliminatorias Sudamericanas<\/a> retomar\u00e1n su actividad en noviembre, en la \u00faltima doble fecha del 2023. En esas jornadas, la <a href=\"https:\/\/www.ole.com.ar\/tema\/seleccion-argentina.html\" title=\"Selecci\u00f3n Argentina\" alt=\"Selecci\u00f3n Argentina\" class=\"slug\">Selecci\u00f3n Argentina<\/a> tendr\u00e1 dos partidos de esos que nadie se quiere perder porque primero va a recibir a <a href=\"https:\/\/www.ole.com.ar\/tema\/seleccion-de-uruguay.html\" title=\"Selecci\u00f3n de Uruguay\" alt=\"Selecci\u00f3n de Uruguay\" class=\"slug\">Uruguay<\/a> y despu\u00e9s va a visitar a <a href=\"https:\/\/www.ole.com.ar\/tema\/brasil.html\" title=\"Brasil\" alt=\"Brasil\" class=\"slug\">Brasil<\/a>, ni m\u00e1s ni menos.<\/p>\n<\/div>\n<div class=\"custom-text \" readability=\"36.754098360656\">\n<p>El jueves 16 de noviembre desde las 21, el equipo de <a href=\"https:\/\/www.ole.com.ar\/tema\/lionel-messi.html\" title=\"Lionel Messi\" alt=\"Lionel Messi\" class=\"slug\">Lionel Messi<\/a> va a jugar con Uruguay en nuestro pa\u00eds. Todav\u00eda no se sabe en qu\u00e9 estadio debido a que en el Monumental est\u00e1n los recitales de Taylor Swift (9, 10 y 11 de noviembre), raz\u00f3n por la que empez\u00f3 a sonar el Mario Kempes de C\u00f3rdoba como opci\u00f3n para el duelo contra los dirigidos por Marcelo Bielsa.<\/p>\n<\/div>\n<div class=\"custom-text \" readability=\"39.370860927152\">\n<p>Cinco d\u00edas despu\u00e9s,<a href=\"https:\/\/www.ole.com.ar\/tema\/la-scaloneta.html\" title=\"La Scaloneta\" alt=\"La Scaloneta\" class=\"slug\"> la Scaloneta<\/a> regresar\u00e1 al Maracan\u00e1, el lugar del primer t\u00edtulo (ante los brasile\u00f1os, claro) de este ciclo inolvidable. Adem\u00e1s, ser\u00e1 el primer supercl\u00e1sico de Am\u00e9rica despu\u00e9s de aquel que fue suspendido por las autoridades sanitarias, en San Pablo, en septiembre del 2021. <\/p>\n<\/div>\n<div class=\"custom-text \" readability=\"39\">\n<p>Estas jornadas de Eliminatorias se jugar\u00e1n, por ejemplo, en la antesala de la definici\u00f3n de los grupos de la Copa de la Liga Profesional, dos semanas y media despu\u00e9s de <strong>la final de la Libertadores entre Boca y Fluminense<\/strong> y entre las fechas 4 y 5 de la fase de grupos de la Champions League (tambi\u00e9n de la Europa y Conference League, claro).<\/p>\n<\/div>\n<div class=\"custom-text \" readability=\"33.233898305085\">\n<p>Messi, por su parte, vendr\u00e1 de <a href=\"https:\/\/www.ole.com.ar\/futbol-internacional\/mls\/inter-miami-gira-china-noviembre-seleccion-argentina-lionel-messi_0_DhlG9VFxwo.html\" target=\"_self\" title=\"dos amistoso del Inter Miami en China\" alt=\"dos amistoso del Inter Miami en China\" rel=\"noopener noreferrer\">dos amistoso del Inter Miami en China<\/a>. El primer compromiso (5 de noviembreI ser\u00e1 en la ciudad de Qingdao contra el Qingdao Hainiu, que ocupa el 13\u00b0 puesto entre los 16 participantes de la primera divisi\u00f3n, y el segundo (8\/11) frente a Chengdu Rongcheng (6\u00b0). <\/p>\n<\/div>\n<div class=\"sc-e7b891c4-0 jPbnQF\"><img alt=\"Festejo de Messi en Lima.\nFoto: Juano Tesone\" src=\"http:\/\/hoycordobaweb.com\/wp-content\/uploads\/2023\/10\/que-se-le-viene-a-la-seleccion-dos-clasicos-en-los-ultimos-dos-partidos-del-2023-2.jpg\" width=\"720\" height=\"100\" decoding=\"async\" data-nimg=\"future\" loading=\"lazy\"><span class=\"epigraphe\">Festejo de Messi en Lima.<br \/>\nFoto: Juano Tesone<\/span><\/div>\n<p><h2><strong>Doble fecha y corte largo<\/strong><\/h2>\n<\/p>\n<div class=\"custom-text \" readability=\"39\">\n<p>Luego de esta doble fecha de noviembre, las Eliminatorias tendr\u00e1n un parate hasta septiembre del 2024. La Selecci\u00f3n, en el medio, disputar\u00e1 dos amistosos en marzo (ante seleccionados europeos) y tambi\u00e9n tendr\u00e1 acci\u00f3n a principios de junio, antes de la Copa Am\u00e9rica (20 de junio al 14 de julio) donde defender\u00e1 el t\u00edtulo.<\/p>\n<\/div>\n<p><h2><strong>Las dos fechas de Eliminatorias de noviembre<\/strong><\/h2>\n<\/p>\n<div class=\"custom-text \">\n<p><strong>Fecha 5 (16\/11)<\/strong><\/p>\n<\/div>\n<div class=\"custom-text \">\n<p>Bolivia-Per\u00fa (17 horas)<\/p>\n<\/div>\n<div class=\"custom-text \">\n<p>Venezuela-Ecuador (19)<\/p>\n<\/div>\n<div class=\"custom-text \">\n<p><strong>Argentina-Uruguay (21)<\/strong><\/p>\n<\/div>\n<div class=\"custom-text \">\n<p>Colombia-Brasil (21)<\/p>\n<\/div>\n<div class=\"custom-text \">\n<p>Chile-Paraguay (21.30)<\/p>\n<\/div>\n<div class=\"custom-text \">\n<p><strong>Fecha 6 (21\/11)<\/strong><\/p>\n<\/div>\n<div class=\"custom-text \">\n<p>Paraguay-Colombia (20)<\/p>\n<\/div>\n<div class=\"custom-text \">\n<p>Ecuador-Chile (20.30)<\/p>\n<\/div>\n<div class=\"custom-text \">\n<p>Uruguay-Bolivia (20.30)<\/p>\n<\/div>\n<div class=\"custom-text \">\n<p><strong>Brasil-Argentina (21.30)<\/strong><\/p>\n<\/div>\n<div class=\"custom-text \">\n<p>Per\u00fa-Venezuela (23)<\/p>\n<\/div>\n<div class=\"sc-e7b891c4-0 jPbnQF\"><img alt=\"Messi y la pelota. (Photo by JUAN MABROMATA \/ AFP)\" src=\"http:\/\/hoycordobaweb.com\/wp-content\/uploads\/2023\/10\/que-se-le-viene-a-la-seleccion-dos-clasicos-en-los-ultimos-dos-partidos-del-2023-3.jpg\" width=\"720\" height=\"100\" decoding=\"async\" data-nimg=\"future\" loading=\"lazy\"><span class=\"epigraphe\">Messi y la pelota. (Photo by JUAN MABROMATA \/ AFP)<\/span><\/div>\n<\/div>\n","protected":false},"excerpt":{"rendered":"<p>18\/10\/2023 00:03hs. Despu\u00e9s del cierre de esta fecha 4, las Eliminatorias Sudamericanas retomar\u00e1n su actividad en noviembre, en la \u00faltima doble fecha del 2023. En esas jornadas, la Selecci\u00f3n Argentina tendr\u00e1 dos partidos de esos que nadie se quiere perder porque primero va a recibir a Uruguay y despu\u00e9s va a visitar a Brasil, ni [&hellip;]<\/p>\n","protected":false},"author":1,"featured_media":68285,"comment_status":"open","ping_status":"closed","sticky":false,"template":"","format":"standard","meta":[],"categories":[16],"tags":[],"_links":{"self":[{"href":"http:\/\/hoycordobaweb.com\/index.php\/wp-json\/wp\/v2\/posts\/68284"}],"collection":[{"href":"http:\/\/hoycordobaweb.com\/index.php\/wp-json\/wp\/v2\/posts"}],"about":[{"href":"http:\/\/hoycordobaweb.com\/index.php\/wp-json\/wp\/v2\/types\/post"}],"author":[{"embeddable":true,"href":"http:\/\/hoycordobaweb.com\/index.php\/wp-json\/wp\/v2\/users\/1"}],"replies":[{"embeddable":true,"href":"http:\/\/hoycordobaweb.com\/index.php\/wp-json\/wp\/v2\/comments?post=68284"}],"version-history":[{"count":0,"href":"http:\/\/hoycordobaweb.com\/index.php\/wp-json\/wp\/v2\/posts\/68284\/revisions"}],"wp:featuredmedia":[{"embeddable":true,"href":"http:\/\/hoycordobaweb.com\/index.php\/wp-json\/wp\/v2\/media\/68285"}],"wp:attachment":[{"href":"http:\/\/hoycordobaweb.com\/index.php\/wp-json\/wp\/v2\/media?parent=68284"}],"wp:term":[{"taxonomy":"category","embeddable":true,"href":"http:\/\/hoycordobaweb.com\/index.php\/wp-json\/wp\/v2\/categories?post=68284"},{"taxonomy":"post_tag","embeddable":true,"href":"http:\/\/hoycordobaweb.com\/index.php\/wp-json\/wp\/v2\/tags?post=68284"}],"curies":[{"name":"wp","href":"https:\/\/api.w.org\/{rel}","templated":true}]}}