{"id":68282,"date":"2023-10-18T03:04:04","date_gmt":"2023-10-18T03:04:04","guid":{"rendered":"https:\/\/www.ole.com.ar\/ecuador\/la-tri\/felix-sanchez-bas-rueda-prensa-ecuador-colombia-eliminatorias-sudamericanas_0_Kgy3aQAPn7.html"},"modified":"2023-10-18T03:04:04","modified_gmt":"2023-10-18T03:04:04","slug":"sanchez-bas-nos-quedamos-con-el-sabor-amargo-de-irnos-solo-con-un-punto","status":"publish","type":"post","link":"http:\/\/hoycordobaweb.com\/index.php\/2023\/10\/18\/sanchez-bas-nos-quedamos-con-el-sabor-amargo-de-irnos-solo-con-un-punto\/","title":{"rendered":"S\u00e1nchez Bas: \u00abNos quedamos con el sabor amargo de irnos solo con un punto\u00bb"},"content":{"rendered":"<p><img src=\"http:\/\/hoycordobaweb.com\/wp-content\/uploads\/2023\/10\/sanchez-bas-nos-quedamos-con-el-sabor-amargo-de-irnos-solo-con-un-punto.jpg\"><\/p>\n<p><time class=\"createDate\" datetime=\"2023-10-18T00:04:004-03:00\">18\/10\/2023 00:04hs.<\/time><time class=\"modificatedDate\" datetime=\"2023-10-18T00:13:30-03:00\"> Actualizado al 18\/10\/2023 00:13hs.<\/time><\/p>\n<div id=\"storyBody\">\n<div class=\"custom-text \" readability=\"23.225806451613\">\n<p><strong>El entrenador de la <a href=\"https:\/\/www.ole.com.ar\/ecuador\/la-tri\" target=\"_self\" title=\"selecci\u00f3n ecuatoriana\" alt=\"selecci\u00f3n ecuatoriana\" rel=\"noopener noreferrer\">selecci\u00f3n ecuatoriana<\/a>, <a href=\"https:\/\/www.ole.com.ar\/tema\/felix-sanchez-bas.html\" target=\"_self\" title=\"F\u00e9lix S\u00e1nchez Bas\" alt=\"F\u00e9lix S\u00e1nchez Bas\" rel=\"noopener noreferrer\">F\u00e9lix S\u00e1nchez Bas<\/a>, reconoci\u00f3 que \u00e9l y los jugadores se quedaron con un sabor amargo <a href=\"https:\/\/www.ole.com.ar\/ecuador\/la-tri\/ecuador-vs-colombia-hoy-vivo-eliminatorias-hora-tv-resumen-formaciones-videos_0_WCXkqjH7GJ.html\" target=\"_self\" title=\"tras el empate 0-0 con Colombia\" alt=\"tras el empate 0-0 con Colombia\" rel=\"noopener noreferrer\">tras el empate 0-0 con Colombia<\/a><\/strong>. Aunque al mismo tiempo valor\u00f3 que se sum\u00f3 un punto m\u00e1s en este largo camino de las <a href=\"https:\/\/www.ole.com.ar\/tema\/eliminatorias-sudamericanas.html\" target=\"_self\" title=\"Eliminatorias Sudamericanas\" alt=\"Eliminatorias Sudamericanas\" rel=\"noopener noreferrer\">Eliminatorias Sudamericanas<\/a>.<\/p>\n<\/div>\n<div class=\"custom-text \" readability=\"28.633053221289\">\n<p><strong>El t\u00e9cnico espa\u00f1ol afirm\u00f3 estar satisfecho con los mostrado por los jugadores ante los Cafeteros, que pudieron ganar el encuentro<\/strong>. Si no fuera porque <a href=\"https:\/\/www.ole.com.ar\/ecuador\/la-tri\/moises-ramirez-ecuador-penal-atajado-colombia-eliminatorias-sudamericanas_0_eLqVOJrCDW.html\" target=\"_self\" title=\"Mois\u00e9s Ram\u00edrez tap\u00f3 un penal\" alt=\"Mois\u00e9s Ram\u00edrez tap\u00f3 un penal\" rel=\"noopener noreferrer\">Mois\u00e9s Ram\u00edrez tap\u00f3 un penal<\/a> y <a href=\"https:\/\/www.ole.com.ar\/ecuador\/la-tri\/jugada-anulo-gol-colombia-ecuador-eliminatorias_0_sHgE1FzUHF.html\" target=\"_self\" title=\"porque el VAR anul\u00f3 un gol colombiano por fuera de juego\" alt=\"porque el VAR anul\u00f3 un gol colombiano por fuera de juego\" rel=\"noopener noreferrer\">porque el VAR anul\u00f3 un gol colombiano por fuera de juego<\/a>, La Tri se iba con la derrota. Sin embargo, S\u00e1nchez Bas record\u00f3 que ellos tambi\u00e9n tuvieron sus oportunidades.<\/p>\n<\/div>\n<div class=\"custom-text \" readability=\"40\">\n<p>\u00ab<strong>Creo que el equipo ha salido desde el principio con la idea de ir arriba a ir por el partido, hemos creado situaciones. <\/strong>Es verdad que cuando ellos superaban nuestra presi\u00f3n y gracias a los jugadores con gran calidad que tienen daban la sensaci\u00f3n de peligro. En la segunda parte yo creo que hemos empezado bien, pero hubo unos minutos con el penalti, el gol anulado, eso ha condicionado un poco el partido\u00bb, explic\u00f3.<\/p>\n<\/div>\n<div class=\"custom-text \" readability=\"39\">\n<p>\u00ab<strong>Quiz\u00e1s tuvimos un poco de precipitaci\u00f3n por buscar los tres puntos, al final ha sido un buen partido, los dos equipos han propuesto. <\/strong>Nos quedamos con el sabor amargo de irnos solo con un punto, pero sabemos que son Eliminatorias y a veces damos pasos peque\u00f1os y otras m\u00e1s grandes. Felices con la actitud del equipo y la intenci\u00f3n\u00bb, complement\u00f3. <\/p>\n<\/div>\n<div class=\"sc-e7b891c4-0 jPbnQF\"><img alt=\"F\u00e9lix S\u00e1nchez Bas durante el Ecuador-Colombia. Foto: EFE\/Jose Jacome\" src=\"http:\/\/hoycordobaweb.com\/wp-content\/uploads\/2023\/10\/sanchez-bas-nos-quedamos-con-el-sabor-amargo-de-irnos-solo-con-un-punto-2.jpg\" width=\"720\" height=\"100\" decoding=\"async\" data-nimg=\"future\" loading=\"lazy\"><span class=\"epigraphe\">F\u00e9lix S\u00e1nchez Bas durante el Ecuador-Colombia. Foto: EFE\/Jose Jacome<\/span><\/div>\n<div class=\"custom-text \" readability=\"35\">\n<p>El adiestrador nacional fue cuestionado sobre el planteamiento que eligi\u00f3 y por qu\u00e9 no lo vari\u00f3 durante el compromiso. <strong>A lo que \u00e9l respondi\u00f3 que son decisiones que se deben tomar y respald\u00f3 su resoluci\u00f3n durante el cotejo<\/strong>. Adem\u00e1s, aclar\u00f3 que no le sorprendi\u00f3 lo que propueso Colombia. <\/p>\n<\/div>\n<div class=\"custom-text \" readability=\"41\">\n<p>\u00ab<strong>Son opciones que has de ir tomando durante el partido, creo que por la manera que quer\u00edamos plantear e ir a buscar arriba al adversario nos hemos sentido bien,<\/strong> ellos ten\u00edan jugadores arriba muy desequilibrantes que pod\u00edan hacernos da\u00f1o. Por eso tambi\u00e9n ten\u00edamos que estar preparados en la vigilancias para poder pararlos en una contra u ataque organizado. El equipo ha estado bien, hemos preferido no cambiar, solo el perfil de algunos jugadores, pero mantener la esencia durante todo el partido\u00bb, argument\u00f3. <\/p>\n<\/div>\n<div class=\"custom-text \" readability=\"42\">\n<p>\u00ab<strong>El planteamiento (de colombia) no me ha sorprendido, han hecho una planteamiento para ir en busca del partido, han usado sus armas y han hecho sus partidos<\/strong>. Ha sido un partido muy igualado, nosotros tuvimos las nuestras, ellos las suyas,pero al final ni nosotros, ni ellos nos vamos contentos con el resultado. Pero sabiendo lo importante que es sumar\u00bb, a\u00f1adi\u00f3. <\/p>\n<\/div>\n<div class=\"custom-text \" readability=\"42\">\n<p>El t\u00e9cnico tambi\u00e9n aprovech\u00f3 una pregunta para respaldar al capit\u00e1n Enner Valencia. <strong>\u00abEs un jugador clave para nosotros, un jugador muy importante, ha hecho su partido, ha intentado darlo todo como siempre. <\/strong>Hay d\u00edas que est\u00e1s m\u00e1s efectivo, otros d\u00edas menos, pero los d\u00edas que no slaen tanto las cosas es precisamente cuando hay que estar apoyando a nuestros jugadores que lo han dado todo. En el camerino el \u00e1nimo bien, nos hubiera gstado irnos con tres puntos y no con uno\u00bb, afirm\u00f3.<\/p>\n<\/div>\n<div class=\"sc-e7b891c4-0 jPbnQF\"><img alt=\"Enner Valencia no tuvo un buen partido ante Colombia. Foto: EFE\/ Julio Estrella\" src=\"http:\/\/hoycordobaweb.com\/wp-content\/uploads\/2023\/10\/sanchez-bas-nos-quedamos-con-el-sabor-amargo-de-irnos-solo-con-un-punto-3.jpg\" width=\"720\" height=\"100\" decoding=\"async\" data-nimg=\"future\" loading=\"lazy\"><span class=\"epigraphe\">Enner Valencia no tuvo un buen partido ante Colombia. Foto: EFE\/ Julio Estrella<\/span><\/div>\n<p><h2><strong>M\u00e1s declaraciones de F\u00e9lix S\u00e1nchez Bas<\/strong><\/h2>\n<\/p>\n<div class=\"custom-text \" readability=\"38\">\n<p><strong>Sobre Pervis Estupi\u00f1\u00e1n. <\/strong>\u00abPervis es un jugador importante para nosotros, pero creo que Johanner (Ch\u00e1vez) ha tenido un nivel magn\u00edfico, estamos muy contentos con su desempe\u00f1o. La verdad no hemos tenido la sensaci\u00f3n de estar ahogados en el segundo tiempo. Es verdad que ellos tuvieron sus momentos, pero al final terminamos jugando en campo contrario que era nuestra idea\u00bb.<\/p>\n<\/div>\n<div class=\"custom-text \" readability=\"34\">\n<p><strong>Sobre el arbitraje.<\/strong> \u00abSobre el arbitraje no voy a decir nada, supongo que intent\u00f3 hacerlo lo mejor posible igual que los jugadores de Ecuador y los de Colombia\u00bb.<\/p>\n<\/div>\n<div class=\"custom-text \" readability=\"36\">\n<p><strong>Sobre los puntos obtenidos<\/strong>. \u00abEmpezar con menos 3 es complicado y m\u00e1s empezando con el campe\u00f3n del mundo y tres fechas despu\u00e9s hemos podido sumar y subir en la tabla de posiciones. Hemos conseguido cuatro puntos en esta fecha, con los que hemos sacado nos da para haber escalado unas posiciones y ponernos al nivel de ver para arriba\u00bb.<\/p>\n<\/div>\n<div class=\"custom-text \" readability=\"37\">\n<p><strong>Sobre Carlos Gruezo.<\/strong> \u00abEl equipo ha estado bastante organizado en todo momento, en l\u00edneas generales hemos enfrentado a un equipo que est\u00e1 bien f\u00edsicamente. Carlos (Gruezo) es un jugador importante para nosotros, con experiencia en este tipo de partidos y estamos muy satisfechos con su rendimiento\u00bb<\/p>\n<\/div>\n<div class=\"sc-a7166897-0 exHLBh\" readability=\"7.5\">\n<section readability=\"5\"><picture><img alt=\"Ecuador vs. Colombia, hoy EN VIVO, por Eliminatorias: La Tri sufri\u00f3 y empat\u00f3 sin goles\" src=\"http:\/\/hoycordobaweb.com\/wp-content\/uploads\/2023\/10\/sanchez-bas-nos-quedamos-con-el-sabor-amargo-de-irnos-solo-con-un-punto-4.jpg\" width=\"290\" height=\"290\" decoding=\"async\" data-nimg=\"future\" loading=\"lazy\"><\/picture>\n<p><span>Mir\u00e1 tambi\u00e9n<\/span><\/p>\n<hr>\n<h3>Ecuador vs. Colombia, hoy EN VIVO, por Eliminatorias: La Tri sufri\u00f3 y empat\u00f3 sin goles<\/h3>\n<\/p>\n<\/section>\n<\/div>\n<div class=\"sc-a7166897-0 exHLBh\" readability=\"6\">\n<section readability=\"2\"><picture><img alt=\"\u00bfCu\u00e1ndo y contra qui\u00e9n vuelve a jugar La Tri por las Eliminatorias?\" src=\"http:\/\/hoycordobaweb.com\/wp-content\/uploads\/2023\/10\/sanchez-bas-nos-quedamos-con-el-sabor-amargo-de-irnos-solo-con-un-punto-5.jpg\" width=\"290\" height=\"290\" decoding=\"async\" data-nimg=\"future\" loading=\"lazy\"><\/picture>\n<p><span>Mir\u00e1 tambi\u00e9n<\/span><\/p>\n<hr>\n<h3>\u00bfCu\u00e1ndo y contra qui\u00e9n vuelve a jugar La Tri por las Eliminatorias?<\/h3>\n<\/p>\n<\/section>\n<\/div>\n<div class=\"sc-a7166897-0 exHLBh\" readability=\"6.5\">\n<section readability=\"3\"><picture><img alt=\"De una leyenda a una promesa: el intercambio de camisetas entre James Rodr\u00edguez y Kendry P\u00e1ez\" src=\"http:\/\/hoycordobaweb.com\/wp-content\/uploads\/2023\/10\/sanchez-bas-nos-quedamos-con-el-sabor-amargo-de-irnos-solo-con-un-punto-6.jpg\" width=\"290\" height=\"290\" decoding=\"async\" data-nimg=\"future\" loading=\"lazy\"><\/picture>\n<p><span>Mir\u00e1 tambi\u00e9n<\/span><\/p>\n<hr>\n<h3>De una leyenda a una promesa: el intercambio de camisetas entre James Rodr\u00edguez y Kendry P\u00e1ez<\/h3>\n<\/p>\n<\/section>\n<\/div>\n<div class=\"sc-a7166897-0 exHLBh\" readability=\"6\">\n<section readability=\"2\"><picture><img alt=\"V\u00eda VAR: as\u00ed fue el gol anulado a Colombia\" src=\"http:\/\/hoycordobaweb.com\/wp-content\/uploads\/2023\/10\/sanchez-bas-nos-quedamos-con-el-sabor-amargo-de-irnos-solo-con-un-punto-7.jpg\" width=\"290\" height=\"290\" decoding=\"async\" data-nimg=\"future\" loading=\"lazy\"><\/picture>\n<p><span>Mir\u00e1 tambi\u00e9n<\/span><\/p>\n<hr>\n<h3>V\u00eda VAR: as\u00ed fue el gol anulado a Colombia<\/h3>\n<\/p>\n<\/section>\n<\/div>\n<div class=\"sc-a7166897-0 exHLBh\" readability=\"6\">\n<section readability=\"2\"><picture><img alt=\"Video: los palos que ahogaron los goles tricolores en el primer tiempo\" src=\"http:\/\/hoycordobaweb.com\/wp-content\/uploads\/2023\/10\/sanchez-bas-nos-quedamos-con-el-sabor-amargo-de-irnos-solo-con-un-punto-8.jpg\" width=\"290\" height=\"290\" decoding=\"async\" data-nimg=\"future\" loading=\"lazy\"><\/picture>\n<p><span>Mir\u00e1 tambi\u00e9n<\/span><\/p>\n<hr>\n<h3>Video: los palos que ahogaron los goles tricolores en el primer tiempo<\/h3>\n<\/p>\n<\/section>\n<\/div>\n<div class=\"sc-a7166897-0 exHLBh\" readability=\"6.5\">\n<section readability=\"3\"><picture><img alt=\"Carlos Gruezo, la primera baja de Ecuador ante Venezuela\" src=\"http:\/\/hoycordobaweb.com\/wp-content\/uploads\/2023\/10\/sanchez-bas-nos-quedamos-con-el-sabor-amargo-de-irnos-solo-con-un-punto-9.jpg\" width=\"290\" height=\"290\" decoding=\"async\" data-nimg=\"future\" loading=\"lazy\"><\/picture>\n<p><span>Mir\u00e1 tambi\u00e9n<\/span><\/p>\n<hr>\n<h3>Carlos Gruezo, la primera baja de Ecuador ante Venezuela<\/h3>\n<\/p>\n<\/section>\n<\/div>\n<\/div>\n","protected":false},"excerpt":{"rendered":"<p>18\/10\/2023 00:04hs. Actualizado al 18\/10\/2023 00:13hs. El entrenador de la selecci\u00f3n ecuatoriana, F\u00e9lix S\u00e1nchez Bas, reconoci\u00f3 que \u00e9l y los jugadores se quedaron con un sabor amargo tras el empate 0-0 con Colombia. Aunque al mismo tiempo valor\u00f3 que se sum\u00f3 un punto m\u00e1s en este largo camino de las Eliminatorias Sudamericanas. El t\u00e9cnico espa\u00f1ol [&hellip;]<\/p>\n","protected":false},"author":1,"featured_media":68283,"comment_status":"open","ping_status":"closed","sticky":false,"template":"","format":"standard","meta":[],"categories":[16],"tags":[],"_links":{"self":[{"href":"http:\/\/hoycordobaweb.com\/index.php\/wp-json\/wp\/v2\/posts\/68282"}],"collection":[{"href":"http:\/\/hoycordobaweb.com\/index.php\/wp-json\/wp\/v2\/posts"}],"about":[{"href":"http:\/\/hoycordobaweb.com\/index.php\/wp-json\/wp\/v2\/types\/post"}],"author":[{"embeddable":true,"href":"http:\/\/hoycordobaweb.com\/index.php\/wp-json\/wp\/v2\/users\/1"}],"replies":[{"embeddable":true,"href":"http:\/\/hoycordobaweb.com\/index.php\/wp-json\/wp\/v2\/comments?post=68282"}],"version-history":[{"count":0,"href":"http:\/\/hoycordobaweb.com\/index.php\/wp-json\/wp\/v2\/posts\/68282\/revisions"}],"wp:featuredmedia":[{"embeddable":true,"href":"http:\/\/hoycordobaweb.com\/index.php\/wp-json\/wp\/v2\/media\/68283"}],"wp:attachment":[{"href":"http:\/\/hoycordobaweb.com\/index.php\/wp-json\/wp\/v2\/media?parent=68282"}],"wp:term":[{"taxonomy":"category","embeddable":true,"href":"http:\/\/hoycordobaweb.com\/index.php\/wp-json\/wp\/v2\/categories?post=68282"},{"taxonomy":"post_tag","embeddable":true,"href":"http:\/\/hoycordobaweb.com\/index.php\/wp-json\/wp\/v2\/tags?post=68282"}],"curies":[{"name":"wp","href":"https:\/\/api.w.org\/{rel}","templated":true}]}}