{"id":68248,"date":"2023-10-16T14:29:18","date_gmt":"2023-10-16T14:29:18","guid":{"rendered":"https:\/\/www.mujerhoy.com\/vivir\/gastronomia\/trucos-comprar-hacer-pan-mejor-panadero-mundo-dia-internacional-pan-20231016144627-nt.html"},"modified":"2023-10-16T14:29:18","modified_gmt":"2023-10-16T14:29:18","slug":"dia-internacional-del-pan-los-trucos-del-mejor-panadero-del-mundo-para-hacer-y-comprar-el-mejor-pan","status":"publish","type":"post","link":"http:\/\/hoycordobaweb.com\/index.php\/2023\/10\/16\/dia-internacional-del-pan-los-trucos-del-mejor-panadero-del-mundo-para-hacer-y-comprar-el-mejor-pan\/","title":{"rendered":"Dia Internacional del Pan: los trucos del mejor panadero del mundo para hacer y comprar el mejor pan"},"content":{"rendered":"<p><!-- AUTHOR --><\/p>\n<div class=\"voc-author-timesocial \"><!-- AUTHOR --><\/p>\n<div class=\"voc-author-timesocial__signature\"><!-- IMAGE AUTHOR --><picture class=\"voc-image-signature\"><img class=\"voc-image-signature__img\" src=\"http:\/\/hoycordobaweb.com\/wp-content\/uploads\/2023\/10\/dia-internacional-del-pan-los-trucos-del-mejor-panadero-del-mundo-para-hacer-y-comprar-el-mejor-pan.jpg\" alt=\"Alo\u00f1a Fdez. Larrechi\"><\/picture><!-- INFO AUTHOR --><\/div>\n<\/div>\n<p><!-- COMPONENTS --><\/p>\n<p class=\"voc-paragraph\">La <a data-voc-vtm-id=\"in-text-traffic\" href=\"https:\/\/www.mujerhoy.com\/vivir\/gastronomia\/curiosidades-gastro-invencion-tenedor-latas-gastronomia-britanica-horrible-20230920133256-nt.html\" title=\"www.mujerhoy.com\">gastronom\u00eda<\/a> est\u00e1 en constante evoluci\u00f3n pero, por mucho que avancen las t\u00e9cnicas y mucho que se apueste por nuevos sabores y el <a data-voc-vtm-id=\"in-text-traffic\" href=\"https:\/\/www.mujerhoy.com\/vivir\/gastronomia\/restaurantes-castizos-madrid-recomendacion-cocina-espanola-bribon-jacinta-mamona-20231014135757-nt.html\" title=\"www.mujerhoy.com\">mejor producto<\/a>, hay un elemento que siempre est\u00e1 presente en nuestras mesas, el pan. Hoy se celebra el <a data-voc-vtm-id=\"in-text-traffic\" href=\"https:\/\/www.mujerhoy.com\/vivir\/gastronomia\/dia-internacional-cafe-especialidad-madrid-recomendaciones-20231001114332-nt.html\" title=\"www.mujerhoy.com\">d\u00eda internacional<\/a> de este alimento milenario y para conocerlo mejor hablamos con Domi V\u00e9lez, el <strong>mejor panadero del mundo<\/strong>. <\/p>\n<p class=\"voc-paragraph\">Fue en 2021 cuando este panadero de quinta generaci\u00f3n cuyo horno est\u00e1 en la localidad sevillana de <strong>Lebrija<\/strong>, fue reconocido por la Uni\u00f3n Internacional de Panader\u00eda y Pasteler\u00eda como Mejor Panadero Mundial. Y lo hicieron por su trabajo de innovaci\u00f3n e investigaci\u00f3n en busca de panes saludables, pero tambi\u00e9n por inter\u00e9s por recuperar recetas ancestrales. <\/p>\n<p class=\"voc-paragraph\">Para difundir su experiencia y sus conocimientos la editorial Planeta Gastro acaba de publicar <strong>El Mejor Pan del Mundo<\/strong>, un libro imprescindible para quien quiera iniciarse en el universo del pan, pero tambi\u00e9n para los profesionales m\u00e1s expertos. Y hablamos con \u00e9l para que nos cuente los trucos para hacer y comprar el mejor pan.\n<\/p>\n<p><h3 class=\"voc-detail__title\"> El misterio de la masa madre<br \/>\n<\/h3>\n<\/p>\n<p class=\"voc-paragraph\">A la hora de hablar de pan hay un concepto omnipresente en los \u00faltimos a\u00f1os, la masa madre. Pero \u00bfqu\u00e9 es esto de lo que todo el mundo habla pero pocos saben? \u00abLa <strong>masa madre<\/strong>\u00bb, comenta Domi V\u00e9lez al tel\u00e9fono, \u00abes vital porque aparte de fermentar el pan y ayudarle a que tenga volumen, lo hace m\u00e1s saludable\u00bb. Y es que la fermentaci\u00f3n de la masa madre es la responsable de que \u00abnuestro pan sea m\u00e1s digerible\u00bb.\n<\/p>\n<div class=\"voc-detail-photo-zoom\"><picture data-toggle=\"modal\" data-target=\"#photoZoomModal-515\" target=\"modal\">\n<div class=\"voc-img-icon-link\"><img loading=\"lazy\" data-original=\"\/\/static3.mujerhoy.com\/www\/multimedia\/202310\/16\/media\/cortadas\/Dia-internaciona-pan-domi-velez-k1UD--460x637@MujerHoy.jpg\" class=\"lazy adsviu_analyse\" alt=\"Domi V\u00e9lez con su plan Blue Sky. \/Planeta Gastro\"><noscript><img src=\"http:\/\/hoycordobaweb.com\/wp-content\/uploads\/2023\/10\/dia-internacional-del-pan-los-trucos-del-mejor-panadero-del-mundo-para-hacer-y-comprar-el-mejor-pan.webp\" alt=\"Domi V\u00e9lez con su plan Blue Sky. \/Planeta Gastro\"><\/noscript><i class=\"voc-icons zoom voc-multimedia-box voc-ico-l\"><\/i><\/div><figcaption class=\"figure-caption\">Domi V\u00e9lez con su plan Blue Sky. \/Planeta Gastro<\/figcaption><\/picture><\/div>\n<div id=\"photoZoomModal-515\" class=\"voc-lightbox modal fade voc-lightbox--photo-zoom\" role=\"dialog\" data-voc-photozoom-lightbox>\n<div class=\"voc-lightbox__dialog\" role=\"document\">\n<div class=\"voc-lightbox__content\"><!-- Modal header --><!-- Modal content --><\/p>\n<div class=\"voc-lightbox__photo-container\"><picture class><img loading=\"lazy\" data-original=\"\/\/static3.mujerhoy.com\/www\/multimedia\/202310\/16\/media\/cortadas\/Dia-internaciona-pan-domi-velez-k1UD--460x637@MujerHoy.jpg\" alt=\"Domi V\u00e9lez con su plan Blue Sky. \/Planeta Gastro\" class=\"lazy\"><noscript><img src=\"http:\/\/hoycordobaweb.com\/wp-content\/uploads\/2023\/10\/dia-internacional-del-pan-los-trucos-del-mejor-panadero-del-mundo-para-hacer-y-comprar-el-mejor-pan.webp\" alt=\"Domi V\u00e9lez con su plan Blue Sky. \/Planeta Gastro\"><\/noscript><\/picture><\/div>\n<\/div>\n<\/div>\n<\/div>\n<p class=\"voc-paragraph\">Para conseguirlo, el pan \u00abrequiere una <strong>fermentaci\u00f3n larga<\/strong>, donde esa masa madre act\u00fae de forma lenta, porque no es como la levadura convencional. Es como los vinos, crea unas propiedades y unos sabores y unos matices totalmente diferentes porque fermenta a fuego lento\u00bb. <\/p>\n<p class=\"voc-paragraph\">V\u00e9lez dedica las primeras p\u00e1ginas de su libro a ense\u00f1arnos c\u00f3mo debemos crear y conservar la masa madre, \u00abporque todo fermenta y luego nos llevamos decepciones\u00bb. La importancia de la <strong>temperatura del agua<\/strong> o de la fermentaci\u00f3n, la harina que utilicemos o las medidas higi\u00e9nicas necesarias para que la creaci\u00f3n de la masa madre sea exitosa son algunas de las claves que aprendemos gracias a la capacidad divulgativa del panadero sevillano. <\/p>\n<p><h3 class=\"voc-detail__title\"> Nuestro propio pan<br \/>\n<\/h3>\n<\/p>\n<p class=\"voc-paragraph\">Si somos de los que, hasta hora, nos hemos resistido a hacer pan, pero ahora queremos iniciarnos en este maravilloso mundo, V\u00e9lez aconseja que \u00abempecemos con una cosa sencillita, <strong>agua, harina, sal y levadura<\/strong>, y la dejamos en el frigor\u00edfico y vamos cogiendo t\u00e9cnica\u00bb. <\/p>\n<p class=\"voc-paragraph\">Respecto a uno de esos ingredientes, la harina, el panadero aclara que a la hora de hacer pan no sirve \u00abni cualquier harina ni cualquier cereal\u00bb y nos aconseja probar con cereales diferentes al <strong>trigo<\/strong>, especialmente si \u00abtenemos un problema de digestibilidad o nos cae mal el gluten\u00bb. <\/p>\n<div class=\"voc-detail__cmp\">\n<div class=\"voc-article-container\">\n<article class=\"voc-article voc-article--cmp-photo-text\" readability=\"27\">\n<div class=\"voc-img-container\" readability=\"9\"><picture>\n<div class=\"voc-horizontal voc-img-icon-link\"><img class=\"lazy adsviu_analyse\" loading=\"lazy\" data-original=\"\/\/static1.mujerhoy.com\/www\/multimedia\/202310\/16\/media\/cortadas\/Dia-internacional-pan-trigo-k1UD--624x624@MujerHoy.jpg\" alt=\"El pan Tritordeum de Domi V\u00e9lez, cuya receta encontramos en El Mejor Pan del Mundo. \"><\/div>\n<\/picture>\n<p class=\"figure-caption \"> El pan Tritordeum de Domi V\u00e9lez, cuya receta encontramos en El Mejor Pan del Mundo. \/ <span class=\"voc-photo-author\"> Planeta gastro <\/span><\/p>\n<\/div>\n<\/article>\n<\/div>\n<\/div>\n<p class=\"voc-paragraph\">\u00abYo no tengo nada en contra del trigo\u00bb, aclara, \u00abpero en Espa\u00f1a hay un gran problema, que se utiliza harina de gran fuerza, con una cantidad de gluten bastante m\u00e1s elevada que la harina que se utilizaba hace a\u00f1os. En el caso del <strong>cereal<\/strong> es igual\u00bb. V\u00e9lez apunta que lo recomendable ser\u00eda volver a \u00abese tipo de harina m\u00e1s digerible y ese trigo con menos prote\u00edna\u00bb. <\/p>\n<p class=\"voc-paragraph\">El problema es que, se\u00f1ala, \u00aba la panificaci\u00f3n a gran escala le interesa la harina con mucha prote\u00edna porque tiene mucha absorci\u00f3n de agua y sacas m\u00e1s producto\u00bb. Y apunta que \u00abdesde 1960 el \u00edndice de intolerantes al <strong>gluten<\/strong> ha crecido de forma brutal, pero sin embargo se consume menos pan. Osea, que el pan que se hace, est\u00e1 claro, es peor\u00bb.\n<\/p>\n<p><h3 class=\"voc-detail__title\"> El pan, en la panader\u00eda<br \/>\n<\/h3>\n<\/p>\n<p class=\"voc-paragraph\">A la hora de <strong>comprar pan<\/strong>, el mejor panadero del mundo se pregunta c\u00f3mo es posible que seamos capaces de \u00abir a por unos zapatos a seis kil\u00f3metros, pero no nos preocupemos por algo que nos metemos todos los d\u00edas en el organismo\u00bb, como es el pan. Y desaconseja completamente comprarlo en un bazar o una gasolinera. <\/p>\n<p class=\"voc-paragraph\">\u00abEs un completo disparate que se permita vender pan en una gasolinera, con la cantidad de compuestos vol\u00e1tiles que se encuentran dentro de ella\u00bb, opina V\u00e9lez. Y al igual que existe una normativa sobre<br \/>\n<strong> la calidad del pan<\/strong> propone que se regule los lugares en los que se vende, algo que ya existe \u00aben Francia, que no puedes llamar panader\u00eda a una tienda que venda panes congelados. Me parece que Espa\u00f1a tiene una carencia en este aspecto, brutal\u00bb. <\/p>\n<div class=\"voc-detail-photo-zoom\"><picture data-toggle=\"modal\" data-target=\"#photoZoomModal-832\" target=\"modal\">\n<div class=\"voc-img-icon-link\"><img loading=\"lazy\" data-original=\"\/\/static1.mujerhoy.com\/www\/multimedia\/202310\/16\/media\/cortadas\/portada_el-mejor-pan-del-mundo_domi-velez-k1UD--460x637@MujerHoy.jpg\" class=\"lazy adsviu_analyse\" alt=\"Portada del libro de Domi V\u00e9lez, El Mejor Pan del Mundo. \/Planeta Gastro\"><noscript><img src=\"http:\/\/hoycordobaweb.com\/wp-content\/uploads\/2023\/10\/dia-internacional-del-pan-los-trucos-del-mejor-panadero-del-mundo-para-hacer-y-comprar-el-mejor-pan-1.webp\" alt=\"Portada del libro de Domi V\u00e9lez, El Mejor Pan del Mundo. \/Planeta Gastro\"><\/noscript><i class=\"voc-icons zoom voc-multimedia-box voc-ico-l\"><\/i><\/div><figcaption class=\"figure-caption\">Portada del libro de Domi V\u00e9lez, El Mejor Pan del Mundo. \/Planeta Gastro<\/figcaption><\/picture><\/div>\n<div id=\"photoZoomModal-832\" class=\"voc-lightbox modal fade voc-lightbox--photo-zoom\" role=\"dialog\" data-voc-photozoom-lightbox>\n<div class=\"voc-lightbox__dialog\" role=\"document\">\n<div class=\"voc-lightbox__content\"><!-- Modal header --><!-- Modal content --><\/p>\n<div class=\"voc-lightbox__photo-container\"><picture class><img loading=\"lazy\" data-original=\"\/\/static1.mujerhoy.com\/www\/multimedia\/202310\/16\/media\/cortadas\/portada_el-mejor-pan-del-mundo_domi-velez-k1UD--460x637@MujerHoy.jpg\" alt=\"Portada del libro de Domi V\u00e9lez, El Mejor Pan del Mundo. \/Planeta Gastro\" class=\"lazy\"><noscript><img src=\"http:\/\/hoycordobaweb.com\/wp-content\/uploads\/2023\/10\/dia-internacional-del-pan-los-trucos-del-mejor-panadero-del-mundo-para-hacer-y-comprar-el-mejor-pan-1.webp\" alt=\"Portada del libro de Domi V\u00e9lez, El Mejor Pan del Mundo. \/Planeta Gastro\"><\/noscript><\/picture><\/div>\n<\/div>\n<\/div>\n<\/div>\n<p class=\"voc-paragraph\">A la hora de comprarlo, en un negocio especializado, el panadero nos recomienda fijarnos en la \u00abgama amplia de <strong>cereales<\/strong>\u00bb con los que se elaboran, y que deber\u00e1 estar indicado en alg\u00fan lugar, y en la \u00abgama de colores, esos tonos pardos ya te est\u00e1n diciendo que hay una fermentaci\u00f3n correcta\u00bb. <\/p>\n<p class=\"voc-paragraph\">Y reconoce que \u00abdebemos reeducar al cliente, para que sepa reconocer el sabor y el aspecto de un pan bueno. Es algo complicado pero mediante la vista y el olfato, mediante el gusto a un punto de <strong>\u00e1cido l\u00e1ctico<\/strong>, no ac\u00e9tico, eso ya nos dice que estamos ante un buen pan\u00bb. <\/p>\n<p><h3 class=\"voc-detail__title\"> Hay un pan para cada ocasi\u00f3n<br \/>\n<\/h3>\n<\/p>\n<p class=\"voc-paragraph\">Preguntado por su pan favorito, Domi V\u00e9lez \u00abtira para casa\u00bb y se queda con \u00abesa telera de Lebrija antigua, con esa harina morena, ese trigo duro\u2026 Era rico en fibra. Para mi era un pan espectacular. Pero en Espa\u00f1a tenemos panes magn\u00edficos, como puede ser el <strong>pan gallego<\/strong> o los antiguos candeales que se hac\u00edan en Alcal\u00e1 de Guadaira\u00bb. \u00abBueno\u00bb, reflexiona, \u00abla verdad es que mientras est\u00e9 bien elaborado, la verdad es que da gusto, comer una buena hogaza de pan\u00bb. <\/p>\n<div class=\"voc-detail__cmp\">\n<div class=\"voc-article-container\">\n<article class=\"voc-article voc-article--cmp-photo-text\" readability=\"27\">\n<div class=\"voc-img-container\" readability=\"9\"><picture>\n<div class=\"voc-horizontal voc-img-icon-link\"><img class=\"lazy adsviu_analyse\" loading=\"lazy\" data-original=\"\/\/static2.mujerhoy.com\/www\/multimedia\/202310\/16\/media\/cortadas\/Dia-internacional-pan-pan-burguer-k1UD--624x624@MujerHoy.jpg\" alt=\"EL pan burguer Pretzels de Domi V\u00e9lez, cuya receta encontramos en El Mejor Pan del Mundo.\"><\/div>\n<\/picture>\n<p class=\"figure-caption \"> EL pan burguer Pretzels de Domi V\u00e9lez, cuya receta encontramos en El Mejor Pan del Mundo. \/ <span class=\"voc-photo-author\"> planeta gastro <\/span><\/p>\n<\/div>\n<\/article>\n<\/div>\n<\/div>\n<p class=\"voc-paragraph\">Pero como no es lo mismo comerse una tostada que hacerse un bocadillo, le pedimos un pan para cada ocasi\u00f3n y escoge sus favoritos. \u00abEl mollete, por ejemplo, es un pan para el desayuno fant\u00e1stico. Despu\u00e9s, para comer, yo me ir\u00eda m\u00e1s para una hogaza. Para un bocadillo, una <strong>baguette<\/strong> es una pasada mientras est\u00e9 bien elaborada\u00bb, comenta. <\/p>\n<p class=\"voc-paragraph\">Y si se trata de una <strong>burguer<\/strong>, \u00absiempre elijo un pan un poco m\u00e1s con un toque dulz\u00f3n, como el pan pretzel que aparece en el libro\u00bb. Porque el universo del pan es infinito y m\u00e1s cuando tienes a mano El mejor pan del mundo, con m\u00e1s de 40 recetas a nuestro alcance, de la mano de un experimentado maestro como Domi V\u00e9lez.\n<\/p>\n<p><!-- TOPICS --><\/p>\n","protected":false},"excerpt":{"rendered":"<p>La gastronom\u00eda est\u00e1 en constante evoluci\u00f3n pero, por mucho que avancen las t\u00e9cnicas y mucho que se apueste por nuevos sabores y el mejor producto, hay un elemento que siempre est\u00e1 presente en nuestras mesas, el pan. Hoy se celebra el d\u00eda internacional de este alimento milenario y para conocerlo mejor hablamos con Domi V\u00e9lez, [&hellip;]<\/p>\n","protected":false},"author":1,"featured_media":68249,"comment_status":"closed","ping_status":"closed","sticky":false,"template":"","format":"standard","meta":[],"categories":[1],"tags":[],"_links":{"self":[{"href":"http:\/\/hoycordobaweb.com\/index.php\/wp-json\/wp\/v2\/posts\/68248"}],"collection":[{"href":"http:\/\/hoycordobaweb.com\/index.php\/wp-json\/wp\/v2\/posts"}],"about":[{"href":"http:\/\/hoycordobaweb.com\/index.php\/wp-json\/wp\/v2\/types\/post"}],"author":[{"embeddable":true,"href":"http:\/\/hoycordobaweb.com\/index.php\/wp-json\/wp\/v2\/users\/1"}],"replies":[{"embeddable":true,"href":"http:\/\/hoycordobaweb.com\/index.php\/wp-json\/wp\/v2\/comments?post=68248"}],"version-history":[{"count":0,"href":"http:\/\/hoycordobaweb.com\/index.php\/wp-json\/wp\/v2\/posts\/68248\/revisions"}],"wp:featuredmedia":[{"embeddable":true,"href":"http:\/\/hoycordobaweb.com\/index.php\/wp-json\/wp\/v2\/media\/68249"}],"wp:attachment":[{"href":"http:\/\/hoycordobaweb.com\/index.php\/wp-json\/wp\/v2\/media?parent=68248"}],"wp:term":[{"taxonomy":"category","embeddable":true,"href":"http:\/\/hoycordobaweb.com\/index.php\/wp-json\/wp\/v2\/categories?post=68248"},{"taxonomy":"post_tag","embeddable":true,"href":"http:\/\/hoycordobaweb.com\/index.php\/wp-json\/wp\/v2\/tags?post=68248"}],"curies":[{"name":"wp","href":"https:\/\/api.w.org\/{rel}","templated":true}]}}