{"id":68226,"date":"2023-10-16T12:11:58","date_gmt":"2023-10-16T12:11:58","guid":{"rendered":"https:\/\/ladecimaweb.com\/?p=20840"},"modified":"2023-10-16T21:06:44","modified_gmt":"2023-10-16T21:06:44","slug":"rescatan-a-un-kitsurfista-en-el-lago-san-roque","status":"publish","type":"post","link":"http:\/\/hoycordobaweb.com\/index.php\/2023\/10\/16\/rescatan-a-un-kitsurfista-en-el-lago-san-roque\/","title":{"rendered":"Rescatan a un kitsurfista en el lago San Roque"},"content":{"rendered":"<div class=\"boldgrid-section\">\n<div class=\"container\">\n<div class=\"row\">\n<div class=\"col-md-12 col-xs-12 col-sm-12\">\n<p class=\"\">En la v\u00edspera, mientras personal policial del DUAR efectuaba tareas de control n\u00e1utico en el lago San Roque, observ\u00f3 a un kitesurfista de 16 a\u00f1os que solicitaba auxilio. Inmediatamente, se procedi\u00f3 al rescate del adolescente quien manifest\u00f3 sentirse fatigado. Luego fue trasladado a la costa, no siendo necesaria su asistencia m\u00e9dica.<\/p>\n<p class=\"\">&nbsp;<\/p>\n<div class=\"ubm_banner\"><a href=\"http:\/\/www.cba.gov.ar\/prevencion-incendios\" target=\"_blank\" rel=\"dofollow noopener noreferrer\"><img src=\"http:\/\/hoycordobaweb.com\/wp-content\/uploads\/2023\/10\/rescatan-a-un-kitsurfista-en-el-lago-san-roque.gif\" alt=\"\"><\/a><\/div>\n<\/div>\n<\/div>\n<\/div>\n<\/div>\n<p>La entrada <a rel=\"nofollow\" href=\"https:\/\/ladecimaweb.com\/rescatan-a-un-kitsurfista-en-el-lago-san-roque\/\">Rescatan a un kitsurfista en el lago San Roque<\/a> se public\u00f3 primero en <a rel=\"nofollow\" href=\"https:\/\/ladecimaweb.com\">LaDecima<\/a>.<\/p>\n","protected":false},"excerpt":{"rendered":"<p>En la v\u00edspera, mientras personal policial del DUAR efectuaba tareas de control n\u00e1utico en el lago San Roque, observ\u00f3 a un kitesurfista de 16 a\u00f1os que solicitaba auxilio. Inmediatamente, se procedi\u00f3 al rescate del adolescente quien manifest\u00f3 sentirse fatigado. Luego fue trasladado a la costa, no siendo necesaria su asistencia m\u00e9dica. &nbsp; La entrada Rescatan [&hellip;]<\/p>\n","protected":false},"author":1,"featured_media":68009,"comment_status":"closed","ping_status":"closed","sticky":false,"template":"","format":"standard","meta":[],"categories":[19],"tags":[],"_links":{"self":[{"href":"http:\/\/hoycordobaweb.com\/index.php\/wp-json\/wp\/v2\/posts\/68226"}],"collection":[{"href":"http:\/\/hoycordobaweb.com\/index.php\/wp-json\/wp\/v2\/posts"}],"about":[{"href":"http:\/\/hoycordobaweb.com\/index.php\/wp-json\/wp\/v2\/types\/post"}],"author":[{"embeddable":true,"href":"http:\/\/hoycordobaweb.com\/index.php\/wp-json\/wp\/v2\/users\/1"}],"replies":[{"embeddable":true,"href":"http:\/\/hoycordobaweb.com\/index.php\/wp-json\/wp\/v2\/comments?post=68226"}],"version-history":[{"count":1,"href":"http:\/\/hoycordobaweb.com\/index.php\/wp-json\/wp\/v2\/posts\/68226\/revisions"}],"predecessor-version":[{"id":68258,"href":"http:\/\/hoycordobaweb.com\/index.php\/wp-json\/wp\/v2\/posts\/68226\/revisions\/68258"}],"wp:featuredmedia":[{"embeddable":true,"href":"http:\/\/hoycordobaweb.com\/index.php\/wp-json\/wp\/v2\/media\/68009"}],"wp:attachment":[{"href":"http:\/\/hoycordobaweb.com\/index.php\/wp-json\/wp\/v2\/media?parent=68226"}],"wp:term":[{"taxonomy":"category","embeddable":true,"href":"http:\/\/hoycordobaweb.com\/index.php\/wp-json\/wp\/v2\/categories?post=68226"},{"taxonomy":"post_tag","embeddable":true,"href":"http:\/\/hoycordobaweb.com\/index.php\/wp-json\/wp\/v2\/tags?post=68226"}],"curies":[{"name":"wp","href":"https:\/\/api.w.org\/{rel}","templated":true}]}}