{"id":68198,"date":"2023-10-15T11:28:51","date_gmt":"2023-10-15T11:28:51","guid":{"rendered":"https:\/\/www.mujerhoy.com\/moda\/no-te-pierdas\/alexandra-pereira-instagram-looks-rejuvenecedores-basicos-otono-20231015035044-nt.html"},"modified":"2023-10-15T11:28:51","modified_gmt":"2023-10-15T11:28:51","slug":"la-unica-prenda-de-punto-que-necesitas-incorporar-a-tu-armario-de-otono-no-es-la-que-pensabas","status":"publish","type":"post","link":"http:\/\/hoycordobaweb.com\/index.php\/2023\/10\/15\/la-unica-prenda-de-punto-que-necesitas-incorporar-a-tu-armario-de-otono-no-es-la-que-pensabas\/","title":{"rendered":"La \u00fanica prenda de punto que necesitas incorporar a tu armario de oto\u00f1o no es la que pensabas"},"content":{"rendered":"<p><!-- AUTHOR --><\/p>\n<div class=\"voc-author-timesocial \"><!-- AUTHOR --><\/p>\n<div class=\"voc-author-timesocial__signature\"><!-- IMAGE AUTHOR --><picture class=\"voc-image-signature\"><img class=\"voc-image-signature__img\" src=\"http:\/\/hoycordobaweb.com\/wp-content\/uploads\/2023\/10\/la-unica-prenda-de-punto-que-necesitas-incorporar-a-tu-armario-de-otono-no-es-la-que-pensabas.jpg\" alt=\"Gemma Cano\"><\/picture><!-- INFO AUTHOR --><\/p>\n<div class=\"voc-author-timesocial__info\">\n<div class=\"voc-author-info\"><author><a title=\"GEMMA CANO\" href=\"https:\/\/www.mujerhoy.com\/autor\/gemma-cano-1220.html\" class=\"voc-author\">GEMMA CANO <\/a><\/author><time datetime=\"2023-10-15T11:28:51Z\" data-timestamp>Publicado \u00b7 <span data-voc-date-modified-short>15 de octubre de 2023, 13:28 h<\/span><\/time><\/div>\n<\/div>\n<\/div>\n<\/div>\n<p><!-- COMPONENTS --><\/p>\n<p class=\"voc-paragraph\">En la moda, todo regresa, incluso aquellas prendas que pensabas que no volver\u00edas a llevar nunca. Y gran parte de la culpa la tiene Instagram, que cada cierto tiempo, nos invitan a <strong>rescatar tendencias que d\u00e1bamos ya por desaparecidas<\/strong>. <\/p>\n<div class=\"voc-detail-photo-zoom\"><picture data-toggle=\"modal\" data-target=\"#photoZoomModal-879\" target=\"modal\">\n<div class=\"voc-img-icon-link\"><img loading=\"lazy\" data-original=\"\/\/static1.mujerhoy.com\/www\/multimedia\/202310\/15\/media\/cortadas\/otono-instagram-alexandra-pereira-nuevo-zara-k8C--460x637@MujerHoy.png\" class=\"lazy adsviu_analyse\"><noscript><img src=\"http:\/\/hoycordobaweb.com\/wp-content\/uploads\/2023\/10\/la-unica-prenda-de-punto-que-necesitas-incorporar-a-tu-armario-de-otono-no-es-la-que-pensabas.webp\"><\/noscript><i class=\"voc-icons zoom voc-multimedia-box voc-ico-l\"><\/i><\/div><figcaption class=\"figure-caption\"><\/figcaption><\/picture><\/div>\n<div id=\"photoZoomModal-879\" class=\"voc-lightbox modal fade voc-lightbox--photo-zoom\" role=\"dialog\" data-voc-photozoom-lightbox>\n<div class=\"voc-lightbox__dialog\" role=\"document\">\n<div class=\"voc-lightbox__content\"><!-- Modal header --><!-- Modal content --><\/p>\n<div class=\"voc-lightbox__photo-container\"><picture class><img loading=\"lazy\" data-original=\"\/\/static1.mujerhoy.com\/www\/multimedia\/202310\/15\/media\/cortadas\/otono-instagram-alexandra-pereira-nuevo-zara-k8C--460x637@MujerHoy.png\" class=\"lazy\"><noscript><img src=\"http:\/\/hoycordobaweb.com\/wp-content\/uploads\/2023\/10\/la-unica-prenda-de-punto-que-necesitas-incorporar-a-tu-armario-de-otono-no-es-la-que-pensabas.webp\"><\/noscript><\/picture><\/div>\n<\/div>\n<\/div>\n<\/div>\n<p class=\"voc-paragraph\">Y una de nuestras cuentas favoritas para detectas <a data-voc-vtm-id=\"in-text-traffic\" href=\"https:\/\/www.mujerhoy.com\/moda\/no-te-pierdas\/sassa-osma-vestidos-camisas-zara-massimo-dutti-secretos-estilo-famosas-modelos-novedades-primavera-20230306015605-nt.html\">tendencias<\/a> emergentes es, sin duda, la de Alexandra Pereira. La influencer espa\u00f1ola, que ahora est\u00e1 viviendo en Dubai, sigue siendo una aut\u00e9ntica prescriptora de estilo para mujeres de cualquier edad. Aunque su estilo es habitualmente sofisticado y minimalista, en los \u00faltimos meses ha apostado por propuestas que se salen de esa l\u00ednea estil\u00edstica.\n<\/p>\n<div class=\"voc-detail-photo-zoom\"><picture data-toggle=\"modal\" data-target=\"#photoZoomModal-281\" target=\"modal\">\n<div class=\"voc-img-icon-link\"><img loading=\"lazy\" data-original=\"\/\/static.mujerhoy.com\/www\/multimedia\/202310\/15\/media\/cortadas\/instagram-alexandra-pereira-nuevo-zara-k8C--460x637@MujerHoy.jpeg\" class=\"lazy adsviu_analyse\"><noscript><img src=\"http:\/\/hoycordobaweb.com\/wp-content\/uploads\/2023\/10\/la-unica-prenda-de-punto-que-necesitas-incorporar-a-tu-armario-de-otono-no-es-la-que-pensabas-1.webp\"><\/noscript><i class=\"voc-icons zoom voc-multimedia-box voc-ico-l\"><\/i><\/div><figcaption class=\"figure-caption\"><\/figcaption><\/picture><\/div>\n<div id=\"photoZoomModal-281\" class=\"voc-lightbox modal fade voc-lightbox--photo-zoom\" role=\"dialog\" data-voc-photozoom-lightbox>\n<div class=\"voc-lightbox__dialog\" role=\"document\">\n<div class=\"voc-lightbox__content\"><!-- Modal header --><!-- Modal content --><\/p>\n<div class=\"voc-lightbox__photo-container\"><picture class><img loading=\"lazy\" data-original=\"\/\/static.mujerhoy.com\/www\/multimedia\/202310\/15\/media\/cortadas\/instagram-alexandra-pereira-nuevo-zara-k8C--460x637@MujerHoy.jpeg\" class=\"lazy\"><noscript><img src=\"http:\/\/hoycordobaweb.com\/wp-content\/uploads\/2023\/10\/la-unica-prenda-de-punto-que-necesitas-incorporar-a-tu-armario-de-otono-no-es-la-que-pensabas-1.webp\"><\/noscript><\/picture><\/div>\n<\/div>\n<\/div>\n<\/div>\n<p class=\"voc-paragraph\">En los \u00faltimos d\u00edas, nos ha dado una nueva <a data-voc-vtm-id=\"in-text-traffic\" href=\"https:\/\/www.mujerhoy.com\/moda\/no-te-pierdas\/amelia-bono-siete-looks-diarios-baratos-como-vestir-20230304002722-nt.html\">lecci\u00f3n de estilo<\/a>, luciendo una prenda de punto completamente inesperada: el c\u00e1rdigan estampado, que vuelve a estar de plena actualidad gracias al poder de Instagram. Si esta temporada quieres copiar su look, estas son <strong>las mejores propuestas de nuestras tiendas favoritas<\/strong>. \u00bfQui\u00e9n se anima?\n<\/p>\n<div class=\"voc-detail-photo-zoom\"><picture data-toggle=\"modal\" data-target=\"#photoZoomModal-939\" target=\"modal\">\n<div class=\"voc-img-icon-link\"><img loading=\"lazy\" data-original=\"\/\/static3.mujerhoy.com\/www\/multimedia\/202310\/15\/media\/cortadas\/sezane-instagram-alexandra-pereira-nuevo-zara-k8C--460x637@MujerHoy.jpg\" class=\"lazy adsviu_analyse\" alt=\"C\u00e1rdigan con estampado de flores de Sezane (115 euros)\"><noscript><img src=\"http:\/\/hoycordobaweb.com\/wp-content\/uploads\/2023\/10\/la-unica-prenda-de-punto-que-necesitas-incorporar-a-tu-armario-de-otono-no-es-la-que-pensabas-2.webp\" alt=\"C\u00e1rdigan con estampado de flores de Sezane (115 euros)\"><\/noscript><i class=\"voc-icons zoom voc-multimedia-box voc-ico-l\"><\/i><\/div><figcaption class=\"figure-caption\">C\u00e1rdigan con estampado de flores de Sezane (115 euros)<\/figcaption><\/picture><\/div>\n<div id=\"photoZoomModal-939\" class=\"voc-lightbox modal fade voc-lightbox--photo-zoom\" role=\"dialog\" data-voc-photozoom-lightbox>\n<div class=\"voc-lightbox__dialog\" role=\"document\">\n<div class=\"voc-lightbox__content\"><!-- Modal header --><!-- Modal content --><\/p>\n<div class=\"voc-lightbox__photo-container\"><picture class><img loading=\"lazy\" data-original=\"\/\/static3.mujerhoy.com\/www\/multimedia\/202310\/15\/media\/cortadas\/sezane-instagram-alexandra-pereira-nuevo-zara-k8C--460x637@MujerHoy.jpg\" alt=\"C\u00e1rdigan con estampado de flores de Sezane (115 euros)\" class=\"lazy\"><noscript><img src=\"http:\/\/hoycordobaweb.com\/wp-content\/uploads\/2023\/10\/la-unica-prenda-de-punto-que-necesitas-incorporar-a-tu-armario-de-otono-no-es-la-que-pensabas-2.webp\" alt=\"C\u00e1rdigan con estampado de flores de Sezane (115 euros)\"><\/noscript><\/picture><\/div>\n<\/div>\n<\/div>\n<\/div>\n<p><h3 class=\"voc-detail__title\"> C\u00e1rdigan con estampado de flores de Sezane (115 euros)<br \/>\n<\/h3>\n<\/p>\n<p class=\"voc-paragraph\">Si quieres hacer una buena inversi\u00f3n este oto\u00f1o, apuesta por las prendas de punto m\u00e1s elegantes de la firma francesa.\n<\/p>\n<div class=\"voc-detail-photo-zoom\"><picture data-toggle=\"modal\" data-target=\"#photoZoomModal-326\" target=\"modal\">\n<div class=\"voc-img-icon-link\"><img loading=\"lazy\" data-original=\"\/\/static1.mujerhoy.com\/www\/multimedia\/202310\/15\/media\/cortadas\/rosa-instagram-alexandra-pereira-nuevo-zara-k8C--460x637@MujerHoy.jpeg\" class=\"lazy adsviu_analyse\" alt=\"Chaqueta de punto \"><noscript><img src=\"http:\/\/hoycordobaweb.com\/wp-content\/uploads\/2023\/10\/la-unica-prenda-de-punto-que-necesitas-incorporar-a-tu-armario-de-otono-no-es-la-que-pensabas-3.webp\" alt=\"Chaqueta de punto \"><\/noscript><i class=\"voc-icons zoom voc-multimedia-box voc-ico-l\"><\/i><\/div><figcaption class=\"figure-caption\">Chaqueta de punto <\/figcaption><\/picture><\/div>\n<div id=\"photoZoomModal-326\" class=\"voc-lightbox modal fade voc-lightbox--photo-zoom\" role=\"dialog\" data-voc-photozoom-lightbox>\n<div class=\"voc-lightbox__dialog\" role=\"document\">\n<div class=\"voc-lightbox__content\"><!-- Modal header --><!-- Modal content --><\/p>\n<div class=\"voc-lightbox__photo-container\"><picture class><img loading=\"lazy\" data-original=\"\/\/static1.mujerhoy.com\/www\/multimedia\/202310\/15\/media\/cortadas\/rosa-instagram-alexandra-pereira-nuevo-zara-k8C--460x637@MujerHoy.jpeg\" alt=\"Chaqueta de punto \" class=\"lazy\"><noscript><img src=\"http:\/\/hoycordobaweb.com\/wp-content\/uploads\/2023\/10\/la-unica-prenda-de-punto-que-necesitas-incorporar-a-tu-armario-de-otono-no-es-la-que-pensabas-3.webp\" alt=\"Chaqueta de punto \"><\/noscript><\/picture><\/div>\n<\/div>\n<\/div>\n<\/div>\n<p><h3 class=\"voc-detail__title\"> de color rosa de Zara (25 euros<br \/>\n<\/h3>\n<\/p>\n<p class=\"voc-paragraph\">Una prenda perfecta para los primeros d\u00edas del oto\u00f1o, que iluminar\u00e1 todos tus looks de nueva temporada.\n<\/p>\n<div class=\"voc-detail-photo-zoom\"><picture data-toggle=\"modal\" data-target=\"#photoZoomModal-141\" target=\"modal\">\n<div class=\"voc-img-icon-link\"><img loading=\"lazy\" data-original=\"\/\/static1.mujerhoy.com\/www\/multimedia\/202310\/15\/media\/cortadas\/hym-instagram-alexandra-pereira-nuevo-zara-k8C--460x637@MujerHoy.jpeg\" class=\"lazy adsviu_analyse\" alt=\"Chaqueta de punto de H&amp;M (29,99 euros)\"><noscript><img src=\"http:\/\/hoycordobaweb.com\/wp-content\/uploads\/2023\/10\/la-unica-prenda-de-punto-que-necesitas-incorporar-a-tu-armario-de-otono-no-es-la-que-pensabas-4.webp\" alt=\"Chaqueta de punto de H&amp;M (29,99 euros)\"><\/noscript><i class=\"voc-icons zoom voc-multimedia-box voc-ico-l\"><\/i><\/div><figcaption class=\"figure-caption\">Chaqueta de punto de H&amp;M (29,99 euros)<\/figcaption><\/picture><\/div>\n<div id=\"photoZoomModal-141\" class=\"voc-lightbox modal fade voc-lightbox--photo-zoom\" role=\"dialog\" data-voc-photozoom-lightbox>\n<div class=\"voc-lightbox__dialog\" role=\"document\">\n<div class=\"voc-lightbox__content\"><!-- Modal header --><!-- Modal content --><\/p>\n<div class=\"voc-lightbox__photo-container\"><picture class><img loading=\"lazy\" data-original=\"\/\/static1.mujerhoy.com\/www\/multimedia\/202310\/15\/media\/cortadas\/hym-instagram-alexandra-pereira-nuevo-zara-k8C--460x637@MujerHoy.jpeg\" alt=\"Chaqueta de punto de H&amp;M (29,99 euros)\" class=\"lazy\"><noscript><img src=\"http:\/\/hoycordobaweb.com\/wp-content\/uploads\/2023\/10\/la-unica-prenda-de-punto-que-necesitas-incorporar-a-tu-armario-de-otono-no-es-la-que-pensabas-4.webp\" alt=\"Chaqueta de punto de H&amp;M (29,99 euros)\"><\/noscript><\/picture><\/div>\n<\/div>\n<\/div>\n<\/div>\n<p><h3 class=\"voc-detail__title\"> Chaqueta de punto de H&amp;M (29,99 euros)<br \/>\n<\/h3>\n<\/p>\n<p class=\"voc-paragraph\">El amarillo, en su versi\u00f3n m\u00e1s suave y combinado con lila y blanco, es perfecto para conseguir un look de nota. Una prenda especial que llevar\u00e1s sin parar todo el oto\u00f1o.\n<\/p>\n<div class=\"voc-detail-photo-zoom\"><picture data-toggle=\"modal\" data-target=\"#photoZoomModal-468\" target=\"modal\">\n<div class=\"voc-img-icon-link\"><img loading=\"lazy\" data-original=\"\/\/static1.mujerhoy.com\/www\/multimedia\/202310\/15\/media\/cortadas\/negro-instagram-alexandra-pereira-nuevo-zara-k8C--460x637@MujerHoy.jpeg\" class=\"lazy adsviu_analyse\" alt=\"Chaqueta de hilo metalizado de Zara (29,99 euros)\"><noscript><img src=\"http:\/\/hoycordobaweb.com\/wp-content\/uploads\/2023\/10\/la-unica-prenda-de-punto-que-necesitas-incorporar-a-tu-armario-de-otono-no-es-la-que-pensabas-5.webp\" alt=\"Chaqueta de hilo metalizado de Zara (29,99 euros)\"><\/noscript><i class=\"voc-icons zoom voc-multimedia-box voc-ico-l\"><\/i><\/div><figcaption class=\"figure-caption\">Chaqueta de hilo metalizado de Zara (29,99 euros)<\/figcaption><\/picture><\/div>\n<div id=\"photoZoomModal-468\" class=\"voc-lightbox modal fade voc-lightbox--photo-zoom\" role=\"dialog\" data-voc-photozoom-lightbox>\n<div class=\"voc-lightbox__dialog\" role=\"document\">\n<div class=\"voc-lightbox__content\"><!-- Modal header --><!-- Modal content --><\/p>\n<div class=\"voc-lightbox__photo-container\"><picture class><img loading=\"lazy\" data-original=\"\/\/static1.mujerhoy.com\/www\/multimedia\/202310\/15\/media\/cortadas\/negro-instagram-alexandra-pereira-nuevo-zara-k8C--460x637@MujerHoy.jpeg\" alt=\"Chaqueta de hilo metalizado de Zara (29,99 euros)\" class=\"lazy\"><noscript><img src=\"http:\/\/hoycordobaweb.com\/wp-content\/uploads\/2023\/10\/la-unica-prenda-de-punto-que-necesitas-incorporar-a-tu-armario-de-otono-no-es-la-que-pensabas-5.webp\" alt=\"Chaqueta de hilo metalizado de Zara (29,99 euros)\"><\/noscript><\/picture><\/div>\n<\/div>\n<\/div>\n<\/div>\n<p><h3 class=\"voc-detail__title\"> Chaqueta de hilo metalizado de Zara (29,99 euros)<br \/>\n<\/h3>\n<\/p>\n<p class=\"voc-paragraph\">Si lo tuyo no son los colores pastel, apuesta por una combinaci\u00f3n muy elegante. El negro y el plata se al\u00edan en esta original prenda de punto.\n<\/p>\n<div class=\"voc-detail-photo-zoom\"><picture data-toggle=\"modal\" data-target=\"#photoZoomModal-957\" target=\"modal\">\n<div class=\"voc-img-icon-link\"><img loading=\"lazy\" data-original=\"\/\/static1.mujerhoy.com\/www\/multimedia\/202310\/15\/media\/cortadas\/chaquetas-instagram-alexandra-pereira-nuevo-zara-k8C--460x637@MujerHoy.jpeg\" class=\"lazy adsviu_analyse\" alt=\"Chaqueta estampada de H&amp;M (24,99 euros)\"><noscript><img src=\"http:\/\/hoycordobaweb.com\/wp-content\/uploads\/2023\/10\/la-unica-prenda-de-punto-que-necesitas-incorporar-a-tu-armario-de-otono-no-es-la-que-pensabas-6.webp\" alt=\"Chaqueta estampada de H&amp;M (24,99 euros)\"><\/noscript><i class=\"voc-icons zoom voc-multimedia-box voc-ico-l\"><\/i><\/div><figcaption class=\"figure-caption\">Chaqueta estampada de H&amp;M (24,99 euros)<\/figcaption><\/picture><\/div>\n<div id=\"photoZoomModal-957\" class=\"voc-lightbox modal fade voc-lightbox--photo-zoom\" role=\"dialog\" data-voc-photozoom-lightbox>\n<div class=\"voc-lightbox__dialog\" role=\"document\">\n<div class=\"voc-lightbox__content\"><!-- Modal header --><!-- Modal content --><\/p>\n<div class=\"voc-lightbox__photo-container\"><picture class><img loading=\"lazy\" data-original=\"\/\/static1.mujerhoy.com\/www\/multimedia\/202310\/15\/media\/cortadas\/chaquetas-instagram-alexandra-pereira-nuevo-zara-k8C--460x637@MujerHoy.jpeg\" alt=\"Chaqueta estampada de H&amp;M (24,99 euros)\" class=\"lazy\"><noscript><img src=\"http:\/\/hoycordobaweb.com\/wp-content\/uploads\/2023\/10\/la-unica-prenda-de-punto-que-necesitas-incorporar-a-tu-armario-de-otono-no-es-la-que-pensabas-6.webp\" alt=\"Chaqueta estampada de H&amp;M (24,99 euros)\"><\/noscript><\/picture><\/div>\n<\/div>\n<\/div>\n<\/div>\n<p><h3 class=\"voc-detail__title\"> Chaqueta estampada de H&amp;M (24,99 euros)<br \/>\n<\/h3>\n<\/p>\n<p class=\"voc-paragraph\">El print animal tambi\u00e9n se ha instalado sobre este tipo de prendas de punto. Elige un dise\u00f1o en tonos pastel para conseguir un look equilibrado.\n<\/p>\n<p><!-- TOPICS --><\/p>\n","protected":false},"excerpt":{"rendered":"<p>GEMMA CANO Publicado \u00b7 15 de octubre de 2023, 13:28 h En la moda, todo regresa, incluso aquellas prendas que pensabas que no volver\u00edas a llevar nunca. Y gran parte de la culpa la tiene Instagram, que cada cierto tiempo, nos invitan a rescatar tendencias que d\u00e1bamos ya por desaparecidas. Y una de nuestras cuentas [&hellip;]<\/p>\n","protected":false},"author":1,"featured_media":68199,"comment_status":"closed","ping_status":"closed","sticky":false,"template":"","format":"standard","meta":[],"categories":[1],"tags":[],"_links":{"self":[{"href":"http:\/\/hoycordobaweb.com\/index.php\/wp-json\/wp\/v2\/posts\/68198"}],"collection":[{"href":"http:\/\/hoycordobaweb.com\/index.php\/wp-json\/wp\/v2\/posts"}],"about":[{"href":"http:\/\/hoycordobaweb.com\/index.php\/wp-json\/wp\/v2\/types\/post"}],"author":[{"embeddable":true,"href":"http:\/\/hoycordobaweb.com\/index.php\/wp-json\/wp\/v2\/users\/1"}],"replies":[{"embeddable":true,"href":"http:\/\/hoycordobaweb.com\/index.php\/wp-json\/wp\/v2\/comments?post=68198"}],"version-history":[{"count":0,"href":"http:\/\/hoycordobaweb.com\/index.php\/wp-json\/wp\/v2\/posts\/68198\/revisions"}],"wp:featuredmedia":[{"embeddable":true,"href":"http:\/\/hoycordobaweb.com\/index.php\/wp-json\/wp\/v2\/media\/68199"}],"wp:attachment":[{"href":"http:\/\/hoycordobaweb.com\/index.php\/wp-json\/wp\/v2\/media?parent=68198"}],"wp:term":[{"taxonomy":"category","embeddable":true,"href":"http:\/\/hoycordobaweb.com\/index.php\/wp-json\/wp\/v2\/categories?post=68198"},{"taxonomy":"post_tag","embeddable":true,"href":"http:\/\/hoycordobaweb.com\/index.php\/wp-json\/wp\/v2\/tags?post=68198"}],"curies":[{"name":"wp","href":"https:\/\/api.w.org\/{rel}","templated":true}]}}