{"id":68194,"date":"2023-10-15T18:31:28","date_gmt":"2023-10-15T18:31:28","guid":{"rendered":"https:\/\/www.ole.com.ar\/fuera-de-juego\/exclusivo-ole-artista-acusaron-cristiano-ronaldo-iran-desconocia-ley_0_QzBO2Y43Jb.html"},"modified":"2023-10-15T18:31:28","modified_gmt":"2023-10-15T18:31:28","slug":"hablo-con-ole-la-artista-por-la-que-acusaron-a-cr7-en-iran-cristiano-ronaldo-desconocia-esta-ley","status":"publish","type":"post","link":"http:\/\/hoycordobaweb.com\/index.php\/2023\/10\/15\/hablo-con-ole-la-artista-por-la-que-acusaron-a-cr7-en-iran-cristiano-ronaldo-desconocia-esta-ley\/","title":{"rendered":"Habl\u00f3 con Ol\u00e9 la artista por la que acusaron a CR7 en Ir\u00e1n: \u00abCristiano Ronaldo desconoc\u00eda esta ley\u00bb"},"content":{"rendered":"<p><img src=\"http:\/\/hoycordobaweb.com\/wp-content\/uploads\/2023\/10\/hablo-con-ole-la-artista-por-la-que-acusaron-a-cr7-en-iran-cristiano-ronaldo-desconocia-esta-ley.jpg\"><\/p>\n<p><time class=\"createDate\" datetime=\"2023-10-15T15:31:28-03:00\">15\/10\/2023 15:31hs.<\/time><time class=\"modificatedDate\" datetime=\"2023-10-15T16:24:32-03:00\"> Actualizado al 15\/10\/2023 16:24hs.<\/time><\/p>\n<div id=\"storyBody\">\n<div class=\"custom-text \" readability=\"37\">\n<p>Fatemeh Hamami Nasrabadi ni siquiera rozaba la adolescencia cuando descubri\u00f3 en los l\u00e1pices una forma de ponerle color a su vida. Empez\u00f3 as\u00ed <strong>a pintar con sus pies<\/strong>, burlando a la discapacidad que la acompa\u00f1a desde que lleg\u00f3 al mundo. \u00ab<strong>Tengo el 85% del cuerpo paralizado<\/strong> porque al nacer no tuve ox\u00edgeno por cinco minutos. Era gemela con mi hermana y eso hizo<strong> que las enfermeras y el doctor no me localizaran<\/strong>\u00ab, explica.<\/p>\n<\/div>\n<div class=\"custom-text \" readability=\"42\">\n<p>Entre trazo y trazo, la iran\u00ed ensay\u00f3 sobre el lienzo distintos rostros, algo que le resulta \u00abmuy atractivo\u00bb: deportistas, actores y figuras de cualquier \u00e1mbito fueron sus modelos a retratar. Uno de los protagonistas a los que homenaje\u00f3 fue Cristiano Ronaldo a quien, en septiembre de este a\u00f1o, tuvo la posibilidad de conocer. Ninguno de los dos imaginaba que esa visita <strong>traer\u00eda aparejada una enorme pol\u00e9mica <\/strong>que, en los \u00faltimos d\u00edas, se filtr\u00f3 en la agenda mundial.<\/p>\n<\/div>\n<div class=\"custom-text \" readability=\"37\">\n<p>\u00ab<strong>Las noticias falsas me ponen muy triste y me enojan<\/strong>. Estaba muy feliz de ver a Cristiano y regalarle los cuadros\u00bb, le asegur\u00f3 a <strong>Ol\u00e9 <\/strong>la artista de 34 a\u00f1os. Porque el viernes, en Medio Oriente surgi\u00f3 una versi\u00f3n que compromet\u00eda al delantero del Al-Nassr y que no tard\u00f3 en viralizarse: medios locales sosten\u00edan que <strong>el portugu\u00e9s recibir\u00eda 99 latigazos por adulterio<\/strong> luego de haber abrazado y besado a la joven.<\/p>\n<\/div>\n<div class=\"sc-7ce6049-0 dwIKul\">\n<div class=\"sc-7ce6049-1 bdcBBS videoText\" id=\"contentTitleundefinedQQYdA75W\" readability=\"56\"><svg fill=\"#ffffff\"><symbol id=\"play\" viewBox=\"0 0 512 512\"><path d=\"M512 256C512 397.4 397.4 512 256 512C114.6 512 0 397.4 0 256C0 114.6 114.6 0 256 0C397.4 0 512 114.6 512 256zM176 168V344C176 352.7 180.7 360.7 188.3 364.9C195.8 369.2 205.1 369 212.5 364.5L356.5 276.5C363.6 272.1 368 264.4 368 256C368 247.6 363.6 239.9 356.5 235.5L212.5 147.5C205.1 142.1 195.8 142.8 188.3 147.1C180.7 151.3 176 159.3 176 168V168z\" \/><\/symbol><use xlink:href=\"#play\" \/><\/svg><\/p>\n<div class=\"right\" readability=\"7\">\n<p>Cristiano Ronaldo<!-- --> &#8211;<!-- --> <span>15-10-2023<\/span><\/p>\n<h2 class=\"title-vid\">El encuentro entre Cristiano Ronaldo y la artista iran\u00ed con 85% de par\u00e1lisis corporal<\/h2>\n<\/div>\n<\/div>\n<p><span class=\"back\" id=\"spanBackundefinedQQYdA75W\"><\/span><\/div>\n<div class=\"custom-text \" readability=\"38\">\n<p>Si bien la embajada iran\u00ed que est\u00e1 en Espa\u00f1a desminti\u00f3 esa informaci\u00f3n, la pintora nacida a pocos kil\u00f3metros de la ciudad de Kashan <strong>eligi\u00f3 no ignorar el tema y se pronunci\u00f3 al respecto<\/strong>. \u00abCristiano Ronaldo es un personaje extremadamente profesional y \u00e9tico que siempre se involucra en grandes asuntos de caridad, y<strong> me abraz\u00f3 con amor y cari\u00f1o<\/strong>\u00ab, comenz\u00f3 diciendo.<\/p>\n<\/div>\n<div class=\"custom-text \" readability=\"36\">\n<p>El relato sigui\u00f3: \u00abAbogados desempleados hicieron acusaciones en su contra sin mi permiso o el de mi familia. En Ir\u00e1n ha cometido un delito por abrazarme, mientras que <strong>nosotros nunca hemos tenido ninguna queja&#8230; <\/strong>Estoy muy agradecida a Ronaldo por su amor y cari\u00f1o hacia m\u00ed. Espero que le pase lo mejor en la vida y f\u00fatbol\u00bb.<\/p>\n<\/div>\n<div class=\"custom-text \" readability=\"34\">\n<p><strong>-\u00bfAlguien le avis\u00f3 al momento de abrazarte que, seg\u00fan la ley, estaba cometiendo un delito?<\/strong><\/p>\n<\/div>\n<div class=\"custom-text \" readability=\"37\">\n<p>-Nadie le dijo nada sobre las leyes de Ir\u00e1n y \u00e9l tampoco lo sab\u00eda, <strong>pero el abrazo de Ronaldo fue por su amor y hermandad<\/strong>, y no ten\u00eda mala intenci\u00f3n. Mi familia y yo no tenemos quejas sobre este tema, s\u00f3lo queremos negar estas acusaciones contra Cristiano.<\/p>\n<\/div>\n<div class=\"custom-text \" readability=\"32\">\n<p><strong>-\u00bfHay forma de evitar ese castigo?<\/strong><\/p>\n<\/div>\n<div class=\"custom-text \" readability=\"38\">\n<p>-Nadie tiene derecho a condenarlo cuando no tiene denuncia judicial. En primer lugar, <strong>Cristiano Ronaldo desconoc\u00eda esta ley en Ir\u00e1n<\/strong> y, en segundo lugar, mi familia y yo no tenemos quejas, por lo que estos rumores y noticias son completamente rechazados.<\/p>\n<\/div>\n<div class=\"sc-e7b891c4-0 jPbnQF\"><img alt=\"Uno de los tantos momentos en los que retrat\u00f3 a Cristiano.\" src=\"http:\/\/hoycordobaweb.com\/wp-content\/uploads\/2023\/10\/hablo-con-ole-la-artista-por-la-que-acusaron-a-cr7-en-iran-cristiano-ronaldo-desconocia-esta-ley-2.jpg\" width=\"720\" height=\"100\" decoding=\"async\" data-nimg=\"future\" loading=\"lazy\"><span class=\"epigraphe\">Uno de los tantos momentos en los que retrat\u00f3 a Cristiano.<\/span><\/div>\n<p><h2><strong>El encuentro entre Fatemeh y Cristiano Ronaldo: \u00abUn sue\u00f1o cumplido\u00bb<\/strong><\/h2>\n<\/p>\n<div class=\"custom-text \" readability=\"38\">\n<p>Aunque era peque\u00f1a cuando empez\u00f3 a dibujar, <strong>Fatemeh se anim\u00f3 a ilustrar por primera vez a Cristiano Ronaldo en 2015<\/strong>. Ese a\u00f1o tambi\u00e9n hizo lo propio con el rostro de <strong>Lionel Messi, a quien considera \u00abun modelo a seguir\u00bb<\/strong> por la lucha contra los problemas de crecimiento. \u00abVer su historia me da mucha fuerza y es mi motivaci\u00f3n para lograr mis sue\u00f1os. <strong>Me gustar\u00eda verlo y darle su retrato&#8230; <\/strong>Es uno de mis atletas favoritos. Si tengo la oportunidad de conocerlo ser\u00e9 muy feliz\u00bb, asegura.<\/p>\n<\/div>\n<div class=\"custom-text \" readability=\"32\">\n<p><strong>-A Cristiano ya pudiste conocerlo&#8230;<\/strong><\/p>\n<\/div>\n<div class=\"custom-text \" readability=\"35\">\n<p>-Fue un sue\u00f1o. Pas\u00e9 varios a\u00f1os dibujando sus retratos y<strong> no pod\u00eda creer que ese sue\u00f1o se haya vuelto realidad <\/strong>y ver a Cristiano en nuestro pa\u00eds, Ir\u00e1n, y darle las pinturas como regalo.<\/p>\n<\/div>\n<div class=\"custom-text \" readability=\"32\">\n<p><strong>-\u00bfC\u00f3mo fue ese encuentro?<\/strong><\/p>\n<\/div>\n<div class=\"custom-text \" readability=\"36\">\n<p>-So\u00f1\u00e9 durante un buen tiempo con conocerlo. Cuando Al-Nassr jug\u00f3 contra Pers\u00e9polis en Teher\u00e1n, <strong>viaj\u00e9 con mi familia desde mi ciudad natal para encontrarme con Cristiano en el hotel<\/strong> donde se alojaba su equipo. Fue muy valioso para m\u00ed. Me alegr\u00f3 mucho. \u00a1Y me regal\u00f3 su camiseta! Voy a dej\u00e1rmela de souvenir&#8230; Es muy importante y valiosa para m\u00ed<\/p>\n<\/div>\n<div class=\"sc-e7b891c4-0 jPbnQF\"><img alt=\"El momento en el que deline\u00f3 el retrato de Leo.\" src=\"http:\/\/hoycordobaweb.com\/wp-content\/uploads\/2023\/10\/hablo-con-ole-la-artista-por-la-que-acusaron-a-cr7-en-iran-cristiano-ronaldo-desconocia-esta-ley-3.jpg\" width=\"720\" height=\"100\" decoding=\"async\" data-nimg=\"future\" loading=\"lazy\"><span class=\"epigraphe\">El momento en el que deline\u00f3 el retrato de Leo.<\/span><\/div>\n<p><h2><strong>La admiraci\u00f3n de Fatemeh por Lionel Messi y Diego Maradona<\/strong><\/h2>\n<\/p>\n<div class=\"custom-text \" readability=\"38\">\n<p>Lionel Messi no es el \u00fanico argentino al que Fatemeh retrat\u00f3 con sus pies: tambi\u00e9n plasm\u00f3 sobre el pa\u00f1o a Diego Maradona. \u00abNo soy muy aficionada del f\u00fatbol, \u200b\u200bpero conozco a algunos atletas famosos y populares como Ronaldo y Messi. <strong>Maradona fue una leyenda del deporte. Como es famoso, dibuj\u00e9 su imagen<\/strong>\u00ab, explica.<\/p>\n<\/div>\n<div class=\"custom-text \" readability=\"33\">\n<p><strong>-Adem\u00e1s de la historia de Leo, \u00bfqu\u00e9 es lo que te inspira?<\/strong><\/p>\n<\/div>\n<div class=\"custom-text \" readability=\"35\">\n<p>-Lo que me inspira es <strong>la esperanza que existe en mi alma para lograr mis metas<\/strong>. Esa esperanza me da m\u00e1s poder para conseguir lo que quiero. Esa es la raz\u00f3n para luchar por mis sue\u00f1os, a pesar del duro momento que estoy pasando por mi situaci\u00f3n.<\/p>\n<\/div>\n<div class=\"custom-text \" readability=\"41\">\n<p>Tiempo atr\u00e1s, el mayor sue\u00f1o de la artista era ser conocida a nivel global y dejar su nombre en la historia. Hoy, con 34 a\u00f1os, parece haber llegado a la meta. \u00abMe gustar\u00eda donar un cuadro a cada persona que dibujo,<strong> como lo hice con Cristiano Ronaldo, a quien le regal\u00e9 dos pinturas<\/strong>\u00ab, resume. Hasta recibi\u00f3 premios en festivales locales por su talento. Una verdadera historia de superaci\u00f3n.<\/p>\n<\/div>\n<div class=\"sc-e7b891c4-0 jPbnQF\"><img alt=\"Fatemeh y su retrato de Messi.\" src=\"http:\/\/hoycordobaweb.com\/wp-content\/uploads\/2023\/10\/hablo-con-ole-la-artista-por-la-que-acusaron-a-cr7-en-iran-cristiano-ronaldo-desconocia-esta-ley-4.jpg\" width=\"720\" height=\"100\" decoding=\"async\" data-nimg=\"future\" loading=\"lazy\"><span class=\"epigraphe\">Fatemeh y su retrato de Messi.<\/span><\/div>\n<div class=\"sc-a7166897-0 exHLBh\" readability=\"6.5\">\n<section readability=\"3\"><picture><img alt=\"Cristiano, cerca de otro r\u00e9cord: &quot;Conf\u00edo en llegar a los 900 goles&quot;\" src=\"http:\/\/hoycordobaweb.com\/wp-content\/uploads\/2023\/10\/hablo-con-ole-la-artista-por-la-que-acusaron-a-cr7-en-iran-cristiano-ronaldo-desconocia-esta-ley-5.jpg\" width=\"290\" height=\"290\" decoding=\"async\" data-nimg=\"future\" loading=\"lazy\"><\/picture>\n<p><span>Mir\u00e1 tambi\u00e9n<\/span><\/p>\n<hr>\n<h3>Cristiano, cerca de otro r\u00e9cord: \u00abConf\u00edo en llegar a los 900 goles\u00bb<\/h3>\n<\/p>\n<\/section>\n<\/div>\n<div class=\"sc-a7166897-0 exHLBh\" readability=\"6\">\n<section readability=\"2\"><picture><img alt=\"Desmintieron la condena de 99 latigazos contra Cristiano Ronaldo\" src=\"http:\/\/hoycordobaweb.com\/wp-content\/uploads\/2023\/10\/hablo-con-ole-la-artista-por-la-que-acusaron-a-cr7-en-iran-cristiano-ronaldo-desconocia-esta-ley-6.jpg\" width=\"290\" height=\"290\" decoding=\"async\" data-nimg=\"future\" loading=\"lazy\"><\/picture>\n<p><span>Mir\u00e1 tambi\u00e9n<\/span><\/p>\n<hr>\n<h3>Desmintieron la condena de 99 latigazos contra Cristiano Ronaldo<\/h3>\n<\/p>\n<\/section>\n<\/div>\n<div class=\"sc-a7166897-0 exHLBh\" readability=\"6\">\n<section readability=\"2\"><picture><img alt=\"La incre\u00edble comparaci\u00f3n entre Cristiano Ronaldo y Jude Bellingham en Real Madrid\" src=\"http:\/\/hoycordobaweb.com\/wp-content\/uploads\/2023\/10\/hablo-con-ole-la-artista-por-la-que-acusaron-a-cr7-en-iran-cristiano-ronaldo-desconocia-esta-ley-7.jpg\" width=\"290\" height=\"290\" decoding=\"async\" data-nimg=\"future\" loading=\"lazy\"><\/picture>\n<p><span>Mir\u00e1 tambi\u00e9n<\/span><\/p>\n<hr>\n<h3>La incre\u00edble comparaci\u00f3n entre Cristiano Ronaldo y Jude Bellingham en Real Madrid<\/h3>\n<\/p>\n<\/section>\n<\/div>\n<\/div>\n","protected":false},"excerpt":{"rendered":"<p>15\/10\/2023 15:31hs. Actualizado al 15\/10\/2023 16:24hs. Fatemeh Hamami Nasrabadi ni siquiera rozaba la adolescencia cuando descubri\u00f3 en los l\u00e1pices una forma de ponerle color a su vida. Empez\u00f3 as\u00ed a pintar con sus pies, burlando a la discapacidad que la acompa\u00f1a desde que lleg\u00f3 al mundo. \u00abTengo el 85% del cuerpo paralizado porque al nacer [&hellip;]<\/p>\n","protected":false},"author":1,"featured_media":68195,"comment_status":"open","ping_status":"closed","sticky":false,"template":"","format":"standard","meta":[],"categories":[16],"tags":[],"_links":{"self":[{"href":"http:\/\/hoycordobaweb.com\/index.php\/wp-json\/wp\/v2\/posts\/68194"}],"collection":[{"href":"http:\/\/hoycordobaweb.com\/index.php\/wp-json\/wp\/v2\/posts"}],"about":[{"href":"http:\/\/hoycordobaweb.com\/index.php\/wp-json\/wp\/v2\/types\/post"}],"author":[{"embeddable":true,"href":"http:\/\/hoycordobaweb.com\/index.php\/wp-json\/wp\/v2\/users\/1"}],"replies":[{"embeddable":true,"href":"http:\/\/hoycordobaweb.com\/index.php\/wp-json\/wp\/v2\/comments?post=68194"}],"version-history":[{"count":0,"href":"http:\/\/hoycordobaweb.com\/index.php\/wp-json\/wp\/v2\/posts\/68194\/revisions"}],"wp:featuredmedia":[{"embeddable":true,"href":"http:\/\/hoycordobaweb.com\/index.php\/wp-json\/wp\/v2\/media\/68195"}],"wp:attachment":[{"href":"http:\/\/hoycordobaweb.com\/index.php\/wp-json\/wp\/v2\/media?parent=68194"}],"wp:term":[{"taxonomy":"category","embeddable":true,"href":"http:\/\/hoycordobaweb.com\/index.php\/wp-json\/wp\/v2\/categories?post=68194"},{"taxonomy":"post_tag","embeddable":true,"href":"http:\/\/hoycordobaweb.com\/index.php\/wp-json\/wp\/v2\/tags?post=68194"}],"curies":[{"name":"wp","href":"https:\/\/api.w.org\/{rel}","templated":true}]}}