{"id":68192,"date":"2023-10-15T18:57:23","date_gmt":"2023-10-15T18:57:23","guid":{"rendered":"https:\/\/www.ole.com.ar\/boca-juniors\/copa-libertadores-final-reloj-countdown-rio-janeiro_0_qJMBkJMI3w.html"},"modified":"2023-10-15T18:57:23","modified_gmt":"2023-10-15T18:57:23","slug":"sigue-el-countdown-de-la-final-asi-esta-rio-a-20-dias-del-boca-fluminense","status":"publish","type":"post","link":"http:\/\/hoycordobaweb.com\/index.php\/2023\/10\/15\/sigue-el-countdown-de-la-final-asi-esta-rio-a-20-dias-del-boca-fluminense\/","title":{"rendered":"Sigue el countdown de la final: as\u00ed est\u00e1 R\u00edo a 20 d\u00edas del Boca &#8211; Fluminense"},"content":{"rendered":"<p><img src=\"http:\/\/hoycordobaweb.com\/wp-content\/uploads\/2023\/10\/sigue-el-countdown-de-la-final-asi-esta-rio-a-20-dias-del-boca-fluminense.jpg\"><\/p>\n<p><time class=\"createDate\" datetime=\"2023-10-15T15:57:23-03:00\">15\/10\/2023 15:57hs.<\/time><time class=\"modificatedDate\" datetime=\"2023-10-15T15:57:22-03:00\"><\/time><\/p>\n<div id=\"storyBody\">\n<div class=\"custom-text \" readability=\"34.727777777778\">\n<p>Ser\u00e1 el centro de atenci\u00f3n del mundo del f\u00fatbol dentro de algunas semanas, cuando reciba la final de la <strong><a href=\"https:\/\/www.ole.com.ar\/tema\/copa-libertadores.html\" title=\"Copa Libertadores\" alt=\"Copa Libertadores\" class=\"slug\">Copa Libertadores<\/a><\/strong> entre <strong><a href=\"https:\/\/www.ole.com.ar\/tema\/boca-juniors.html\" title=\"Boca Juniors\" alt=\"Boca Juniors\" class=\"slug\">Boca<\/a><\/strong> y<strong><a href=\"https:\/\/www.ole.com.ar\/tema\/fluminense.html\" title=\"Fluminense\" alt=\"Fluminense\" class=\"slug\"> Fluminense<\/a><\/strong>. Por eso,<strong> R\u00edo de Janeiro ya va tomando color y el reloj que cuenta las horas que faltan para el pitazo inicial (el s\u00e1bado 4 de noviembre a las 17 horas), sigue su marcha invariable en las playas de Copacabana.<\/strong><\/p>\n<\/div>\n<div class=\"custom-text \" readability=\"36\">\n<p>En una ma\u00f1ana de domingo, nublada y sin tanta gente sobre la arena (luego de varios d\u00edas sin ver el sol y con el pron\u00f3stico no muy alentador para los d\u00edas que siguen), <strong>el clima en la cidade maravilhosa no tiene todav\u00eda muchos m\u00e1s indicios sobre la final que se avecina. <\/strong><\/p>\n<\/div>\n<div class=\"custom-text \" readability=\"36\">\n<p>Pero el contador de tiempo (instalado por Conmebol y presentado por Alejandro Dom\u00ednguez hace algunos d\u00edas) que<strong> posa sobre la Avenida Atl\u00e1ntica en las famosas playas de R\u00edo, no detiene su cuenta regresiva, y el hecho de ver la cercan\u00eda con la fecha aumenta la ansiedad. <\/strong><\/p>\n<\/div>\n<div class=\"sc-e7b891c4-0 jPbnQF\"><img alt=\"La cuenta regresiva a la final de la Copa Libertadores, a trav\u00e9s del reloj instalado en las playas de Copacabana.\" src=\"http:\/\/hoycordobaweb.com\/wp-content\/uploads\/2023\/10\/sigue-el-countdown-de-la-final-asi-esta-rio-a-20-dias-del-boca-fluminense-2.jpg\" width=\"720\" height=\"100\" decoding=\"async\" data-nimg=\"future\" loading=\"lazy\"><span class=\"epigraphe\">La cuenta regresiva a la final de la Copa Libertadores, a trav\u00e9s del reloj instalado en las playas de Copacabana.<\/span><\/div>\n<p><h2><strong>En Buenos Aires s\u00f3lo se habla de entradas<\/strong><\/h2>\n<\/p>\n<div class=\"custom-text \" readability=\"37\">\n<p>Mientras tanto, en Buenos Aires, <strong>las consultas de los hinchas acerca de la forma de conseguir entradas es una moneda corriente entre los socios y no socios del Xeneize<\/strong>. Y -a\u00fan sin certezas- ya <strong>son muchos los que tienen el viaje asegurado y esperan resolver el ingreso al Maracan\u00e1 m\u00e1s cerca de la fecha del partido.<\/strong><\/p>\n<\/div>\n<div class=\"sc-e7b891c4-0 jPbnQF\"><img alt=\"La cuenta regresiva a la final de la Copa Libertadores, a trav\u00e9s del reloj instalado en las playas de Copacabana.\" src=\"http:\/\/hoycordobaweb.com\/wp-content\/uploads\/2023\/10\/sigue-el-countdown-de-la-final-asi-esta-rio-a-20-dias-del-boca-fluminense-3.jpg\" width=\"720\" height=\"100\" decoding=\"async\" data-nimg=\"future\" loading=\"lazy\"><span class=\"epigraphe\">La cuenta regresiva a la final de la Copa Libertadores, a trav\u00e9s del reloj instalado en las playas de Copacabana.<\/span><\/div>\n<div class=\"custom-text \" readability=\"35\">\n<p>Si bien la informaci\u00f3n oficial acerca de la venta de las 20.000 entradas que la organizaci\u00f3n dispuso para Boca a\u00fan no fue divulgada por el club, <strong>se estima que las mismas saldr\u00e1n a la venta alrededor de una semana antes del partido y ser\u00e1n exclusivamente para socios. <\/strong><\/p>\n<\/div>\n<p><h2><strong>Final \u00fanica, expectativa \u00fanica<\/strong><\/h2>\n<\/p>\n<div class=\"custom-text \" readability=\"36\">\n<p><strong>La que jugar\u00e1n Boca y Flu ser\u00e1 la quinta final \u00fanica de Copa Libertadores desde que se instur\u00f3 el sistema de un partido <\/strong>en cancha neutral para la definici\u00f3n de la competencia. Ser\u00e1 la segunda vez en el m\u00edtico Maracan\u00e1 y la primera vez desde 2019 que la juega un equipo no brasile\u00f1o. Y <strong>trat\u00e1ndose del Xeneize y en una ciudad futbolera como R\u00edo, la expectativa es la de tener un evento que supere a los anteriores.<\/strong><\/p>\n<\/div>\n<div class=\"sc-e7b891c4-0 jPbnQF\"><img alt=\"La playa de Copacabana ya palpita el Boca - Fluminense del 4 de noviembre.\" src=\"http:\/\/hoycordobaweb.com\/wp-content\/uploads\/2023\/10\/sigue-el-countdown-de-la-final-asi-esta-rio-a-20-dias-del-boca-fluminense-4.jpg\" width=\"720\" height=\"100\" decoding=\"async\" data-nimg=\"future\" loading=\"lazy\"><span class=\"epigraphe\">La playa de Copacabana ya palpita el Boca &#8211; Fluminense del 4 de noviembre.<\/span><\/div>\n<div class=\"custom-text \" readability=\"33\">\n<p><strong>La primera con esta modalidad fue la que en 2019 Flamengo le gan\u00f3 a River en el Monumental de Lima <\/strong>(iba a jugarse en Chile pero por problemas sociales en Santiago se decidi\u00f3 cambiar la sede).<\/p>\n<\/div>\n<div class=\"custom-text \" readability=\"39\">\n<p>Luego, llegaron la jugada en el <strong>Maracan\u00e1 en enero de 2021 (correspondiente al a\u00f1o 2020), en la cual Palmeiras le gan\u00f3 a Santos<\/strong>, el bicampeonato conseguido por el <strong>Verdao en ese mismo 2021 ante Flamengo en el Centenario de Montevideo<\/strong> y la \u00faltima, en 2022 y jugada <strong>en el Monumental de Guayaquil en la cual Fla le gan\u00f3 a Atl\u00e9tico Paranaense.<\/strong><\/p>\n<\/div>\n<div class=\"sc-a7166897-0 exHLBh\" readability=\"6\">\n<section readability=\"2\"><picture><img alt=\"Cristian Medina: el desaf\u00edo de Boca en los tres frentes\" src=\"http:\/\/hoycordobaweb.com\/wp-content\/uploads\/2023\/10\/sigue-el-countdown-de-la-final-asi-esta-rio-a-20-dias-del-boca-fluminense-5.jpg\" width=\"290\" height=\"290\" decoding=\"async\" data-nimg=\"future\" loading=\"lazy\"><\/picture>\n<p><span>Mir\u00e1 tambi\u00e9n<\/span><\/p>\n<hr>\n<h3>Cristian Medina: el desaf\u00edo de Boca en los tres frentes<\/h3>\n<\/p>\n<\/section>\n<\/div>\n<div class=\"sc-a7166897-0 exHLBh\" readability=\"6\">\n<section readability=\"2\"><picture><img alt=\"Boca vs. Talleres: Almir\u00f3n apuesta a su nuevo modelo en la delantera\" src=\"http:\/\/hoycordobaweb.com\/wp-content\/uploads\/2023\/10\/sigue-el-countdown-de-la-final-asi-esta-rio-a-20-dias-del-boca-fluminense-6.jpg\" width=\"290\" height=\"290\" decoding=\"async\" data-nimg=\"future\" loading=\"lazy\"><\/picture>\n<p><span>Mir\u00e1 tambi\u00e9n<\/span><\/p>\n<hr>\n<h3>Boca vs. Talleres: Almir\u00f3n apuesta a su nuevo modelo en la delantera<\/h3>\n<\/p>\n<\/section>\n<\/div>\n<div class=\"sc-a7166897-0 exHLBh\" readability=\"6\">\n<section readability=\"2\"><picture><img alt=\"Boca y su \u00faltimo gran desaf\u00edo antes de Flu: Talleres\" src=\"http:\/\/hoycordobaweb.com\/wp-content\/uploads\/2023\/10\/sigue-el-countdown-de-la-final-asi-esta-rio-a-20-dias-del-boca-fluminense-7.jpg\" width=\"290\" height=\"290\" decoding=\"async\" data-nimg=\"future\" loading=\"lazy\"><\/picture>\n<p><span>Mir\u00e1 tambi\u00e9n<\/span><\/p>\n<hr>\n<h3>Boca y su \u00faltimo gran desaf\u00edo antes de Flu: Talleres<\/h3>\n<\/p>\n<\/section>\n<\/div>\n<div class=\"sc-a7166897-0 exHLBh\" readability=\"6\">\n<section readability=\"2\"><picture><img alt=\"\u00bfA qu\u00e9 hora juegan Talleres y Boca por la Copa Argentina?\" src=\"http:\/\/hoycordobaweb.com\/wp-content\/uploads\/2023\/10\/sigue-el-countdown-de-la-final-asi-esta-rio-a-20-dias-del-boca-fluminense-8.jpg\" width=\"290\" height=\"290\" decoding=\"async\" data-nimg=\"future\" loading=\"lazy\"><\/picture>\n<p><span>Mir\u00e1 tambi\u00e9n<\/span><\/p>\n<hr>\n<h3>\u00bfA qu\u00e9 hora juegan Talleres y Boca por la Copa Argentina?<\/h3>\n<\/p>\n<\/section>\n<\/div>\n<div class=\"sc-a7166897-0 exHLBh\" readability=\"6.5\">\n<section readability=\"3\"><picture><img alt=\"Alerta Boca: se lesion\u00f3 Nino, capit\u00e1n y pieza clave del Fluminense\" src=\"http:\/\/hoycordobaweb.com\/wp-content\/uploads\/2023\/10\/sigue-el-countdown-de-la-final-asi-esta-rio-a-20-dias-del-boca-fluminense-9.jpg\" width=\"290\" height=\"290\" decoding=\"async\" data-nimg=\"future\" loading=\"lazy\"><\/picture>\n<p><span>Mir\u00e1 tambi\u00e9n<\/span><\/p>\n<hr>\n<h3>Alerta Boca: se lesion\u00f3 Nino, capit\u00e1n y pieza clave del Fluminense<\/h3>\n<\/p>\n<\/section>\n<\/div>\n<div class=\"sc-a7166897-0 exHLBh\" readability=\"6\">\n<section readability=\"2\"><picture><img alt=\"Boca le gan\u00f3 a Racing en Reserva y es puntero e invicto\" src=\"http:\/\/hoycordobaweb.com\/wp-content\/uploads\/2023\/10\/sigue-el-countdown-de-la-final-asi-esta-rio-a-20-dias-del-boca-fluminense-10.jpg\" width=\"290\" height=\"290\" decoding=\"async\" data-nimg=\"future\" loading=\"lazy\"><\/picture>\n<p><span>Mir\u00e1 tambi\u00e9n<\/span><\/p>\n<hr>\n<h3>Boca le gan\u00f3 a Racing en Reserva y es puntero e invicto<\/h3>\n<\/p>\n<\/section>\n<\/div>\n<\/div>\n","protected":false},"excerpt":{"rendered":"<p>15\/10\/2023 15:57hs. Ser\u00e1 el centro de atenci\u00f3n del mundo del f\u00fatbol dentro de algunas semanas, cuando reciba la final de la Copa Libertadores entre Boca y Fluminense. Por eso, R\u00edo de Janeiro ya va tomando color y el reloj que cuenta las horas que faltan para el pitazo inicial (el s\u00e1bado 4 de noviembre a [&hellip;]<\/p>\n","protected":false},"author":1,"featured_media":68193,"comment_status":"open","ping_status":"closed","sticky":false,"template":"","format":"standard","meta":[],"categories":[16],"tags":[],"_links":{"self":[{"href":"http:\/\/hoycordobaweb.com\/index.php\/wp-json\/wp\/v2\/posts\/68192"}],"collection":[{"href":"http:\/\/hoycordobaweb.com\/index.php\/wp-json\/wp\/v2\/posts"}],"about":[{"href":"http:\/\/hoycordobaweb.com\/index.php\/wp-json\/wp\/v2\/types\/post"}],"author":[{"embeddable":true,"href":"http:\/\/hoycordobaweb.com\/index.php\/wp-json\/wp\/v2\/users\/1"}],"replies":[{"embeddable":true,"href":"http:\/\/hoycordobaweb.com\/index.php\/wp-json\/wp\/v2\/comments?post=68192"}],"version-history":[{"count":0,"href":"http:\/\/hoycordobaweb.com\/index.php\/wp-json\/wp\/v2\/posts\/68192\/revisions"}],"wp:featuredmedia":[{"embeddable":true,"href":"http:\/\/hoycordobaweb.com\/index.php\/wp-json\/wp\/v2\/media\/68193"}],"wp:attachment":[{"href":"http:\/\/hoycordobaweb.com\/index.php\/wp-json\/wp\/v2\/media?parent=68192"}],"wp:term":[{"taxonomy":"category","embeddable":true,"href":"http:\/\/hoycordobaweb.com\/index.php\/wp-json\/wp\/v2\/categories?post=68192"},{"taxonomy":"post_tag","embeddable":true,"href":"http:\/\/hoycordobaweb.com\/index.php\/wp-json\/wp\/v2\/tags?post=68192"}],"curies":[{"name":"wp","href":"https:\/\/api.w.org\/{rel}","templated":true}]}}