{"id":68184,"date":"2023-10-15T19:50:53","date_gmt":"2023-10-15T19:50:53","guid":{"rendered":"https:\/\/www.ole.com.ar\/ecuador\/liga-pro\/antonio-valencia-club-union-ascenso-segunda-categoria-ecuador-comunicado-dichos_0_pfvKYdZrif.html"},"modified":"2023-10-15T19:50:53","modified_gmt":"2023-10-15T19:50:53","slug":"duro-comunicado-de-club-la-union-contra-antonio-valencia-exigimos-aclare-sus-declaraciones","status":"publish","type":"post","link":"http:\/\/hoycordobaweb.com\/index.php\/2023\/10\/15\/duro-comunicado-de-club-la-union-contra-antonio-valencia-exigimos-aclare-sus-declaraciones\/","title":{"rendered":"Duro comunicado de Club La Uni\u00f3n contra Antonio Valencia: \u00abExigimos aclare sus declaraciones\u00bb"},"content":{"rendered":"<p><img src=\"http:\/\/hoycordobaweb.com\/wp-content\/uploads\/2023\/10\/duro-comunicado-de-club-la-union-contra-antonio-valencia-exigimos-aclare-sus-declaraciones.jpg\"><\/p>\n<p><time class=\"createDate\" datetime=\"2023-10-15T16:50:53-03:00\">15\/10\/2023 16:50hs.<\/time><time class=\"modificatedDate\" datetime=\"2023-10-15T16:50:53-03:00\"><\/time><\/p>\n<div id=\"storyBody\">\n<div class=\"custom-text \" readability=\"35.485933503836\">\n<p>Estall\u00f3 la pol\u00e9mica en el torneo de la <strong>Segunda Categor\u00eda<\/strong> del f\u00fatbol ecuatoriano. Por si no hubiera sido poco la descalificaci\u00f3n a Olmedo \u00abpor infringir las normas estatutarias de la competici\u00f3n, en relaci\u00f3n al impedimento de firmar jugadores por una supuesta sanci\u00f3n\u00bb, este fin de semana el campeonato qued\u00f3 bajo la lupa luego de unas declaraciones incendiarias de <strong><a href=\"https:\/\/www.ole.com.ar\/tema\/antonio-valencia.html\" title=\"Antonio Valencia\" alt=\"Antonio Valencia\" class=\"slug\">Antonio Valencia<\/a><\/strong>.<\/p>\n<\/div>\n<div class=\"custom-text \" readability=\"37\">\n<p><strong>To\u00f1o utiliz\u00f3 su cuenta de Twitter para lanzar graves acusaciones contra Club La Uni\u00f3n,<\/strong> luego de la ca\u00edda de AV25 por 8-7 en los penales tras empatar 2 a 2 en el global, por los playoffs de los 16avos de final. <strong>El hist\u00f3rico futbolista de La Tri sostuvo que sus jugadores recibieron llamados del rival \u00abpara que se vendan\u00bb.<\/strong><\/p>\n<\/div>\n<div class=\"sc-e7b891c4-0 jPbnQF\"><img alt=\"AV25 qued\u00f3 eliminado con La Uni\u00f3n. (@AV25ClubDep)\" src=\"http:\/\/hoycordobaweb.com\/wp-content\/uploads\/2023\/10\/duro-comunicado-de-club-la-union-contra-antonio-valencia-exigimos-aclare-sus-declaraciones-2.jpg\" width=\"720\" height=\"100\" decoding=\"async\" data-nimg=\"future\" loading=\"lazy\"><span class=\"epigraphe\">AV25 qued\u00f3 eliminado con La Uni\u00f3n. (@AV25ClubDep)<\/span><\/div>\n<div class=\"custom-text \" readability=\"37\">\n<p>\u00abLos honestos siempre seremos mas, c\u00f3mo duele quedar eliminado de esta manera\u00bb, fue el primer mensaje. Pero luego emiti\u00f3 un comunicado m\u00e1s extenso donde asegur\u00f3 que hubo llamadas a sus jugadores para que se vendan y tambi\u00e9n dijo que mandar\u00e1 un reclamo a la Comisi\u00f3n de Arbitraje por el encuentro de este s\u00e1bado.<\/p>\n<\/div>\n<div class=\"custom-text \" readability=\"40\">\n<p><strong>La respuesta no se hizo esperar y, desde La Uni\u00f3n, lanzaron un escrito cuestionando los dichos de Valencia:<\/strong> \u00abEn relaci\u00f3n a los comentarios emitidos por el Sr. Antonio Valencia, directivo del club AV25, despu\u00e9s de culminar el partido correspondiente a los 16avos de final de la Segunda Categor\u00eda, el Club Deportivo Profesional La Uni\u00f3n aclara los siguiente.<\/p>\n<\/div>\n<div class=\"custom-text \" readability=\"41\">\n<p><strong>Rechazamos, de forma rotunda, las declaraciones emitidas por parte del directivo y exigimos que las mismas se aclaren<\/strong>. La victoria y la clasificaci\u00f3n de nuestro club es el resultado de la preparaci\u00f3n constante y del trabajo arduo por conseguir nuestro tan anhelado objetivo. Como equipo profesional de f\u00fatbol, con m\u00e1s de siete a\u00f1os en el balompi\u00e9 nacional, rechazamos cualquier acto alejado de la legalidad y mantenemos nuestro compromiso de buscar la transparencia en cada uno de nuestros procedimientos. Pero,<strong> no permitiremos que en declaraciones fuera de contexto, afecten nuestra imagen y reputaci\u00f3n\u00bb.<\/strong><\/p>\n<\/div>\n<p><h2><strong>Las declaraciones de Antonio Valencia<\/strong><\/h2>\n<\/p>\n<div class=\"custom-text \" readability=\"36\">\n<p>\u00abQueridos jugadores y familia de @AV25ClubDep:<strong> A veces el futbol es injusto. No me gustar\u00eda hablar del arbitraje, pero debo hacerlo. <\/strong>Enviar\u00e9 mi reclamo a la Comisi\u00f3n de Arbitraje, pues <strong>no es posible lo que ha sucedido hoy.<\/strong><\/p>\n<\/div>\n<div class=\"custom-text \" readability=\"37\">\n<p><strong>Tampoco me imagine que en el futbol ecuatoriano hayan llamadas o mensajes a nuestros jugadores para que se vendan. Es una pena<\/strong>. Pero estoy orgulloso de ustedes. Siempre, por sus familias, por su conciencia, es mejor perder que ganar con practicas deshonestas.<\/p>\n<\/div>\n<div class=\"custom-text \" readability=\"35\">\n<p>Volveremos con mas fuerza. Gracias por su esfuerzo. Gracias tambien al cuerpo tecnico, a los directivos y a todos quienes hacen esta familia. Gracias a los auspiciantes por creer en un proyecto que cambia la vida de muchos chicos con honestidad.<\/p>\n<\/div>\n<div class=\"custom-text \" readability=\"35\">\n<p><strong>Duerman tranquilos, que de estas derrotas injustas, es donde mas se aprende que en la vida hay que siempre actuar con honestidad<\/strong>\u00ab.<\/p>\n<\/div>\n<div class=\"custom-embedhtml\" readability=\"8.0549295774648\">\n<blockquote class=\"twitter-tweet\" readability=\"10.174647887324\">\n<p lang=\"es\" dir=\"ltr\">Queridos jugadores y familia de <a href=\"https:\/\/twitter.com\/AV25ClubDep?ref_src=twsrc%5Etfw\">@AV25ClubDep<\/a> <\/p>\n<p>A veces el futbol es injusto. No me gustaria hablar del arbitraje, pero debo hacerlo. Enviar\u00e9 mi reclamo a la Comisi\u00f3n de Arbitraje, pues no es posible lo que ha sucedido hoy. <\/p>\n<p>Tampoco me imagine que en el futbol ecuatoriano hayan\u2026 <a href=\"https:\/\/t.co\/4na6YHgWwF\">pic.twitter.com\/4na6YHgWwF<\/a><\/p>\n<p>\u2014 Antonio Valencia (@anto_v25) <a href=\"https:\/\/twitter.com\/anto_v25\/status\/1713313048742535366?ref_src=twsrc%5Etfw\">October 14, 2023<\/a><\/p><\/blockquote><\/div>\n<div class=\"sc-a7166897-0 exHLBh\" readability=\"6\">\n<section readability=\"2\"><picture><img alt=\"La Tri: \u00bfQui\u00e9n debe atajar contra Colombia?\" src=\"http:\/\/hoycordobaweb.com\/wp-content\/uploads\/2023\/10\/duro-comunicado-de-club-la-union-contra-antonio-valencia-exigimos-aclare-sus-declaraciones-3.jpg\" width=\"290\" height=\"290\" decoding=\"async\" data-nimg=\"future\" loading=\"lazy\"><\/picture>\n<p><span>Mir\u00e1 tambi\u00e9n<\/span><\/p>\n<hr>\n<h3>La Tri: \u00bfQui\u00e9n debe atajar contra Colombia?<\/h3>\n<\/p>\n<\/section>\n<\/div>\n<div class=\"sc-a7166897-0 exHLBh\" readability=\"6\">\n<section readability=\"2\"><picture><img alt=\"Nuevo gol de Anderson Julio para el Real Salt Lake \u00bfCu\u00e1ndo jugar\u00e1 los playoffs?\" src=\"http:\/\/hoycordobaweb.com\/wp-content\/uploads\/2023\/10\/duro-comunicado-de-club-la-union-contra-antonio-valencia-exigimos-aclare-sus-declaraciones-4.jpg\" width=\"290\" height=\"290\" decoding=\"async\" data-nimg=\"future\" loading=\"lazy\"><\/picture>\n<p><span>Mir\u00e1 tambi\u00e9n<\/span><\/p>\n<hr>\n<h3>Nuevo gol de Anderson Julio para el Real Salt Lake \u00bfCu\u00e1ndo jugar\u00e1 los playoffs?<\/h3>\n<\/p>\n<\/section>\n<\/div>\n<div class=\"sc-a7166897-0 exHLBh\" readability=\"6\">\n<section readability=\"2\"><picture><img alt=\"Los sobrevivientes del hist\u00f3rico 6-1 que Ecuador le propin\u00f3 a Colombia en 2020\" src=\"http:\/\/hoycordobaweb.com\/wp-content\/uploads\/2023\/10\/duro-comunicado-de-club-la-union-contra-antonio-valencia-exigimos-aclare-sus-declaraciones-5.jpg\" width=\"290\" height=\"290\" decoding=\"async\" data-nimg=\"future\" loading=\"lazy\"><\/picture>\n<p><span>Mir\u00e1 tambi\u00e9n<\/span><\/p>\n<hr>\n<h3>Los sobrevivientes del hist\u00f3rico 6-1 que Ecuador le propin\u00f3 a Colombia en 2020<\/h3>\n<\/p>\n<\/section>\n<\/div>\n<div class=\"sc-a7166897-0 exHLBh\" readability=\"6\">\n<section readability=\"2\"><picture><img alt=\"Diego Almeida se consagr\u00f3 campe\u00f3n de Conferencia con el Columbus Crew 2\" src=\"http:\/\/hoycordobaweb.com\/wp-content\/uploads\/2023\/10\/duro-comunicado-de-club-la-union-contra-antonio-valencia-exigimos-aclare-sus-declaraciones-6.jpg\" width=\"290\" height=\"290\" decoding=\"async\" data-nimg=\"future\" loading=\"lazy\"><\/picture>\n<p><span>Mir\u00e1 tambi\u00e9n<\/span><\/p>\n<hr>\n<h3>Diego Almeida se consagr\u00f3 campe\u00f3n de Conferencia con el Columbus Crew 2<\/h3>\n<\/p>\n<\/section>\n<\/div>\n<\/div>\n","protected":false},"excerpt":{"rendered":"<p>15\/10\/2023 16:50hs. Estall\u00f3 la pol\u00e9mica en el torneo de la Segunda Categor\u00eda del f\u00fatbol ecuatoriano. Por si no hubiera sido poco la descalificaci\u00f3n a Olmedo \u00abpor infringir las normas estatutarias de la competici\u00f3n, en relaci\u00f3n al impedimento de firmar jugadores por una supuesta sanci\u00f3n\u00bb, este fin de semana el campeonato qued\u00f3 bajo la lupa luego [&hellip;]<\/p>\n","protected":false},"author":1,"featured_media":68185,"comment_status":"open","ping_status":"closed","sticky":false,"template":"","format":"standard","meta":[],"categories":[16],"tags":[],"_links":{"self":[{"href":"http:\/\/hoycordobaweb.com\/index.php\/wp-json\/wp\/v2\/posts\/68184"}],"collection":[{"href":"http:\/\/hoycordobaweb.com\/index.php\/wp-json\/wp\/v2\/posts"}],"about":[{"href":"http:\/\/hoycordobaweb.com\/index.php\/wp-json\/wp\/v2\/types\/post"}],"author":[{"embeddable":true,"href":"http:\/\/hoycordobaweb.com\/index.php\/wp-json\/wp\/v2\/users\/1"}],"replies":[{"embeddable":true,"href":"http:\/\/hoycordobaweb.com\/index.php\/wp-json\/wp\/v2\/comments?post=68184"}],"version-history":[{"count":0,"href":"http:\/\/hoycordobaweb.com\/index.php\/wp-json\/wp\/v2\/posts\/68184\/revisions"}],"wp:featuredmedia":[{"embeddable":true,"href":"http:\/\/hoycordobaweb.com\/index.php\/wp-json\/wp\/v2\/media\/68185"}],"wp:attachment":[{"href":"http:\/\/hoycordobaweb.com\/index.php\/wp-json\/wp\/v2\/media?parent=68184"}],"wp:term":[{"taxonomy":"category","embeddable":true,"href":"http:\/\/hoycordobaweb.com\/index.php\/wp-json\/wp\/v2\/categories?post=68184"},{"taxonomy":"post_tag","embeddable":true,"href":"http:\/\/hoycordobaweb.com\/index.php\/wp-json\/wp\/v2\/tags?post=68184"}],"curies":[{"name":"wp","href":"https:\/\/api.w.org\/{rel}","templated":true}]}}