{"id":68178,"date":"2023-10-15T13:03:54","date_gmt":"2023-10-15T13:03:54","guid":{"rendered":"https:\/\/ladecimaweb.com\/?p=20827"},"modified":"2023-10-15T13:03:54","modified_gmt":"2023-10-15T13:03:54","slug":"arriban-a-ezeiza-los-primeros-argentinos-provenientes-de-israel","status":"publish","type":"post","link":"http:\/\/hoycordobaweb.com\/index.php\/2023\/10\/15\/arriban-a-ezeiza-los-primeros-argentinos-provenientes-de-israel\/","title":{"rendered":"Arriban a Ezeiza los primeros argentinos provenientes de Israel"},"content":{"rendered":"<div class=\"boldgrid-section\">\n<div class=\"container\">\n<div class=\"row\">\n<div class=\"col-md-12 col-xs-12 col-sm-12\">\n<p>(NA) El primer contingente de argentinos que decidieron salir de Israel, luego del ataque del grupo terrorista&nbsp; Ham\u00e1s, arrib\u00f3 esta ma\u00f1ana al aeropuerto de Ezeiza, luego de la puesta en marcha del operativo Retorno Seguro que implement\u00f3 el gobierno argentino.<\/p>\n<p class=\"\"><strong>\u201cEl operativo #RegresoSeguro que coordina @CancilleriaARG y @MindefArg comenz\u00f3 el mi\u00e9rcoles pasado con los vuelos entre Tel Aviv y Roma.<\/strong><span>&nbsp;<\/span>La segunda etapa se completa con el regreso de nuestros compatriotas a bordo del A330-200\u201d, se inform\u00f3 oficialmente.<\/p>\n<p>La Canciller\u00eda argentina contin\u00faa con la elaboraci\u00f3n de un Registro de aquellos ciudadanos argentinos que se encuentran en territorio israel\u00ed y requieran una evacuaci\u00f3n.<\/p>\n<p class=\"\"><strong>Se trata de un contingente integrado en su mayor\u00eda por adolescentes y j\u00f3venes<\/strong><span>&nbsp;<\/span>que estaban en Israel en el marco de programas de estudio y fueron sorprendidos por el ataque terrorista.<\/p>\n<p class=\"\">En la principal terminal aeroportuaria del pa\u00eds los estaba esperando el canciller Santiago Cafiero junto a dirigentes de la comunidad jud\u00eda en la Argentina, en un marco de emoci\u00f3n, sobre todo por el contexto del D\u00eda de la Madre.<\/p>\n<p><strong>Una mujer que esperaba a su hijo sostuvo: &#8220;Hoy par\u00ed de nuevo&#8221;.<\/strong><span>&nbsp;<\/span>Escenas de abrazos y alegr\u00eda incontenible en el momento del reencuentro con sus familiares se pudieron ver en el lugar, a donde concurrieron tambi\u00e9n medios internacionales.<\/p>\n<p>&nbsp;<\/p>\n<div class=\"ubm_banner\"><a href=\"http:\/\/www.cba.gov.ar\/prevencion-incendios\" target=\"_blank\" rel=\"dofollow noopener noreferrer\"><img src=\"http:\/\/hoycordobaweb.com\/wp-content\/uploads\/2023\/10\/arriban-a-ezeiza-los-primeros-argentinos-provenientes-de-israel.gif\" alt=\"\"><\/a><\/div>\n<p class=\"\">&nbsp;<\/p>\n<\/div>\n<\/div>\n<\/div>\n<\/div>\n<p>La entrada <a rel=\"nofollow\" href=\"https:\/\/ladecimaweb.com\/arriban-a-ezeiza-los-primeros-argentinos-provenientes-de-israel\/\">Arriban a Ezeiza los primeros argentinos provenientes de Israel<\/a> se public\u00f3 primero en <a rel=\"nofollow\" href=\"https:\/\/ladecimaweb.com\">LaDecima<\/a>.<\/p>\n","protected":false},"excerpt":{"rendered":"<p>(NA) El primer contingente de argentinos que decidieron salir de Israel, luego del ataque del grupo terrorista&nbsp; Ham\u00e1s, arrib\u00f3 esta ma\u00f1ana al aeropuerto de Ezeiza, luego de la puesta en marcha del operativo Retorno Seguro que implement\u00f3 el gobierno argentino. \u201cEl operativo #RegresoSeguro que coordina @CancilleriaARG y @MindefArg comenz\u00f3 el mi\u00e9rcoles pasado con los vuelos [&hellip;]<\/p>\n","protected":false},"author":1,"featured_media":68179,"comment_status":"closed","ping_status":"closed","sticky":false,"template":"","format":"standard","meta":[],"categories":[19],"tags":[],"_links":{"self":[{"href":"http:\/\/hoycordobaweb.com\/index.php\/wp-json\/wp\/v2\/posts\/68178"}],"collection":[{"href":"http:\/\/hoycordobaweb.com\/index.php\/wp-json\/wp\/v2\/posts"}],"about":[{"href":"http:\/\/hoycordobaweb.com\/index.php\/wp-json\/wp\/v2\/types\/post"}],"author":[{"embeddable":true,"href":"http:\/\/hoycordobaweb.com\/index.php\/wp-json\/wp\/v2\/users\/1"}],"replies":[{"embeddable":true,"href":"http:\/\/hoycordobaweb.com\/index.php\/wp-json\/wp\/v2\/comments?post=68178"}],"version-history":[{"count":0,"href":"http:\/\/hoycordobaweb.com\/index.php\/wp-json\/wp\/v2\/posts\/68178\/revisions"}],"wp:featuredmedia":[{"embeddable":true,"href":"http:\/\/hoycordobaweb.com\/index.php\/wp-json\/wp\/v2\/media\/68179"}],"wp:attachment":[{"href":"http:\/\/hoycordobaweb.com\/index.php\/wp-json\/wp\/v2\/media?parent=68178"}],"wp:term":[{"taxonomy":"category","embeddable":true,"href":"http:\/\/hoycordobaweb.com\/index.php\/wp-json\/wp\/v2\/categories?post=68178"},{"taxonomy":"post_tag","embeddable":true,"href":"http:\/\/hoycordobaweb.com\/index.php\/wp-json\/wp\/v2\/tags?post=68178"}],"curies":[{"name":"wp","href":"https:\/\/api.w.org\/{rel}","templated":true}]}}