{"id":68122,"date":"2023-10-14T14:54:00","date_gmt":"2023-10-14T14:54:00","guid":{"rendered":"http:\/\/hoycordobaweb.com\/index.php\/2023\/10\/14\/evacuaron-el-museo-del-louvre-y-el-palacio-de-versalles-por-razones-de-seguridad\/"},"modified":"2023-10-14T14:54:00","modified_gmt":"2023-10-14T14:54:00","slug":"evacuaron-el-museo-del-louvre-y-el-palacio-de-versalles-por-razones-de-seguridad","status":"publish","type":"post","link":"http:\/\/hoycordobaweb.com\/index.php\/2023\/10\/14\/evacuaron-el-museo-del-louvre-y-el-palacio-de-versalles-por-razones-de-seguridad\/","title":{"rendered":"Evacuaron el Museo del Louvre y el Palacio de Versalles por \u00abrazones de seguridad\u00bb"},"content":{"rendered":"<p><img src=\"http:\/\/hoycordobaweb.com\/wp-content\/uploads\/2023\/10\/evacuaron-el-museo-del-louvre-y-el-palacio-de-versalles-por-razones-de-seguridad.jpg\"><\/p>\n<figure class=\"mb-3\"><img loading=\"lazy\" data-src=\"http:\/\/hoycordobaweb.com\/wp-content\/uploads\/2023\/10\/evacuaron-el-museo-del-louvre-y-el-palacio-de-versalles-por-razones-de-seguridad-2.jpg\" src=\"https:\/\/www.telam.com.ar\/assets\/img\/not_image.png\" class=\" lazy \" width=\"100%\" height=\"100%\" alt=\"Captura de videos\"><figcaption> Captura de videos <\/figcaption><\/figure>\n<p>El Museo del Louvre y el Palacio de Versalles fueron evacuados hoy \u00abpor razones de seguridad\u00bb, en un contexto de nivel de alerta elevado en Francia tras el ataque de ayer en un colegio ubicado en el norte del pa\u00eds.<\/p>\n<p>\u00abQueridos visitantes, por motivos de seguridad el Museo del Louvre cierra sus puertas hoy, 14 de octubre. Quienes hayan reservado entrada podr\u00e1n pedir el reembolso. Gracias por su comprensi\u00f3n\u00bb, public\u00f3 el museo en su cuenta en la red social X (antes Twitter).<\/p>\n<p>Seg\u00fan la prensa francesa, <strong>unas 15.000 personas fueron evacuadas del museo<\/strong>, el m\u00e1s grande del mundo, que en 2022 recibi\u00f3 a casi 8 millones de personas.<\/p>\n<blockquote class=\"twitter-tweet\" readability=\"8.46875\">\n<p lang=\"fr\" dir=\"ltr\">Chers visiteurs,<\/p>\n<p>Pour des raisons de s\u00e9curit\u00e9, le mus\u00e9e du <a href=\"https:\/\/twitter.com\/hashtag\/Louvre?src=hash&amp;ref_src=twsrc%5Etfw\">#Louvre<\/a> ferme ses portes ce jour, samedi 14 octobre.<br \/>Les personnes ayant r\u00e9serv\u00e9 pour une visite dans la journ\u00e9e seront rembours\u00e9es.<\/p>\n<p>Nous vous remercions de votre compr\u00e9hension. <a href=\"https:\/\/t.co\/2cEllnWCIa\">pic.twitter.com\/2cEllnWCIa<\/a><\/p>\n<p>\u2014 Mus\u00e9e du Louvre (@MuseeLouvre) <a href=\"https:\/\/twitter.com\/MuseeLouvre\/status\/1713133864602710136?ref_src=twsrc%5Etfw\">October 14, 2023<\/a><\/p><\/blockquote>\n<p>La evacuaci\u00f3n se realiz\u00f3 a \u00faltima hora de la ma\u00f1ana despu\u00e9s de una jornada normal en la que el museo hab\u00eda abierto sus puertas a las 9.<\/p>\n<p>La medida es<strong> en respuesta a \u00abmensajes de amenazas de bomba\u00bb<\/strong>, seg\u00fan una fuente policial citada por la televisi\u00f3n francesa TF1\/LCI. \u00abHay una comprobaci\u00f3n en marcha\u00bb, explic\u00f3 la fuente citada por la agencia de noticias Europa Press.<\/p>\n<p>Horas despu\u00e9s de que se cerrara el Louvre, las autoridades francesas <strong>evacuaron tambi\u00e9n el Palacio de Versalles<\/strong>, una de las atracciones tur\u00edsticas m\u00e1s populares del mundo.\u200b<\/p>\n<p>\u00abEl Palacio de Versalles est\u00e1 siendo evacuado\u00bb, inform\u00f3 el diario Le Figaro citando fuentes policiales y precis\u00f3 que las autoridades recibieron \u00abuna amenaza de bomba en un mensaje an\u00f3nimo enviado a trav\u00e9s del sitio moncomissariat.fr.\u00bb<\/p>\n<blockquote class=\"twitter-tweet\" readability=\"8.5106382978723\">\n<p lang=\"fr\" dir=\"ltr\">\ud83c\uddeb\ud83c\uddf7 Chers visiteurs,<br \/>Pour des raisons de s\u00e9curit\u00e9, le ch\u00e2teau de Versailles \u00e9vacue les visiteurs et ferme ses portes ce jour, samedi 14 octobre.<br \/>Nous vous remercions de votre compr\u00e9hension. <a href=\"https:\/\/t.co\/7dAahlL4bj\">pic.twitter.com\/7dAahlL4bj<\/a><\/p>\n<p>\u2014 Ch\u00e2teau de Versailles (@CVersailles) <a href=\"https:\/\/twitter.com\/CVersailles\/status\/1713204078082187387?ref_src=twsrc%5Etfw\">October 14, 2023<\/a><\/p><\/blockquote>\n<p>La antigua residencia real construida en el siglo XVII por Luis XIV a unos 20 kil\u00f3metros al oeste de Par\u00eds permanecer\u00eda cerrada por el resto de la jornada, dijo fuente cercana al asunto citada por la agencia de noticias AFP.<\/p>\n<p>Las autoridades francesas han incrementado el nivel de alerta ayer tras un \u00abatentado terrorista\u00bb en un instituto de Arras, en Paso de Calais, en el que muri\u00f3 un profesor apu\u00f1alado y otras dos personas resultaron heridas.<\/p>\n<p>El autor del ataque, Mohammed Mogouchkov, un ruso de origen checheno, de unos 20 a\u00f1os, estaba fichado en el registro de seguridad nacional y habr\u00eda llegado a Francia en 2008.<\/p>\n<blockquote class><p>Las autoridades francesas han incrementado el nivel de alerta el viernes tras un \u00abatentado terrorista\u00bb en un instituto de Arras, en Paso de Calais<\/p><\/blockquote>\n<p>Seg\u00fan la prefectura de la zona, al momento de cometer el crimen, Mogouchkov grit\u00f3 \u00abAllah Akbar\u00bb (Al\u00e1 es grande, en espa\u00f1ol), una expresi\u00f3n formal de fe utilizada por los musulmanes y usada por los autores de los ataques yihadistas que sacudieron Francia en la \u00faltima d\u00e9cada.<\/p>\n<p>Ese hecho se produce en medio en un contexto tenso en Francia, donde vive la tercera mayor comunidad jud\u00eda del mundo despu\u00e9s de Israel y Estados Unidos, debido a la guerra que se desat\u00f3 tras la letal ofensiva llevada a cabo el s\u00e1bado pasado por el movimiento palestino Hamas contra territorio israel\u00ed desde la Franja de Gaza.<\/p>\n<p>Las autoridades francesas <strong>aumentaron el viernes el nivel de alerta, que pas\u00f3 de \u00abriesgo atentado\u00bb a \u00abemergencia atentado\u00bb.<\/strong> <\/p>\n","protected":false},"excerpt":{"rendered":"<p>Captura de videos El Museo del Louvre y el Palacio de Versalles fueron evacuados hoy \u00abpor razones de seguridad\u00bb, en un contexto de nivel de alerta elevado en Francia tras el ataque de ayer en un colegio ubicado en el norte del pa\u00eds. \u00abQueridos visitantes, por motivos de seguridad el Museo del Louvre cierra sus [&hellip;]<\/p>\n","protected":false},"author":1,"featured_media":68123,"comment_status":"open","ping_status":"closed","sticky":false,"template":"","format":"standard","meta":[],"categories":[24],"tags":[],"_links":{"self":[{"href":"http:\/\/hoycordobaweb.com\/index.php\/wp-json\/wp\/v2\/posts\/68122"}],"collection":[{"href":"http:\/\/hoycordobaweb.com\/index.php\/wp-json\/wp\/v2\/posts"}],"about":[{"href":"http:\/\/hoycordobaweb.com\/index.php\/wp-json\/wp\/v2\/types\/post"}],"author":[{"embeddable":true,"href":"http:\/\/hoycordobaweb.com\/index.php\/wp-json\/wp\/v2\/users\/1"}],"replies":[{"embeddable":true,"href":"http:\/\/hoycordobaweb.com\/index.php\/wp-json\/wp\/v2\/comments?post=68122"}],"version-history":[{"count":0,"href":"http:\/\/hoycordobaweb.com\/index.php\/wp-json\/wp\/v2\/posts\/68122\/revisions"}],"wp:featuredmedia":[{"embeddable":true,"href":"http:\/\/hoycordobaweb.com\/index.php\/wp-json\/wp\/v2\/media\/68123"}],"wp:attachment":[{"href":"http:\/\/hoycordobaweb.com\/index.php\/wp-json\/wp\/v2\/media?parent=68122"}],"wp:term":[{"taxonomy":"category","embeddable":true,"href":"http:\/\/hoycordobaweb.com\/index.php\/wp-json\/wp\/v2\/categories?post=68122"},{"taxonomy":"post_tag","embeddable":true,"href":"http:\/\/hoycordobaweb.com\/index.php\/wp-json\/wp\/v2\/tags?post=68122"}],"curies":[{"name":"wp","href":"https:\/\/api.w.org\/{rel}","templated":true}]}}