{"id":68113,"date":"2023-10-13T11:12:00","date_gmt":"2023-10-13T11:12:00","guid":{"rendered":"https:\/\/fm-comunicar.com.ar\/contenido\/20823\/otro-adolescente-fue-expulsado-de-la-liga-colon-por-una-agresion"},"modified":"2023-10-13T11:12:00","modified_gmt":"2023-10-13T11:12:00","slug":"otro-adolescente-fue-expulsado-de-la-liga-colon-por-una-agresion","status":"publish","type":"post","link":"http:\/\/hoycordobaweb.com\/index.php\/2023\/10\/13\/otro-adolescente-fue-expulsado-de-la-liga-colon-por-una-agresion\/","title":{"rendered":"Otro adolescente fue expulsado de la Liga Col\u00f3n por una agresi\u00f3n"},"content":{"rendered":"<p>Golpe\u00f3 en la nuca a un rival en el partido de Cuarta Divisi\u00f3n entre 2 de Abril y Sportivo Tirolesa. El Tribunal de Disciplina le aplic\u00f3 la m\u00e1xima sanci\u00f3n, al igual que el caso de Lucas Amaya, en mayo pasado.<img src=\"http:\/\/hoycordobaweb.com\/wp-content\/uploads\/2023\/10\/otro-adolescente-fue-expulsado-de-la-liga-colon-por-una-agresion.png\"><\/p>\n","protected":false},"excerpt":{"rendered":"<p>Golpe\u00f3 en la nuca a un rival en el partido de Cuarta Divisi\u00f3n entre 2 de Abril y Sportivo Tirolesa. El Tribunal de Disciplina le aplic\u00f3 la m\u00e1xima sanci\u00f3n, al igual que el caso de Lucas Amaya, en mayo pasado.<\/p>\n","protected":false},"author":1,"featured_media":68114,"comment_status":"closed","ping_status":"closed","sticky":false,"template":"","format":"standard","meta":[],"categories":[16,18],"tags":[],"_links":{"self":[{"href":"http:\/\/hoycordobaweb.com\/index.php\/wp-json\/wp\/v2\/posts\/68113"}],"collection":[{"href":"http:\/\/hoycordobaweb.com\/index.php\/wp-json\/wp\/v2\/posts"}],"about":[{"href":"http:\/\/hoycordobaweb.com\/index.php\/wp-json\/wp\/v2\/types\/post"}],"author":[{"embeddable":true,"href":"http:\/\/hoycordobaweb.com\/index.php\/wp-json\/wp\/v2\/users\/1"}],"replies":[{"embeddable":true,"href":"http:\/\/hoycordobaweb.com\/index.php\/wp-json\/wp\/v2\/comments?post=68113"}],"version-history":[{"count":0,"href":"http:\/\/hoycordobaweb.com\/index.php\/wp-json\/wp\/v2\/posts\/68113\/revisions"}],"wp:featuredmedia":[{"embeddable":true,"href":"http:\/\/hoycordobaweb.com\/index.php\/wp-json\/wp\/v2\/media\/68114"}],"wp:attachment":[{"href":"http:\/\/hoycordobaweb.com\/index.php\/wp-json\/wp\/v2\/media?parent=68113"}],"wp:term":[{"taxonomy":"category","embeddable":true,"href":"http:\/\/hoycordobaweb.com\/index.php\/wp-json\/wp\/v2\/categories?post=68113"},{"taxonomy":"post_tag","embeddable":true,"href":"http:\/\/hoycordobaweb.com\/index.php\/wp-json\/wp\/v2\/tags?post=68113"}],"curies":[{"name":"wp","href":"https:\/\/api.w.org\/{rel}","templated":true}]}}