{"id":68107,"date":"2023-10-12T13:36:13","date_gmt":"2023-10-12T13:36:13","guid":{"rendered":"https:\/\/fono.fcm.unc.edu.ar\/?p=11276"},"modified":"2023-10-12T13:36:13","modified_gmt":"2023-10-12T13:36:13","slug":"60-aniversario-charla-de-prevencion-cancer-de-mama-en-la-mujer-en-sus-distintas-edades-y-en-el-varon","status":"publish","type":"post","link":"http:\/\/hoycordobaweb.com\/index.php\/2023\/10\/12\/60-aniversario-charla-de-prevencion-cancer-de-mama-en-la-mujer-en-sus-distintas-edades-y-en-el-varon\/","title":{"rendered":"60\u00b0 Aniversario \u2013 Charla de prevenci\u00f3n: C\u00e1ncer de mama en la mujer en sus distintas edades y en el var\u00f3n"},"content":{"rendered":"<h2 class=\"fusion-post-title\">60\u00b0 Aniversario \u2013 Charla de prevenci\u00f3n: C\u00e1ncer de mama en la mujer en sus distintas edades y en el var\u00f3n<\/h2>\n<div class=\"post-content\" readability=\"34\">\n<p><img loading=\"lazy\" class=\"alignright size-fusion-400 wp-image-11277\" src=\"https:\/\/fono.fcm.unc.edu.ar\/wp-content\/uploads\/sites\/14\/2023\/10\/387685149_1505331620019466_4673314315745599552_n-400x409.jpg\" alt width=\"400\" height=\"409\" srcset=\"https:\/\/fono.fcm.unc.edu.ar\/wp-content\/uploads\/sites\/14\/2023\/10\/387685149_1505331620019466_4673314315745599552_n-66x66.jpg 66w, https:\/\/fono.fcm.unc.edu.ar\/wp-content\/uploads\/sites\/14\/2023\/10\/387685149_1505331620019466_4673314315745599552_n-200x204.jpg 200w, https:\/\/fono.fcm.unc.edu.ar\/wp-content\/uploads\/sites\/14\/2023\/10\/387685149_1505331620019466_4673314315745599552_n-294x300.jpg 294w, https:\/\/fono.fcm.unc.edu.ar\/wp-content\/uploads\/sites\/14\/2023\/10\/387685149_1505331620019466_4673314315745599552_n-400x409.jpg 400w, https:\/\/fono.fcm.unc.edu.ar\/wp-content\/uploads\/sites\/14\/2023\/10\/387685149_1505331620019466_4673314315745599552_n-600x613.jpg 600w, https:\/\/fono.fcm.unc.edu.ar\/wp-content\/uploads\/sites\/14\/2023\/10\/387685149_1505331620019466_4673314315745599552_n-768x784.jpg 768w, https:\/\/fono.fcm.unc.edu.ar\/wp-content\/uploads\/sites\/14\/2023\/10\/387685149_1505331620019466_4673314315745599552_n-800x817.jpg 800w, https:\/\/fono.fcm.unc.edu.ar\/wp-content\/uploads\/sites\/14\/2023\/10\/387685149_1505331620019466_4673314315745599552_n-1003x1024.jpg 1003w, https:\/\/fono.fcm.unc.edu.ar\/wp-content\/uploads\/sites\/14\/2023\/10\/387685149_1505331620019466_4673314315745599552_n.jpg 1034w\" sizes=\"(max-width: 400px) 100vw, 400px\">La Maternidad Nacional te invita a la charla de prevenci\u00f3n: C\u00e1ncer de mama en la mujer en sus distintas edades y en el var\u00f3n.<br \/>D\u00eda: 19 de octubre<br \/>Horario: de 8:30 a 9:30<br \/>La entrada es libre y gratuita.<\/p>\n<\/p><\/div>\n","protected":false},"excerpt":{"rendered":"<p>60\u00b0 Aniversario \u2013 Charla de prevenci\u00f3n: C\u00e1ncer de mama en la mujer en sus distintas edades y en el var\u00f3n La Maternidad Nacional te invita a la charla de prevenci\u00f3n: C\u00e1ncer de mama en la mujer en sus distintas edades y en el var\u00f3n.D\u00eda: 19 de octubreHorario: de 8:30 a 9:30La entrada es libre y [&hellip;]<\/p>\n","protected":false},"author":1,"featured_media":0,"comment_status":"closed","ping_status":"closed","sticky":false,"template":"","format":"standard","meta":[],"categories":[1],"tags":[],"_links":{"self":[{"href":"http:\/\/hoycordobaweb.com\/index.php\/wp-json\/wp\/v2\/posts\/68107"}],"collection":[{"href":"http:\/\/hoycordobaweb.com\/index.php\/wp-json\/wp\/v2\/posts"}],"about":[{"href":"http:\/\/hoycordobaweb.com\/index.php\/wp-json\/wp\/v2\/types\/post"}],"author":[{"embeddable":true,"href":"http:\/\/hoycordobaweb.com\/index.php\/wp-json\/wp\/v2\/users\/1"}],"replies":[{"embeddable":true,"href":"http:\/\/hoycordobaweb.com\/index.php\/wp-json\/wp\/v2\/comments?post=68107"}],"version-history":[{"count":0,"href":"http:\/\/hoycordobaweb.com\/index.php\/wp-json\/wp\/v2\/posts\/68107\/revisions"}],"wp:attachment":[{"href":"http:\/\/hoycordobaweb.com\/index.php\/wp-json\/wp\/v2\/media?parent=68107"}],"wp:term":[{"taxonomy":"category","embeddable":true,"href":"http:\/\/hoycordobaweb.com\/index.php\/wp-json\/wp\/v2\/categories?post=68107"},{"taxonomy":"post_tag","embeddable":true,"href":"http:\/\/hoycordobaweb.com\/index.php\/wp-json\/wp\/v2\/tags?post=68107"}],"curies":[{"name":"wp","href":"https:\/\/api.w.org\/{rel}","templated":true}]}}