{"id":68095,"date":"2023-10-13T16:25:27","date_gmt":"2023-10-13T16:25:27","guid":{"rendered":"https:\/\/www.trendencias.com\/celebrities\/amigo-bruce-willis-desvela-como-avanza-su-demencia-frontotemporal-alegria-vivir-se-ha-ido"},"modified":"2023-10-13T16:25:27","modified_gmt":"2023-10-13T16:25:27","slug":"un-amigo-de-bruce-willis-desvela-como-avanza-su-demencia-frontotemporal-la-alegria-de-vivir-se-ha-ido","status":"publish","type":"post","link":"http:\/\/hoycordobaweb.com\/index.php\/2023\/10\/13\/un-amigo-de-bruce-willis-desvela-como-avanza-su-demencia-frontotemporal-la-alegria-de-vivir-se-ha-ido\/","title":{"rendered":"Un amigo de Bruce Willis desvela c\u00f3mo avanza su demencia frontotemporal: \u00abLa alegr\u00eda de vivir se ha ido\u00bb"},"content":{"rendered":"<p>Fue en marzo del a\u00f1o pasado cuando la familia del gran <strong>Bruce Willis <\/strong>hac\u00eda p\u00fablica su retirada de la actuaci\u00f3n tras m\u00e1s de cuatro d\u00e9cadas de trayectoria profesional y se\u00f1alando un da\u00f1o cerebral como el motivo de su marcha. Seg\u00fan lo que expres\u00f3 el entorno del int\u00e9rprete por redes sociales, hab\u00eda sido diagnosticado de afasia, una dolencia que desemboca en una complicaci\u00f3n a la hora de comunicarse y que abarca el habla, escritura o m\u00edmica por culpa de lesiones en el cerebro.<\/p>\n<p><!-- BREAK 1 --> <\/p>\n<div class=\"article-asset article-asset-normal article-asset-center\">\n<div class=\"desvio-container\">\n<div class=\"desvio\">\n<div class=\"desvio-figure js-desvio-figure\"> <a href=\"https:\/\/www.trendencias.com\/celebrities\/hija-bruce-willis-tallulah-muestra-dia-a-dia-actor-su-diagnostico-demencia-frontotemporal\"> <img alt=\"La hija de Bruce Willis, Tallulah, muestra el d\u00eda a d\u00eda del actor tras su diagn\u00f3stico de demencia frontotemporal\" src=\"http:\/\/hoycordobaweb.com\/wp-content\/uploads\/2023\/10\/un-amigo-de-bruce-willis-desvela-como-avanza-su-demencia-frontotemporal-la-alegria-de-vivir-se-ha-ido.jpg\"> <\/a> <\/div><\/div><\/div>\n<\/div>\n<p>Pasar\u00eda un a\u00f1o hasta que el protagonista de &#8216;Jungla de cristal&#8217; desarrollase la <strong>demencia frontotemporal <\/strong>que persiste a d\u00eda de hoy: \u00abDesde que anunciamos el diagn\u00f3stico de afasia de Bruce en la primavera de 2022, la condici\u00f3n de Bruce ha progresado y ahora tenemos un diagn\u00f3stico m\u00e1s espec\u00edfico: demencia frontotemporal (conocida como FTD). Desafortunadamente, los problemas de comunicaci\u00f3n son s\u00f3lo un s\u00edntoma de la enfermedad que enfrenta Bruce. Si bien esto es doloroso, es un alivio tener finalmente un diagn\u00f3stico claro\u00bb, explicaba la familia del paciente mediante <a href=\"https:\/\/www.instagram.com\/p\/Cou_gFCPvjB\/\">un comunicado v\u00eda Instagram<\/a>.<\/p>\n<p><!-- BREAK 2 --> <\/p>\n<p>Ahora ha sido Glenn Gordon Caron, amigo de Willis y creador del show &#8216;Moonlighting&#8217; en el que particip\u00f3 el segundo, el que ha desvelado que el artista ha llegado a perder sus habilidades ling\u00fc\u00edsticas hasta el punto de estar incomunicativo: \u00abSol\u00eda ser un lector voraz, no quer\u00eda que nadie supiera eso&#8230; Y ahora no lee. <strong>Todas esas habilidades ling\u00fc\u00edsticas ya no est\u00e1n disponibles para \u00e9l y, sin embargo, sigue siendo Bruce<\/strong>\u00ab, advierte Caron al &#8216;<a href=\"https:\/\/nypost.com\/2023\/10\/11\/moonlighting-creator-bruce-willis-not-totally-verbal-amid-dementia\/\">New York Post<\/a>&#8216;.<\/p>\n<p><!-- BREAK 3 --> <\/p>\n<div class=\"article-asset-image article-asset-normal article-asset-center\">\n<div class=\"asset-content\"> <img class=\"centro_sinmarco\" height=\"469\" width=\"533\" loading=\"lazy\" decoding=\"async\" sizes=\"100vw\" fetchpriority=\"high\" srcset=\"http:\/\/hoycordobaweb.com\/wp-content\/uploads\/2023\/10\/un-amigo-de-bruce-willis-desvela-como-avanza-su-demencia-frontotemporal-la-alegria-de-vivir-se-ha-ido-1.jpg 450w, http:\/\/hoycordobaweb.com\/wp-content\/uploads\/2023\/10\/un-amigo-de-bruce-willis-desvela-como-avanza-su-demencia-frontotemporal-la-alegria-de-vivir-se-ha-ido-3.jpg 681w, http:\/\/hoycordobaweb.com\/wp-content\/uploads\/2023\/10\/un-amigo-de-bruce-willis-desvela-como-avanza-su-demencia-frontotemporal-la-alegria-de-vivir-se-ha-ido-4.jpg 1024w, http:\/\/hoycordobaweb.com\/wp-content\/uploads\/2023\/10\/un-amigo-de-bruce-willis-desvela-como-avanza-su-demencia-frontotemporal-la-alegria-de-vivir-se-ha-ido-5.jpg 1366w\" src=\"http:\/\/hoycordobaweb.com\/wp-content\/uploads\/2023\/10\/un-amigo-de-bruce-willis-desvela-como-avanza-su-demencia-frontotemporal-la-alegria-de-vivir-se-ha-ido-1.jpg\" alt=\"b\"> <noscript><img alt=\"b\" class=\"centro_sinmarco\" src=\"http:\/\/hoycordobaweb.com\/wp-content\/uploads\/2023\/10\/un-amigo-de-bruce-willis-desvela-como-avanza-su-demencia-frontotemporal-la-alegria-de-vivir-se-ha-ido-1.jpg\"><\/noscript> <\/div>\n<\/div>\n<p>Glenn, quien ha manifestado que suele estar en contacto con Emma Heming Willis, esposa del int\u00e9rprete, y sus hijas, asegura que \u00abcuando est\u00e1s con \u00e9l sabes que es <a href=\"https:\/\/www.trendencias.com\/tag\/bruce%20willis\">Bruce <\/a>y est\u00e1s agradecido de que est\u00e9 all\u00ed, <strong>pero la alegr\u00eda de vivir se ha ido<\/strong>\u00ab, y ha relatado c\u00f3mo fue el momento en el que le anunci\u00f3 a su amigo que &#8216;Moonlighting&#8217; se emit\u00eda en una plataforma de <em>streaming<\/em>: \u00abS\u00e9 que est\u00e1 emocionado. Pude comunicarme con \u00e9l, antes de que la enfermedad lo dejara tan incomunicativo como lo es ahora, sobre la esperanza de que el programa volviera a estar frente a la gente\u00bb, concluye Caron.<\/p>\n<p><!-- BREAK 4 --><\/p>\n<p>Foto | Gtres<\/p>\n<p>En Trendencias | <a href=\"https:\/\/www.trendencias.com\/diseno\/arbol-jade-facil-cuidar-como-decorativa-estos-mejores-lugares-para-colocar-planta-que-florezca\">El \u00e1rbol de jade es tan f\u00e1cil de cuidar como decorativa: estos son los mejores lugares para colocar la planta y que florezca<\/a><\/p>\n<p><!-- BREAK 5 --><\/p>\n<p>En Trendencias | <a href=\"https:\/\/www.trendencias.com\/celebrities\/detalles-que-ha-desvelado-princesa-leonor-durante-corrillos-invitados-besamanos-palacio-real\">Los detalles que ha desvelado la princesa Leonor durante los corrillos con los invitados tras el besamanos en el Palacio Real<\/a><\/p>\n<p><!-- BREAK 6 --> <\/p>\n","protected":false},"excerpt":{"rendered":"<p>Fue en marzo del a\u00f1o pasado cuando la familia del gran Bruce Willis hac\u00eda p\u00fablica su retirada de la actuaci\u00f3n tras m\u00e1s de cuatro d\u00e9cadas de trayectoria profesional y se\u00f1alando un da\u00f1o cerebral como el motivo de su marcha. Seg\u00fan lo que expres\u00f3 el entorno del int\u00e9rprete por redes sociales, hab\u00eda sido diagnosticado de afasia, [&hellip;]<\/p>\n","protected":false},"author":1,"featured_media":68096,"comment_status":"closed","ping_status":"closed","sticky":false,"template":"","format":"standard","meta":[],"categories":[1],"tags":[],"_links":{"self":[{"href":"http:\/\/hoycordobaweb.com\/index.php\/wp-json\/wp\/v2\/posts\/68095"}],"collection":[{"href":"http:\/\/hoycordobaweb.com\/index.php\/wp-json\/wp\/v2\/posts"}],"about":[{"href":"http:\/\/hoycordobaweb.com\/index.php\/wp-json\/wp\/v2\/types\/post"}],"author":[{"embeddable":true,"href":"http:\/\/hoycordobaweb.com\/index.php\/wp-json\/wp\/v2\/users\/1"}],"replies":[{"embeddable":true,"href":"http:\/\/hoycordobaweb.com\/index.php\/wp-json\/wp\/v2\/comments?post=68095"}],"version-history":[{"count":0,"href":"http:\/\/hoycordobaweb.com\/index.php\/wp-json\/wp\/v2\/posts\/68095\/revisions"}],"wp:featuredmedia":[{"embeddable":true,"href":"http:\/\/hoycordobaweb.com\/index.php\/wp-json\/wp\/v2\/media\/68096"}],"wp:attachment":[{"href":"http:\/\/hoycordobaweb.com\/index.php\/wp-json\/wp\/v2\/media?parent=68095"}],"wp:term":[{"taxonomy":"category","embeddable":true,"href":"http:\/\/hoycordobaweb.com\/index.php\/wp-json\/wp\/v2\/categories?post=68095"},{"taxonomy":"post_tag","embeddable":true,"href":"http:\/\/hoycordobaweb.com\/index.php\/wp-json\/wp\/v2\/tags?post=68095"}],"curies":[{"name":"wp","href":"https:\/\/api.w.org\/{rel}","templated":true}]}}