{"id":68093,"date":"2023-10-13T06:23:45","date_gmt":"2023-10-13T06:23:45","guid":{"rendered":"https:\/\/www.mujerhoy.com\/vivir\/bienestar\/alejandra-menassa-lucia-medico-internista-experto-comer-llenar-vacio-existencial-calmar-emociones-20231013081604-nt.html"},"modified":"2023-10-13T06:23:45","modified_gmt":"2023-10-13T06:23:45","slug":"alejandra-menassa-de-lucia-medico-internista-sobre-comer-por-ansiedad-usamos-la-comida-para-calmar-nuestras-emociones","status":"publish","type":"post","link":"http:\/\/hoycordobaweb.com\/index.php\/2023\/10\/13\/alejandra-menassa-de-lucia-medico-internista-sobre-comer-por-ansiedad-usamos-la-comida-para-calmar-nuestras-emociones\/","title":{"rendered":"Alejandra Menassa de Lucia, m\u00e9dico internista, sobre comer por ansiedad: \u00abUsamos la comida para calmar nuestras emociones\u00bb"},"content":{"rendered":"<p><!-- AUTHOR --><\/p>\n<div class=\"voc-author-timesocial \"><!-- AUTHOR --><\/p>\n<div class=\"voc-author-timesocial__signature\"><!-- IMAGE AUTHOR --><picture class=\"voc-image-signature\"><img class=\"voc-image-signature__img\" src=\"http:\/\/hoycordobaweb.com\/wp-content\/uploads\/2023\/10\/alejandra-menassa-de-lucia-medico-internista-sobre-comer-por-ansiedad-usamos-la-comida-para-calmar-nuestras-emociones.jpg\" alt=\"Sara Flamenco\"><\/picture><!-- INFO AUTHOR --><\/div>\n<\/div>\n<p><!-- COMPONENTS --><\/p>\n<p class=\"voc-paragraph\">No siempre que comemos lo hacemos por <strong>hambre<\/strong>. En una sociedad de consumo como la nuestra, <a data-voc-vtm-id=\"in-text-traffic\" href=\"https:\/\/www.mujerhoy.com\/vivir\/bienestar\/emotional-eating-comer-emociones-ansiedad-peso-20210624162132-nt.html\">comer se ha convertido en una forma m\u00e1s de tapar la ansiedad<\/a>, como comprar <strong>compulsivamente<\/strong>, por ejemplo. Podemos comer por simple aburrimiento, lo conocido como <a data-voc-vtm-id=\"in-text-traffic\" href=\"https:\/\/www.mujerhoy.com\/vivir\/psicologia\/201903\/28\/controlar-el-hambre-emocional-ansiedad-por-comer-20190327204002.html\">hambre emocional<\/a> o esconder problemas m\u00e1s graves, como un vac\u00edo emocional que tratamos de llenar a trav\u00e9s de la <strong>comida<\/strong>.\n<\/p>\n<p class=\"voc-paragraph\">\u00abLa comida se ha convertido en una forma m\u00e1s de <strong>satisfacer nuestros deseos<\/strong> m\u00e1s inmediatos, cuando en realidad tendr\u00eda que ser para satisfacer principalmente nuestras necesidades energ\u00e9ticas\u00ab, nos comenta<br \/>\n<strong> Alejandra Menassa de Lucia<\/strong>, m\u00e9dico internista y psicoanalista en miayuno.es.\n<\/p>\n<p class=\"voc-paragraph\">Y es que en un mundo que premia el <strong>placer <\/strong>por encima de todo, es com\u00fan la sensaci\u00f3n de <strong>vac\u00edo emocional<\/strong> provocado por el estr\u00e9s, la falta de tiempo para uno mismo y una alimentaci\u00f3n desequilibrada. Esto nos lleva a satisfacer de forma inminente nuestros deseos con <strong>cosas que no necesitamos <\/strong>pero que s\u00ed creemos que pueden llenar el vac\u00edo existencial que sentimos, como por ejemplo con la comida.\n<\/p>\n<p><h3 class=\"voc-detail__title\"> C\u00f3mo terminar con este mal uso de la comida para paliar la ansiedad<br \/>\n<\/h3>\n<\/p>\n<p class=\"voc-paragraph\">El cient\u00edfico <strong>David Kessler<\/strong> se\u00f1ala c\u00f3mo la combinaci\u00f3n de ingredientes altamente palatables, la publicidad agresiva y el marketing de alimentos procesados ha contribuido al abuso de la comida y la obesidad. Argumenta que la industria alimentaria ha dise\u00f1ado estrat\u00e9gicamente alimentos con una combinaci\u00f3n de sal, az\u00facar y grasa para maximizar su atractivo y crear una especie de <strong>adicci\u00f3n <\/strong>en las personas. <\/p>\n<div class=\"voc-detail__cmp\">\n<div class=\"voc-article-container\">\n<article class=\"voc-article voc-article--cmp-photo-text\" readability=\"26\">\n<div class=\"voc-img-container\" readability=\"7\"><picture>\n<div class=\"voc-horizontal voc-img-icon-link\"><img class=\"lazy adsviu_analyse\" loading=\"lazy\" data-original=\"\/\/static3.mujerhoy.com\/www\/multimedia\/202310\/09\/media\/cortadas\/comida-emociones-alejandra-menassa-lucia-kYUD--624x624@MujerHoy.jpg\" alt=\"Mujer comiendo una hamburguesa. \"><\/div>\n<\/picture>\n<p class=\"figure-caption \"> Mujer comiendo una hamburguesa. \/ <span class=\"voc-photo-author\"> Foto de Szab\u00f3 Viktor en Pexels. <\/span><\/p>\n<\/div>\n<\/article>\n<\/div>\n<\/div>\n<p class=\"voc-paragraph\">Compara este uso de la comida con el abuso de las compras y el consumo innecesario de Internet como medio para conseguir<br \/>\n<strong> una sensaci\u00f3n r\u00e1pida de bienestar<\/strong>, lo que conlleva un componente adictivo. Este comportamiento, lejos de proporcionarnos placer a largo plazo, nos lleva a sentir una sensaci\u00f3n de <strong>mediocridad<\/strong>.\n<\/p>\n<p class=\"voc-paragraph\">\u00bfY c\u00f3mo podemos acabar con esto? Seg\u00fan <strong>Alejandra Menassa de Lucia <\/strong>\u00abes posible comenzar a hacer peque\u00f1os cambios en nuestro estilo de vida que nos ayuden, poco a poco, a <strong>comprendernos, escucharnos<\/strong> y alejarnos del ruido que nos impide pensar con claridad para devolvernos a nuestra esencia. Esto implica desapegarse de la idea de que la felicidad y el bienestar se encuentran en el <strong>consumo <\/strong>constante de productos, experiencias y, c\u00f3mo no, tambi\u00e9n de la comida\u00ab.\n<\/p>\n<p class=\"voc-paragraph\">Por ello, desde<br \/>\n<strong> miayuno.es<\/strong> proponen la pr\u00e1ctica de <strong>comer de forma consciente<\/strong>, promoviendo una atenci\u00f3n plena a lo que estamos comiendo, saboreando cada bocado y prestando atenci\u00f3n a las se\u00f1ales de saciedad que env\u00eda el cuerpo. \u00abAl adoptar esta pr\u00e1ctica, se fomenta<br \/>\n<strong> una relaci\u00f3n saludable con la comida <\/strong>y se evita el consumo excesivo, que a menudo es una respuesta al vac\u00edo emocional\u00ab, asegura la experta.\n<\/p>\n<p><h3 class=\"voc-detail__title\"> El ayuno como m\u00e9todo para recuperar una relaci\u00f3n sana con la comida<br \/>\n<\/h3>\n<\/p>\n<p class=\"voc-paragraph\">Seg\u00fan nos comenta la experta,<br \/>\n<strong> el ayuno <\/strong>puede ayudar a superar los comportamientos compulsivos y la sensaci\u00f3n de vac\u00edo alrededor de la comida. Y es que, al <strong>comer de forma consciente<\/strong>, podemos nutrirnos no solo f\u00edsicamente, sino tambi\u00e9n emocional y espiritualmente.\n<\/p>\n<p class=\"voc-paragraph\">Pero el ayuno tiene otros <strong>beneficios <\/strong>a nivel f\u00edsico y de salud. Para empezar, activa la autofagia, un proceso que elimina y recicla las c\u00e9lulas da\u00f1adas, lo que promueve la regeneraci\u00f3n celular. Adem\u00e1s, mejora la sensibilidad a la insulina, regula los niveles de az\u00facar en la sangre y reduce la inflamaci\u00f3n, asociada con enfermedades como c\u00e1ncer u obesidad.\n<\/p>\n<p><!-- TOPICS --><\/p>\n","protected":false},"excerpt":{"rendered":"<p>No siempre que comemos lo hacemos por hambre. En una sociedad de consumo como la nuestra, comer se ha convertido en una forma m\u00e1s de tapar la ansiedad, como comprar compulsivamente, por ejemplo. Podemos comer por simple aburrimiento, lo conocido como hambre emocional o esconder problemas m\u00e1s graves, como un vac\u00edo emocional que tratamos de [&hellip;]<\/p>\n","protected":false},"author":1,"featured_media":68094,"comment_status":"closed","ping_status":"closed","sticky":false,"template":"","format":"standard","meta":[],"categories":[1],"tags":[],"_links":{"self":[{"href":"http:\/\/hoycordobaweb.com\/index.php\/wp-json\/wp\/v2\/posts\/68093"}],"collection":[{"href":"http:\/\/hoycordobaweb.com\/index.php\/wp-json\/wp\/v2\/posts"}],"about":[{"href":"http:\/\/hoycordobaweb.com\/index.php\/wp-json\/wp\/v2\/types\/post"}],"author":[{"embeddable":true,"href":"http:\/\/hoycordobaweb.com\/index.php\/wp-json\/wp\/v2\/users\/1"}],"replies":[{"embeddable":true,"href":"http:\/\/hoycordobaweb.com\/index.php\/wp-json\/wp\/v2\/comments?post=68093"}],"version-history":[{"count":0,"href":"http:\/\/hoycordobaweb.com\/index.php\/wp-json\/wp\/v2\/posts\/68093\/revisions"}],"wp:featuredmedia":[{"embeddable":true,"href":"http:\/\/hoycordobaweb.com\/index.php\/wp-json\/wp\/v2\/media\/68094"}],"wp:attachment":[{"href":"http:\/\/hoycordobaweb.com\/index.php\/wp-json\/wp\/v2\/media?parent=68093"}],"wp:term":[{"taxonomy":"category","embeddable":true,"href":"http:\/\/hoycordobaweb.com\/index.php\/wp-json\/wp\/v2\/categories?post=68093"},{"taxonomy":"post_tag","embeddable":true,"href":"http:\/\/hoycordobaweb.com\/index.php\/wp-json\/wp\/v2\/tags?post=68093"}],"curies":[{"name":"wp","href":"https:\/\/api.w.org\/{rel}","templated":true}]}}