{"id":68061,"date":"2023-10-09T08:47:00","date_gmt":"2023-10-09T08:47:00","guid":{"rendered":"https:\/\/fm-comunicar.com.ar\/contenido\/20800\/la-mujer-que-mato-al-ladron-en-la-granja-habria-actuado-en-legitima-defensa"},"modified":"2023-10-09T08:47:00","modified_gmt":"2023-10-09T08:47:00","slug":"la-mujer-que-mato-al-ladron-en-la-granja-habria-actuado-en-legitima-defensa","status":"publish","type":"post","link":"http:\/\/hoycordobaweb.com\/index.php\/2023\/10\/09\/la-mujer-que-mato-al-ladron-en-la-granja-habria-actuado-en-legitima-defensa\/","title":{"rendered":"La mujer que mat\u00f3 al ladr\u00f3n en La Granja habr\u00eda actuado en leg\u00edtima defensa"},"content":{"rendered":"<p>Por ahora, la Fiscal\u00eda decidi\u00f3 no imputarla y dejarla en libertad. El ladr\u00f3n era de Sierras y Parque y ten\u00eda antecedentes por varios delitos. El hecho ocurri\u00f3 el s\u00e1bado a la noche.<img src=\"http:\/\/hoycordobaweb.com\/wp-content\/uploads\/2023\/10\/la-mujer-que-mato-al-ladron-en-la-granja-habria-actuado-en-legitima-defensa.jpg\"><\/p>\n","protected":false},"excerpt":{"rendered":"<p>Por ahora, la Fiscal\u00eda decidi\u00f3 no imputarla y dejarla en libertad. El ladr\u00f3n era de Sierras y Parque y ten\u00eda antecedentes por varios delitos. El hecho ocurri\u00f3 el s\u00e1bado a la noche.<\/p>\n","protected":false},"author":1,"featured_media":68062,"comment_status":"closed","ping_status":"closed","sticky":false,"template":"","format":"standard","meta":[],"categories":[18],"tags":[],"_links":{"self":[{"href":"http:\/\/hoycordobaweb.com\/index.php\/wp-json\/wp\/v2\/posts\/68061"}],"collection":[{"href":"http:\/\/hoycordobaweb.com\/index.php\/wp-json\/wp\/v2\/posts"}],"about":[{"href":"http:\/\/hoycordobaweb.com\/index.php\/wp-json\/wp\/v2\/types\/post"}],"author":[{"embeddable":true,"href":"http:\/\/hoycordobaweb.com\/index.php\/wp-json\/wp\/v2\/users\/1"}],"replies":[{"embeddable":true,"href":"http:\/\/hoycordobaweb.com\/index.php\/wp-json\/wp\/v2\/comments?post=68061"}],"version-history":[{"count":0,"href":"http:\/\/hoycordobaweb.com\/index.php\/wp-json\/wp\/v2\/posts\/68061\/revisions"}],"wp:featuredmedia":[{"embeddable":true,"href":"http:\/\/hoycordobaweb.com\/index.php\/wp-json\/wp\/v2\/media\/68062"}],"wp:attachment":[{"href":"http:\/\/hoycordobaweb.com\/index.php\/wp-json\/wp\/v2\/media?parent=68061"}],"wp:term":[{"taxonomy":"category","embeddable":true,"href":"http:\/\/hoycordobaweb.com\/index.php\/wp-json\/wp\/v2\/categories?post=68061"},{"taxonomy":"post_tag","embeddable":true,"href":"http:\/\/hoycordobaweb.com\/index.php\/wp-json\/wp\/v2\/tags?post=68061"}],"curies":[{"name":"wp","href":"https:\/\/api.w.org\/{rel}","templated":true}]}}